{"id":2601,"date":"2019-08-22T11:24:21","date_gmt":"2019-08-22T14:24:21","guid":{"rendered":"http:\/\/oasisfm935.com\/site\/?p=2601"},"modified":"2019-08-22T11:25:19","modified_gmt":"2019-08-22T14:25:19","slug":"luiggi-se-viene-el-mes-aniversario-con-una-amplia-agenda-cultural","status":"publish","type":"post","link":"https:\/\/oasisfm935.com.ar\/site\/luiggi-se-viene-el-mes-aniversario-con-una-amplia-agenda-cultural\/","title":{"rendered":"Luiggi: Se viene el mes aniversario con una amplia agenda cultural"},"content":{"rendered":"<p><strong>Las actividades comenzar\u00e1n el jueves 29 de agosto con la instancia zonal de los Juegos Culturales Evita y continuar\u00e1 en septiembre con diversas actividades culturales programadas en el mes aniversario de la localidad.<\/strong><\/p>\n<blockquote><p>El referente de Cultura Pablo Morales explic\u00f3 a\u00a0<strong>Zonal Noticias<\/strong>\u00a0que el jueves 29 Ingeniero Luiggi ser\u00e1 sede los Juegos Culturales, donde se presentar\u00e1n estudiantes secundarios y adultos mayores de toda la regi\u00f3n con vistas a clasificar a la instancia provincial.<\/p><\/blockquote>\n<p><strong>\u201cLas bases ya fueron distribuidas en los colegios de toda la zona\u201d,<\/strong>\u00a0explic\u00f3 Morales.<\/p>\n<p>&nbsp;<\/p>\n<p><strong>Mes aniversario<\/strong><\/p>\n<blockquote><p>En tanto en el mes aniversario de Ingeniero Luiggi se viene una amplia agenda cultural que comenzar\u00e1 el viernes 7 de septiembre en el Centro Cultural Municipal con la presentaci\u00f3n de la obra teatral \u201cTengamos el sexo en paz\u201d protagonizada por Laura Fidalgo, Divina Glria, Mar\u00eda Rosa Fugazot y Silvia Kutika.<\/p><\/blockquote>\n<p>&nbsp;<\/p>\n<p><strong>Los festejos del pueblo continuar\u00e1n el s\u00e1bado 14 en el Centro Cultural Municipal con la presentaci\u00f3n del disco de la artista \u00a0Lucrecia Rodrigo \u201cLEl Baile Pampa\u201d. Adem\u00e1s actuar\u00e1n artistas locales.<\/strong><\/p>\n<blockquote><p><strong>El domingo 15 en el Paseo de la Moneda habr\u00e1 m\u00fasica en vivo \u00a0con artistas locales, y adem\u00e1s llegar\u00e1 a Ingeniero Luiggi el ciclo cultural \u201cCoral La Pampa\u201d que ya va por su XVII edici\u00f3n. \u00a0<\/strong><\/p><\/blockquote>\n<p><strong>Los Caldenes<\/strong><\/p>\n<blockquote><p><strong>El s\u00e1bado 21 ser\u00e1n los festejos centrales en el club Luiggi con la presentaci\u00f3n Los Caldenes, Paola Ruiz D\u00edaz, el artista local Facundo \u201cChichi\u201d Calder\u00f3n, entre otros.<\/strong><\/p>\n<p><strong>\u201cSer\u00e1 un mes con una intensa actividad cultural y musical para celebrar un nuevo aniversario de nuestra localidad\u201d,<\/strong>\u00a0concluy\u00f3 Pablo Morales.<\/p>\n<p>Para mayores informes, los interesados pueden comunicarse al tel\u00e9fono 02335 472234.<\/p><\/blockquote>\n<p>zonal noticias<\/p>\n<div class=\"oasis-despues-del-contenido\" id=\"oasis-3946025504\"><img loading=\"lazy\" decoding=\"async\" src=\"https:\/\/oasisfm935.com.ar\/site\/wp-content\/uploads\/2020\/08\/47806202-8741-49f2-a5c9-d2f930e5baa1.jpg\" alt=\"\"  srcset=\"https:\/\/oasisfm935.com.ar\/site\/wp-content\/uploads\/2020\/08\/47806202-8741-49f2-a5c9-d2f930e5baa1.jpg 1080w, https:\/\/oasisfm935.com.ar\/site\/wp-content\/uploads\/2020\/08\/47806202-8741-49f2-a5c9-d2f930e5baa1-300x300.jpg 300w, https:\/\/oasisfm935.com.ar\/site\/wp-content\/uploads\/2020\/08\/47806202-8741-49f2-a5c9-d2f930e5baa1-1024x1024.jpg 1024w, https:\/\/oasisfm935.com.ar\/site\/wp-content\/uploads\/2020\/08\/47806202-8741-49f2-a5c9-d2f930e5baa1-150x150.jpg 150w, https:\/\/oasisfm935.com.ar\/site\/wp-content\/uploads\/2020\/08\/47806202-8741-49f2-a5c9-d2f930e5baa1-768x768.jpg 768w\" sizes=\"(max-width: 1080px) 100vw, 1080px\" class=\"no-lazyload\" width=\"1080\" height=\"1080\"  style=\"display: inline-block;\" \/><\/div>","protected":false},"excerpt":{"rendered":"<p>Las actividades comenzar\u00e1n el jueves 29 de agosto con la instancia zonal de los Juegos Culturales Evita y continuar\u00e1 en septiembre con<\/p>\n","protected":false},"author":4,"featured_media":2602,"comment_status":"closed","ping_status":"open","sticky":false,"template":"","format":"standard","meta":{"colormag_page_layout":"default_layout","footnotes":""},"categories":[2],"tags":[],"class_list":["post-2601","post","type-post","status-publish","format-standard","has-post-thumbnail","hentry","category-noticias"],"_links":{"self":[{"href":"https:\/\/oasisfm935.com.ar\/site\/wp-json\/wp\/v2\/posts\/2601","targetHints":{"allow":["GET"]}}],"collection":[{"href":"https:\/\/oasisfm935.com.ar\/site\/wp-json\/wp\/v2\/posts"}],"about":[{"href":"https:\/\/oasisfm935.com.ar\/site\/wp-json\/wp\/v2\/types\/post"}],"author":[{"embeddable":true,"href":"https:\/\/oasisfm935.com.ar\/site\/wp-json\/wp\/v2\/users\/4"}],"replies":[{"embeddable":true,"href":"https:\/\/oasisfm935.com.ar\/site\/wp-json\/wp\/v2\/comments?post=2601"}],"version-history":[{"count":1,"href":"https:\/\/oasisfm935.com.ar\/site\/wp-json\/wp\/v2\/posts\/2601\/revisions"}],"predecessor-version":[{"id":2603,"href":"https:\/\/oasisfm935.com.ar\/site\/wp-json\/wp\/v2\/posts\/2601\/revisions\/2603"}],"wp:featuredmedia":[{"embeddable":true,"href":"https:\/\/oasisfm935.com.ar\/site\/wp-json\/wp\/v2\/media\/2602"}],"wp:attachment":[{"href":"https:\/\/oasisfm935.com.ar\/site\/wp-json\/wp\/v2\/media?parent=2601"}],"wp:term":[{"taxonomy":"category","embeddable":true,"href":"https:\/\/oasisfm935.com.ar\/site\/wp-json\/wp\/v2\/categories?post=2601"},{"taxonomy":"post_tag","embeddable":true,"href":"https:\/\/oasisfm935.com.ar\/site\/wp-json\/wp\/v2\/tags?post=2601"}],"curies":[{"name":"wp","href":"https:\/\/api.w.org\/{rel}","templated":true}]}}