{"id":2607,"date":"2019-08-23T12:20:28","date_gmt":"2019-08-23T15:20:28","guid":{"rendered":"http:\/\/oasisfm935.com\/site\/?p=2607"},"modified":"2019-08-23T12:20:28","modified_gmt":"2019-08-23T15:20:28","slug":"hay-una-recesion-total-en-agosto-se-frenaron-todas-las-inversiones-advirtio-unilpa","status":"publish","type":"post","link":"https:\/\/oasisfm935.com.ar\/site\/hay-una-recesion-total-en-agosto-se-frenaron-todas-las-inversiones-advirtio-unilpa\/","title":{"rendered":"\u00abHay una recesi\u00f3n total, en agosto se frenaron todas las inversiones\u00bb, advirti\u00f3 Unilpa"},"content":{"rendered":"<p>El presidente de la\u00a0<strong>Uni\u00f3n Industrial de La Pampa<\/strong>, Rub\u00e9n Gorordo, dijo a Diario Textual que hay una\u00a0<strong>\u00abrecesi\u00f3n total\u00bb<\/strong>\u00a0y revel\u00f3 que en la industria metalmec\u00e1nica, por ejemplo,\u00a0<strong>\u00abse cancelaron todas las inversiones\u00bb<\/strong>. Asegur\u00f3 que hoy\u00a0<strong>\u00abel industrial pyme no vende nada\u00bb.<\/strong><\/p>\n<p>Ayer el Indec revel\u00f3 que la actividad econ\u00f3mica cay\u00f3 2,6% en el primer semestre del a\u00f1o, en relaci\u00f3n con igual per\u00edodo del a\u00f1o pasado. La industria baj\u00f3 6,1%, la generaci\u00f3n de agua, electricidad y gas retrocedi\u00f3 10,6%, construcci\u00f3n 7,9% y comercio mayorista y minorista 8,6% en t\u00e9rminos interanuales.<\/p>\n<p><a href=\"http:\/\/oasisfm935.com\/site\/wp-content\/uploads\/2019\/08\/industrias555.jpg\"><img loading=\"lazy\" decoding=\"async\" class=\"alignnone size-full wp-image-2608\" src=\"http:\/\/oasisfm935.com\/site\/wp-content\/uploads\/2019\/08\/industrias555.jpg\" alt=\"\" width=\"887\" height=\"580\" srcset=\"https:\/\/oasisfm935.com.ar\/site\/wp-content\/uploads\/2019\/08\/industrias555.jpg 887w, https:\/\/oasisfm935.com.ar\/site\/wp-content\/uploads\/2019\/08\/industrias555-300x196.jpg 300w, https:\/\/oasisfm935.com.ar\/site\/wp-content\/uploads\/2019\/08\/industrias555-768x502.jpg 768w\" sizes=\"auto, (max-width: 887px) 100vw, 887px\" \/><\/a><\/p>\n<p>Gorordo dijo que en La Pampa la industria est\u00e1 pasando por un muy mal momento.<strong>\u00a0\u00abHay una recesi\u00f3n total. El industrial pyme no vende nada, est\u00e1 todo paralizado\u00bb<\/strong>, advirti\u00f3.<\/p>\n<p><strong>\u00abEl consumidor compra lo justo y lo necesario. En la industria metalmec\u00e1nica, por ejemplo, se cancelaron las inversiones previstas por el valor de la chapa, que es en d\u00f3lares. Y as\u00ed podemos encontrar un mont\u00f3n de rubros que est\u00e1n frenados por estas semanas muy locas que se vivieron por la corrida cambiaria\u00bb<\/strong>, explic\u00f3<\/p>\n<p>El dirigente industrial asegur\u00f3 que la crisis se agrav\u00f3 en agosto. \u00abHasta julio el industrial pampeano segu\u00eda caminando despacito, hab\u00eda pymes con problemas, pero se pod\u00eda sobrellevar la situaci\u00f3n. En agosto se par\u00f3 todo, desapareci\u00f3 el cr\u00e9dito, no hay dinero para invertir\u00bb, dijo.<\/p>\n<p>\u00abEsperemos que esta situaci\u00f3n se calme y haya nuevas reglas para que la industria pueda reactivarse\u00bb, reclam\u00f3.<\/p>\n<div class=\"oasis-despues-del-contenido\" id=\"oasis-4199146490\"><img loading=\"lazy\" decoding=\"async\" src=\"https:\/\/oasisfm935.com.ar\/site\/wp-content\/uploads\/2020\/08\/47806202-8741-49f2-a5c9-d2f930e5baa1.jpg\" alt=\"\"  srcset=\"https:\/\/oasisfm935.com.ar\/site\/wp-content\/uploads\/2020\/08\/47806202-8741-49f2-a5c9-d2f930e5baa1.jpg 1080w, https:\/\/oasisfm935.com.ar\/site\/wp-content\/uploads\/2020\/08\/47806202-8741-49f2-a5c9-d2f930e5baa1-300x300.jpg 300w, https:\/\/oasisfm935.com.ar\/site\/wp-content\/uploads\/2020\/08\/47806202-8741-49f2-a5c9-d2f930e5baa1-1024x1024.jpg 1024w, https:\/\/oasisfm935.com.ar\/site\/wp-content\/uploads\/2020\/08\/47806202-8741-49f2-a5c9-d2f930e5baa1-150x150.jpg 150w, https:\/\/oasisfm935.com.ar\/site\/wp-content\/uploads\/2020\/08\/47806202-8741-49f2-a5c9-d2f930e5baa1-768x768.jpg 768w\" sizes=\"(max-width: 1080px) 100vw, 1080px\" class=\"no-lazyload\" width=\"1080\" height=\"1080\"  style=\"display: inline-block;\" \/><\/div>","protected":false},"excerpt":{"rendered":"<p>El presidente de la\u00a0Uni\u00f3n Industrial de La Pampa, Rub\u00e9n Gorordo, dijo a Diario Textual que hay una\u00a0\u00abrecesi\u00f3n total\u00bb\u00a0y revel\u00f3 que en la<\/p>\n","protected":false},"author":4,"featured_media":2559,"comment_status":"closed","ping_status":"open","sticky":false,"template":"","format":"standard","meta":{"colormag_page_layout":"default_layout","footnotes":""},"categories":[2],"tags":[],"class_list":["post-2607","post","type-post","status-publish","format-standard","has-post-thumbnail","hentry","category-noticias"],"_links":{"self":[{"href":"https:\/\/oasisfm935.com.ar\/site\/wp-json\/wp\/v2\/posts\/2607","targetHints":{"allow":["GET"]}}],"collection":[{"href":"https:\/\/oasisfm935.com.ar\/site\/wp-json\/wp\/v2\/posts"}],"about":[{"href":"https:\/\/oasisfm935.com.ar\/site\/wp-json\/wp\/v2\/types\/post"}],"author":[{"embeddable":true,"href":"https:\/\/oasisfm935.com.ar\/site\/wp-json\/wp\/v2\/users\/4"}],"replies":[{"embeddable":true,"href":"https:\/\/oasisfm935.com.ar\/site\/wp-json\/wp\/v2\/comments?post=2607"}],"version-history":[{"count":1,"href":"https:\/\/oasisfm935.com.ar\/site\/wp-json\/wp\/v2\/posts\/2607\/revisions"}],"predecessor-version":[{"id":2609,"href":"https:\/\/oasisfm935.com.ar\/site\/wp-json\/wp\/v2\/posts\/2607\/revisions\/2609"}],"wp:featuredmedia":[{"embeddable":true,"href":"https:\/\/oasisfm935.com.ar\/site\/wp-json\/wp\/v2\/media\/2559"}],"wp:attachment":[{"href":"https:\/\/oasisfm935.com.ar\/site\/wp-json\/wp\/v2\/media?parent=2607"}],"wp:term":[{"taxonomy":"category","embeddable":true,"href":"https:\/\/oasisfm935.com.ar\/site\/wp-json\/wp\/v2\/categories?post=2607"},{"taxonomy":"post_tag","embeddable":true,"href":"https:\/\/oasisfm935.com.ar\/site\/wp-json\/wp\/v2\/tags?post=2607"}],"curies":[{"name":"wp","href":"https:\/\/api.w.org\/{rel}","templated":true}]}}