{"id":2610,"date":"2019-08-24T18:06:25","date_gmt":"2019-08-24T21:06:25","guid":{"rendered":"http:\/\/oasisfm935.com\/site\/?p=2610"},"modified":"2019-08-24T18:14:01","modified_gmt":"2019-08-24T21:14:01","slug":"ingeniero-luiggi-preocupa-la-situacion-de-hacinamiento-en-el-nivel-educativo-inicial","status":"publish","type":"post","link":"https:\/\/oasisfm935.com.ar\/site\/ingeniero-luiggi-preocupa-la-situacion-de-hacinamiento-en-el-nivel-educativo-inicial\/","title":{"rendered":"INGENIERO LUIGGI: PREOCUPA LA SITUACI\u00d3N DE HACINAMIENTO EN EL NIVEL EDUCATIVO INICIAL"},"content":{"rendered":"<p>&nbsp;<\/p>\n<p>La secretaria general de la Seccional UTELPa Ingeniero Luiggi, Mirta Salvadori, record\u00f3 la promesa incumplida de la construcci\u00f3n del jard\u00edn por parte del presidente Mauricio Macri, y la demanda que tiene la localidad para las y los ni\u00f1os de preescolar.<ins class=\"adsbygoogle\" data-ad-client=\"ca-pub-7250018434179914\" data-ad-slot=\"1040343543\" data-adsbygoogle-status=\"done\"><ins id=\"aswift_1_expand\"><ins id=\"aswift_1_anchor\"><\/ins><\/ins><\/ins><\/p>\n<p>En el marco del Congreso Pol\u00edtico Pedag\u00f3gico que se desarroll\u00f3 este s\u00e1bado en Santa Rosa, Salvadori, dijo a Plan B que \u00abse trata de una necesidad que tenemos por la importante demanda que tenemos en el nivel inicial\u00bb.<\/p>\n<p><img loading=\"lazy\" decoding=\"async\" class=\"wp-image-187046 size-medium alignright\" src=\"http:\/\/www.planbnoticias.com.ar\/wp-content\/uploads\/2019\/08\/mirta-salvadori-utelpa-luiggi-189x300.jpg\" alt=\"\" width=\"189\" height=\"300\" \/><\/p>\n<p>\u00abEl gobierno nacional prometi\u00f3 la construcci\u00f3n de un edificio para los chiquitos y no la cumpli\u00f3\u00bb, record\u00f3 la dirigente docente y plante\u00f3 que \u00ablas condiciones edilicias por las que atraviesan en este momento no son buenas, hay bastantes problemas de funcionamiento, dentro de un espacio reducido y con una importante cantidad de alumnos\u00bb.<\/p>\n<p>Salvadori revel\u00f3 que \u00abno solo no alcanza la estructura edilicia, sino que existen convenios con otras instituciones educativas para que puedan albergar la matricula\u00bb.<\/p>\n<p>El gobierno pampeano se propuso finalizar esa obra. Sobre esto, la referente de UTELPa Luiggi, se mostr\u00f3 optimista con que \u00aben 2020 ese edificio ya est\u00e9 en funcionamiento\u00bb, dijo y a\u00f1adi\u00f3 que \u00abesto cambia las condiciones de los chicos y su bienestar que pasan de un edificio a otro, y de las docentes en las condiciones laborales\u00bb.<\/p>\n<p>Las obras de los jardines de infantes para La Pampa fueron licitadas en septiembre de 2016. Casi tres a\u00f1os despu\u00e9s, ninguna de las obras se termin\u00f3.<\/p>\n<p>Por su parte, la secretaria de Prensa de UTELPa y adjunta de la Seccional Luiggi, Claudia Calder\u00f3n, manifest\u00f3 adem\u00e1s que hay una demanda en el nivel educativo secundario respecto a las adicciones. \u00abFalta trabajar sobre eso y como sindicato formamos parte de una mesa de gesti\u00f3n con el Municipio, donde no se ha podido avanzar sobre esta problem\u00e1tica\u00bb. \u00abLo mismo tambi\u00e9n pasa con la Educaci\u00f3n Sexual Integral. Es una de las principales demandas que plantean los chicos\u00bb.<\/p>\n<p>\u00abHemos hecho encuentros, pero hay que avanzar mucho no solo con los chicos y familias, sino tambi\u00e9n con nuestros compa\u00f1eros por prejuicios, miedos, o situaciones que ocurren con la educaci\u00f3n sexual que se dan y que nos paralizan sobre temas que las y los chicos demandan constantemente y sobre los que hay que trabajar\u00bb, expres\u00f3.<\/p>\n<p>&nbsp;<\/p>\n<p>Plan B<\/p>\n<div class=\"oasis-despues-del-contenido\" id=\"oasis-636836215\"><img loading=\"lazy\" decoding=\"async\" src=\"https:\/\/oasisfm935.com.ar\/site\/wp-content\/uploads\/2020\/08\/47806202-8741-49f2-a5c9-d2f930e5baa1.jpg\" alt=\"\"  srcset=\"https:\/\/oasisfm935.com.ar\/site\/wp-content\/uploads\/2020\/08\/47806202-8741-49f2-a5c9-d2f930e5baa1.jpg 1080w, https:\/\/oasisfm935.com.ar\/site\/wp-content\/uploads\/2020\/08\/47806202-8741-49f2-a5c9-d2f930e5baa1-300x300.jpg 300w, https:\/\/oasisfm935.com.ar\/site\/wp-content\/uploads\/2020\/08\/47806202-8741-49f2-a5c9-d2f930e5baa1-1024x1024.jpg 1024w, https:\/\/oasisfm935.com.ar\/site\/wp-content\/uploads\/2020\/08\/47806202-8741-49f2-a5c9-d2f930e5baa1-150x150.jpg 150w, https:\/\/oasisfm935.com.ar\/site\/wp-content\/uploads\/2020\/08\/47806202-8741-49f2-a5c9-d2f930e5baa1-768x768.jpg 768w\" sizes=\"(max-width: 1080px) 100vw, 1080px\" class=\"no-lazyload\" width=\"1080\" height=\"1080\"  style=\"display: inline-block;\" \/><\/div>","protected":false},"excerpt":{"rendered":"<p>&nbsp; La secretaria general de la Seccional UTELPa Ingeniero Luiggi, Mirta Salvadori, record\u00f3 la promesa incumplida de la construcci\u00f3n del jard\u00edn por<\/p>\n","protected":false},"author":4,"featured_media":2611,"comment_status":"closed","ping_status":"open","sticky":false,"template":"","format":"standard","meta":{"colormag_page_layout":"default_layout","footnotes":""},"categories":[2],"tags":[],"class_list":["post-2610","post","type-post","status-publish","format-standard","has-post-thumbnail","hentry","category-noticias"],"_links":{"self":[{"href":"https:\/\/oasisfm935.com.ar\/site\/wp-json\/wp\/v2\/posts\/2610","targetHints":{"allow":["GET"]}}],"collection":[{"href":"https:\/\/oasisfm935.com.ar\/site\/wp-json\/wp\/v2\/posts"}],"about":[{"href":"https:\/\/oasisfm935.com.ar\/site\/wp-json\/wp\/v2\/types\/post"}],"author":[{"embeddable":true,"href":"https:\/\/oasisfm935.com.ar\/site\/wp-json\/wp\/v2\/users\/4"}],"replies":[{"embeddable":true,"href":"https:\/\/oasisfm935.com.ar\/site\/wp-json\/wp\/v2\/comments?post=2610"}],"version-history":[{"count":2,"href":"https:\/\/oasisfm935.com.ar\/site\/wp-json\/wp\/v2\/posts\/2610\/revisions"}],"predecessor-version":[{"id":2614,"href":"https:\/\/oasisfm935.com.ar\/site\/wp-json\/wp\/v2\/posts\/2610\/revisions\/2614"}],"wp:featuredmedia":[{"embeddable":true,"href":"https:\/\/oasisfm935.com.ar\/site\/wp-json\/wp\/v2\/media\/2611"}],"wp:attachment":[{"href":"https:\/\/oasisfm935.com.ar\/site\/wp-json\/wp\/v2\/media?parent=2610"}],"wp:term":[{"taxonomy":"category","embeddable":true,"href":"https:\/\/oasisfm935.com.ar\/site\/wp-json\/wp\/v2\/categories?post=2610"},{"taxonomy":"post_tag","embeddable":true,"href":"https:\/\/oasisfm935.com.ar\/site\/wp-json\/wp\/v2\/tags?post=2610"}],"curies":[{"name":"wp","href":"https:\/\/api.w.org\/{rel}","templated":true}]}}