{"id":2615,"date":"2019-08-24T18:38:24","date_gmt":"2019-08-24T21:38:24","guid":{"rendered":"http:\/\/oasisfm935.com\/site\/?p=2615"},"modified":"2019-08-24T18:43:33","modified_gmt":"2019-08-24T21:43:33","slug":"se-movilizaron-en-santa-rosa-a-favor-de-mauricio-macri","status":"publish","type":"post","link":"https:\/\/oasisfm935.com.ar\/site\/se-movilizaron-en-santa-rosa-a-favor-de-mauricio-macri\/","title":{"rendered":"Se movilizaron en Santa Rosa a favor de Mauricio Macri"},"content":{"rendered":"<p>&nbsp;<\/p>\n<p>En Santa Rosa, como en el Obelisco de Buenos Aires y las principales plazas del pa\u00eds,<strong>\u00a0hubo una movilizaci\u00f3n en respaldo al presidente Mauricio Macri<\/strong>. En la capital provincial fueron unos<strong>\u00a0400 militantes y simpatizantes<\/strong>\u00a0del PRO, Mofepa y la UCR que se reunieron desde las 17 horas y dieron una vuelta por la plaza San Mart\u00edn y luego cantaron el Himno Nacional. El acto lo cerr\u00f3 el diputado provincial Maximiliano Aliaga.\u00a0<strong>\u00abNecesitamos fiscales\u00bb<\/strong>, grit\u00f3 debajo del Monumento a San Mart\u00edn.<\/p>\n<p><img loading=\"lazy\" decoding=\"async\" class=\"alignnone wp-image-60592 size-large\" src=\"http:\/\/diariotextual.com\/inicio\/wp-content\/uploads\/2019\/08\/cambiemosmanifestacion24-8-2019-3-1024x601.jpg\" alt=\"\" width=\"1024\" height=\"601\" \/><\/p>\n<p>El encuentro tuvo\u00a0<strong>una ausencia destacada<\/strong>: el candidato a diputado nacional por Juntos por el Cambio,<strong>\u00a0Mart\u00edn Berhongaray<\/strong>. Tampoco se lo vio al intendente\u00a0<strong>Leandro Altolaguirre<\/strong>\u00a0ni a otros legisladores provinciales del radicalismo.<\/p>\n<p>Igual hubo dirigentes del radicalismo, como el presidente del Comit\u00e9 Capital,\u00a0<strong>Hip\u00f3lito \u00abPoli\u00bb Altolaguirre<\/strong>; el viceintendente\u00a0<strong>Jorge \u00abPampa\u00bb Dom\u00ednguez<\/strong>; y una decena de funcionarios municipales.<\/p>\n<p>Los que coparon la parada fueron los macristas. Entre ellos,\u00a0<strong>Adriana Leher<\/strong>, diputada provincial y segunda candidata a diputada nacional; y la diputada provincial\u00a0<strong>Josefina D\u00edaz<\/strong>.<\/p>\n<p><strong>\u00abS\u00ed se puede, s\u00ed se puede\u00bb y \u00abArgentina y Argentina\u00bb, fueron los c\u00e1nticos m\u00e1s populares.<\/strong>\u00a0Prudentes, frente al cachetazo de las PASO, no cantaron \u00abNo vuelven m\u00e1s\u00bb.<\/p>\n<p>Con estas manifestaciones,\u00a0la dirigencia macrista tuvo\u00a0<strong>un term\u00f3metro para ver qu\u00e9 tan grave es el impacto an\u00edmico de la derrota de las PASO<\/strong>\u00a0en el \u00e1nimo de la militancia.<\/p>\n<p>La aplastante derrota del 11 de agosto cal\u00f3 muy hondo en el \u00e1nimo de Juntos por el Cambio, a tal punto que el propio presidente admiti\u00f3 que el resultado que consagr\u00f3 a la f\u00f3rmula del Frente de Todos fue un \u00abpalazo\u00bb para el macrismo. Por eso, desde el oficialismo ahora trabajan para levantar la moral de la tropa de cara a los comicios generales del 27 de octubre.<\/p>\n<div class=\"g g-1\">\n<div class=\"g-single a-4\"><\/div>\n<\/div>\n<p>Saben que el triunfo de Alberto Fern\u00e1ndez en las primarias por unos 15 puntos de diferencia ser\u00e1 muy complicado de revertir. No obstante, la estrategia es no mostrarse vencidos ni debilitados, para generar un efecto contagio en el electorado y que no los abandonen en las urnas.<\/p>\n<p>Estas manifestaciones formaron parte de la nueva estrategia del equipo de campa\u00f1a de Juntos por el Cambio, que difundi\u00f3 en las redes sociales diversos hashtags de cara a las elecciones generales de octubre, en las que el Gobierno buscar\u00e1 recortar la amplia diferencia que obtuvo el postulante del Frente de Todos, Alberto Fern\u00e1ndez, para lograr que se realice un balotaje.<\/p>\n<p><img loading=\"lazy\" decoding=\"async\" class=\"alignnone wp-image-60593 size-large\" src=\"http:\/\/diariotextual.com\/inicio\/wp-content\/uploads\/2019\/08\/cambiemosmanifestacion24-8-2019-4-1024x664.jpg\" alt=\"\" width=\"1024\" height=\"664\" \/><img loading=\"lazy\" decoding=\"async\" class=\"alignnone wp-image-60594 size-large\" src=\"http:\/\/diariotextual.com\/inicio\/wp-content\/uploads\/2019\/08\/cambiemosmanifestacion24-8-2019-5-1024x633.jpg\" alt=\"\" width=\"1024\" height=\"633\" \/><\/p>\n<p><img loading=\"lazy\" decoding=\"async\" class=\"alignnone wp-image-60591 size-large\" src=\"http:\/\/diariotextual.com\/inicio\/wp-content\/uploads\/2019\/08\/cambiemosmanifestacion24-8-2019-2-1024x655.jpg\" alt=\"\" width=\"1024\" height=\"655\" \/><img loading=\"lazy\" decoding=\"async\" class=\"alignnone wp-image-60595 size-large\" src=\"http:\/\/diariotextual.com\/inicio\/wp-content\/uploads\/2019\/08\/cambiemosmanifestacion24-8-2019-6-1024x660.jpg\" alt=\"\" width=\"1024\" height=\"660\" \/><img loading=\"lazy\" decoding=\"async\" class=\"alignnone wp-image-60596 size-large\" src=\"http:\/\/diariotextual.com\/inicio\/wp-content\/uploads\/2019\/08\/cambiemosmanifestacion24-8-2019-7-1024x640.jpg\" alt=\"\" width=\"1024\" height=\"640\" \/><\/p>\n<p>Diario textual<\/p>\n<div class=\"oasis-despues-del-contenido\" id=\"oasis-3329092919\"><img loading=\"lazy\" decoding=\"async\" src=\"https:\/\/oasisfm935.com.ar\/site\/wp-content\/uploads\/2020\/08\/47806202-8741-49f2-a5c9-d2f930e5baa1.jpg\" alt=\"\"  srcset=\"https:\/\/oasisfm935.com.ar\/site\/wp-content\/uploads\/2020\/08\/47806202-8741-49f2-a5c9-d2f930e5baa1.jpg 1080w, https:\/\/oasisfm935.com.ar\/site\/wp-content\/uploads\/2020\/08\/47806202-8741-49f2-a5c9-d2f930e5baa1-300x300.jpg 300w, https:\/\/oasisfm935.com.ar\/site\/wp-content\/uploads\/2020\/08\/47806202-8741-49f2-a5c9-d2f930e5baa1-1024x1024.jpg 1024w, https:\/\/oasisfm935.com.ar\/site\/wp-content\/uploads\/2020\/08\/47806202-8741-49f2-a5c9-d2f930e5baa1-150x150.jpg 150w, https:\/\/oasisfm935.com.ar\/site\/wp-content\/uploads\/2020\/08\/47806202-8741-49f2-a5c9-d2f930e5baa1-768x768.jpg 768w\" sizes=\"(max-width: 1080px) 100vw, 1080px\" class=\"no-lazyload\" width=\"1080\" height=\"1080\"  style=\"display: inline-block;\" \/><\/div>","protected":false},"excerpt":{"rendered":"<p>&nbsp; En Santa Rosa, como en el Obelisco de Buenos Aires y las principales plazas del pa\u00eds,\u00a0hubo una movilizaci\u00f3n en respaldo al<\/p>\n","protected":false},"author":4,"featured_media":2616,"comment_status":"closed","ping_status":"open","sticky":false,"template":"","format":"standard","meta":{"colormag_page_layout":"default_layout","footnotes":""},"categories":[2],"tags":[],"class_list":["post-2615","post","type-post","status-publish","format-standard","has-post-thumbnail","hentry","category-noticias"],"_links":{"self":[{"href":"https:\/\/oasisfm935.com.ar\/site\/wp-json\/wp\/v2\/posts\/2615","targetHints":{"allow":["GET"]}}],"collection":[{"href":"https:\/\/oasisfm935.com.ar\/site\/wp-json\/wp\/v2\/posts"}],"about":[{"href":"https:\/\/oasisfm935.com.ar\/site\/wp-json\/wp\/v2\/types\/post"}],"author":[{"embeddable":true,"href":"https:\/\/oasisfm935.com.ar\/site\/wp-json\/wp\/v2\/users\/4"}],"replies":[{"embeddable":true,"href":"https:\/\/oasisfm935.com.ar\/site\/wp-json\/wp\/v2\/comments?post=2615"}],"version-history":[{"count":2,"href":"https:\/\/oasisfm935.com.ar\/site\/wp-json\/wp\/v2\/posts\/2615\/revisions"}],"predecessor-version":[{"id":2618,"href":"https:\/\/oasisfm935.com.ar\/site\/wp-json\/wp\/v2\/posts\/2615\/revisions\/2618"}],"wp:featuredmedia":[{"embeddable":true,"href":"https:\/\/oasisfm935.com.ar\/site\/wp-json\/wp\/v2\/media\/2616"}],"wp:attachment":[{"href":"https:\/\/oasisfm935.com.ar\/site\/wp-json\/wp\/v2\/media?parent=2615"}],"wp:term":[{"taxonomy":"category","embeddable":true,"href":"https:\/\/oasisfm935.com.ar\/site\/wp-json\/wp\/v2\/categories?post=2615"},{"taxonomy":"post_tag","embeddable":true,"href":"https:\/\/oasisfm935.com.ar\/site\/wp-json\/wp\/v2\/tags?post=2615"}],"curies":[{"name":"wp","href":"https:\/\/api.w.org\/{rel}","templated":true}]}}