{"id":2619,"date":"2019-08-25T17:59:10","date_gmt":"2019-08-25T20:59:10","guid":{"rendered":"http:\/\/oasisfm935.com\/site\/?p=2619"},"modified":"2019-08-25T18:00:31","modified_gmt":"2019-08-25T21:00:31","slug":"hay-humo-en-buena-parte-de-la-pampa","status":"publish","type":"post","link":"https:\/\/oasisfm935.com.ar\/site\/hay-humo-en-buena-parte-de-la-pampa\/","title":{"rendered":"Hay humo en buena parte de La Pampa"},"content":{"rendered":"<header id=\"header\" class=\"header-header-5 has-bottom-line\">\n<div id=\"navigation-sticky-wrapper\" class=\"sticky-wrapper is-sticky\">\n<nav id=\"navigation\" class=\"header-layout-bottom menu-style-1 header-5\">\n<div class=\"container\">\n<div id=\"top-search\"><\/div>\n<\/div>\n<\/nav>\n<\/div>\n<\/header>\n<div class=\"container container-single penci_sidebar right-sidebar penci-enable-lightbox\">\n<div id=\"main\">\n<div class=\"theiaStickySidebar\">\n<article id=\"post-60652\" class=\"post-60652 post type-post status-publish format-standard has-post-thumbnail hentry category-destacadas category-sociedad tag-incendio\">\n<div class=\"post-entry blockquote-style-1\">\n<div class=\"inner-post-entry\">\n<p>En Santa Rosa y localidades del este y norte pampeano, como Catril\u00f3, Lonquimay, Relmo y Can\u00e9, este domingo hay visibilidad reducida por humo.<\/p>\n<p>Las autoridades pampeanas dijeron a Diario Textual que el humo se debe a incendios de quemas prescriptas o autorizadas. \u00abHay quemas prescriptas. Por eso hay humo\u00bb, dijo Luis Clara, jefe de Defensa Civil de La Pampa.<\/p>\n<p>Es posible, adem\u00e1s, que en la semana ingreswn columnas de humo de los incendios del Amazonas, seg\u00fan inform\u00f3 el Servicio Meteorol\u00f3gico Nacional.<\/p>\n<\/div>\n<\/div>\n<\/article>\n<\/div>\n<\/div>\n<\/div>\n<div class=\"oasis-despues-del-contenido\" id=\"oasis-1545420972\"><img loading=\"lazy\" decoding=\"async\" src=\"https:\/\/oasisfm935.com.ar\/site\/wp-content\/uploads\/2020\/08\/47806202-8741-49f2-a5c9-d2f930e5baa1.jpg\" alt=\"\"  srcset=\"https:\/\/oasisfm935.com.ar\/site\/wp-content\/uploads\/2020\/08\/47806202-8741-49f2-a5c9-d2f930e5baa1.jpg 1080w, https:\/\/oasisfm935.com.ar\/site\/wp-content\/uploads\/2020\/08\/47806202-8741-49f2-a5c9-d2f930e5baa1-300x300.jpg 300w, https:\/\/oasisfm935.com.ar\/site\/wp-content\/uploads\/2020\/08\/47806202-8741-49f2-a5c9-d2f930e5baa1-1024x1024.jpg 1024w, https:\/\/oasisfm935.com.ar\/site\/wp-content\/uploads\/2020\/08\/47806202-8741-49f2-a5c9-d2f930e5baa1-150x150.jpg 150w, https:\/\/oasisfm935.com.ar\/site\/wp-content\/uploads\/2020\/08\/47806202-8741-49f2-a5c9-d2f930e5baa1-768x768.jpg 768w\" sizes=\"(max-width: 1080px) 100vw, 1080px\" class=\"no-lazyload\" width=\"1080\" height=\"1080\"  style=\"display: inline-block;\" \/><\/div>","protected":false},"excerpt":{"rendered":"<p>En Santa Rosa y localidades del este y norte pampeano, como Catril\u00f3, Lonquimay, Relmo y Can\u00e9, este domingo hay visibilidad reducida por<\/p>\n","protected":false},"author":4,"featured_media":2620,"comment_status":"closed","ping_status":"open","sticky":false,"template":"","format":"standard","meta":{"colormag_page_layout":"default_layout","footnotes":""},"categories":[2],"tags":[],"class_list":["post-2619","post","type-post","status-publish","format-standard","has-post-thumbnail","hentry","category-noticias"],"_links":{"self":[{"href":"https:\/\/oasisfm935.com.ar\/site\/wp-json\/wp\/v2\/posts\/2619","targetHints":{"allow":["GET"]}}],"collection":[{"href":"https:\/\/oasisfm935.com.ar\/site\/wp-json\/wp\/v2\/posts"}],"about":[{"href":"https:\/\/oasisfm935.com.ar\/site\/wp-json\/wp\/v2\/types\/post"}],"author":[{"embeddable":true,"href":"https:\/\/oasisfm935.com.ar\/site\/wp-json\/wp\/v2\/users\/4"}],"replies":[{"embeddable":true,"href":"https:\/\/oasisfm935.com.ar\/site\/wp-json\/wp\/v2\/comments?post=2619"}],"version-history":[{"count":2,"href":"https:\/\/oasisfm935.com.ar\/site\/wp-json\/wp\/v2\/posts\/2619\/revisions"}],"predecessor-version":[{"id":2622,"href":"https:\/\/oasisfm935.com.ar\/site\/wp-json\/wp\/v2\/posts\/2619\/revisions\/2622"}],"wp:featuredmedia":[{"embeddable":true,"href":"https:\/\/oasisfm935.com.ar\/site\/wp-json\/wp\/v2\/media\/2620"}],"wp:attachment":[{"href":"https:\/\/oasisfm935.com.ar\/site\/wp-json\/wp\/v2\/media?parent=2619"}],"wp:term":[{"taxonomy":"category","embeddable":true,"href":"https:\/\/oasisfm935.com.ar\/site\/wp-json\/wp\/v2\/categories?post=2619"},{"taxonomy":"post_tag","embeddable":true,"href":"https:\/\/oasisfm935.com.ar\/site\/wp-json\/wp\/v2\/tags?post=2619"}],"curies":[{"name":"wp","href":"https:\/\/api.w.org\/{rel}","templated":true}]}}