{"id":264,"date":"2019-01-08T14:41:05","date_gmt":"2019-01-08T17:41:05","guid":{"rendered":"http:\/\/oasisfm935.com\/site\/?p=264"},"modified":"2019-01-08T14:44:06","modified_gmt":"2019-01-08T17:44:06","slug":"el-sacerdote-luis-murri-fue-expulsado-de-la-pampa","status":"publish","type":"post","link":"https:\/\/oasisfm935.com.ar\/site\/el-sacerdote-luis-murri-fue-expulsado-de-la-pampa\/","title":{"rendered":"El sacerdote Luis Murri  fue Expulsado  de La Pampa"},"content":{"rendered":"<p><strong>El sacerdote Luis Murri se quej\u00f3 de \u00abpersecuci\u00f3n\u00bb por parte del obispo Ra\u00fal Mart\u00edn.<\/strong>\u00a0Dijo que lo echaron por \u00abconservador\u00bb.<\/p>\n<p>El obiso de La Pampa,\u00a0<strong>Ra\u00fal Mart\u00edn,<\/strong>\u00a0expuls\u00f3 de la provincia a un sacerdote que estaba en La Pampa desde hace m\u00e1s de 23 a\u00f1os, seg\u00fan dej\u00f3 trascender este \u00faltimo en los \u00faltimos d\u00edas.\u00a0<strong>Seg\u00fan el p\u00e1rroco Luis Murri, la decisi\u00f3n se habr\u00eda tomado a partir de una \u201cpersecuci\u00f3n\u201d en su contra, con el argumento de que es demasiado \u201cconservador\u201d o \u201ctradicional\u201d,<\/strong>\u00a0y por no aggiornarse a pr\u00e1cticas \u201cmodernistas\u201d en la liturgia cat\u00f3lica.<\/p>\n<p>\u201cEl actual obispo, Monse\u00f1or Ra\u00fal Mart\u00edn, me dice que me debo ir. \u00bfLa raz\u00f3n? Seg\u00fan \u00e9l, \u2018cosas que rompen la unidad\u2019, mi \u2018pastoral \u2018no suma\u2019 en la di\u00f3cesis, mi \u2018estilo sacerdotal y mi formaci\u00f3n\u2019, no se adaptan al molde de la \u2018iglesia pampeana&#8217;\u201d, explica Murri en una carta que difundi\u00f3 el portal conservador cat\u00f3lico \u201cAdelante la Fe\u201d. Este sitio tiene posturas cr\u00edticas hacia el actual papa Francisco.<\/p>\n<p>Murri cuenta que lleg\u00f3 a la di\u00f3cesis de Santa Ros en 1995, porque el obispo de entonces,\u00a0 Fidel Br\u00e9dice, hab\u00eda pedido sacerdotes prestados al Obispado de San Rafael, cuando apenas ten\u00eda tres a\u00f1os y meses de ordenado.\u00a0<strong>\u201cLa peor persecuci\u00f3n hoy viene del seno de la misma Iglesia.<\/strong>\u00a0No de la Iglesia fiel, la Esposa Santa del Verbo Crucificado, sino de aquella falsa iglesia, la \u201cGran Ramera\u201d (Ap. 17, 2), ad\u00faltera, prostituida en sus dogmas, en su moral, en sus costumbres, en sus criterios, en sus pastores, vergonzosamente desposada con el mundo\u201d, se queja en el mensaje .<\/p>\n<p><strong>Sobre las razones en las que el obispo Mart\u00edn bas\u00f3 su decisi\u00f3n, dice: \u201chay agravios que elogian\u201d.<\/strong>\u201cGracias por haberme dado, durante todos estos a\u00f1os, la coherencia de la fe, la santa intransigencia para no ceder, toda vez que se me presion\u00f3, y hasta se me oblig\u00f3, para obrar contra tu Ley, contra tu Iglesia y contra mi conciencia\u201d, agrega. \u201cMe siento honrado por \u201cno haber sumado\u201d l\u00e1tigos en las espaldas de Jesucristo, por no haberme adaptado al molde de la \u201cunidad\u201d que se me quer\u00eda imponer, sobre todo en los \u00faltimos a\u00f1os\u201d, se\u00f1ala en otra parte de la carta.<\/p>\n<p>Cabe recordar que Mart\u00edn fue\u00a0 designado por el papa Francisco para suceder en Santa Rosa Mario Poli, promovido en mayo de 2013 al Obispado de de Buenos Aires. El a\u00f1o pasado algunos sitios de divulgaci\u00f3n cat\u00f3lica cuestionaron a Mart\u00edn por oponerse a la pr\u00e1ctica de recibir la comuni\u00f3n de rodillas.\u00a0 Inclusive difundieron un video en el cual se lo observa profiriendo amonestaciones p\u00fablicas a monaguillos en una misa por desobedecer la disposici\u00f3n de no ponerse de rodillas y recibir la comuni\u00f3n parados.<\/p>\n<p>Por otra parte, Murri estuvo durante varios a\u00f1os al frente de las parroquias de Ingeniero Luiggi, Embajador Martini y Alta Italia. \u00daltimamente se desempe\u00f1\u00f3 en la iglesia de 25 de Mayo, pero ahora fue trasladado a Mendoza.<\/p>\n<p>&nbsp;<\/p>\n<p>Fuente :Diario de la Pampa<\/p>\n<div class=\"oasis-despues-del-contenido\" id=\"oasis-4001428985\"><img loading=\"lazy\" decoding=\"async\" src=\"https:\/\/oasisfm935.com.ar\/site\/wp-content\/uploads\/2020\/08\/47806202-8741-49f2-a5c9-d2f930e5baa1.jpg\" alt=\"\"  srcset=\"https:\/\/oasisfm935.com.ar\/site\/wp-content\/uploads\/2020\/08\/47806202-8741-49f2-a5c9-d2f930e5baa1.jpg 1080w, https:\/\/oasisfm935.com.ar\/site\/wp-content\/uploads\/2020\/08\/47806202-8741-49f2-a5c9-d2f930e5baa1-300x300.jpg 300w, https:\/\/oasisfm935.com.ar\/site\/wp-content\/uploads\/2020\/08\/47806202-8741-49f2-a5c9-d2f930e5baa1-1024x1024.jpg 1024w, https:\/\/oasisfm935.com.ar\/site\/wp-content\/uploads\/2020\/08\/47806202-8741-49f2-a5c9-d2f930e5baa1-150x150.jpg 150w, https:\/\/oasisfm935.com.ar\/site\/wp-content\/uploads\/2020\/08\/47806202-8741-49f2-a5c9-d2f930e5baa1-768x768.jpg 768w\" sizes=\"(max-width: 1080px) 100vw, 1080px\" class=\"no-lazyload\" width=\"1080\" height=\"1080\"  style=\"display: inline-block;\" \/><\/div>","protected":false},"excerpt":{"rendered":"<p>El sacerdote Luis Murri se quej\u00f3 de \u00abpersecuci\u00f3n\u00bb por parte del obispo Ra\u00fal Mart\u00edn.\u00a0Dijo que lo echaron por \u00abconservador\u00bb. El obiso de<\/p>\n","protected":false},"author":4,"featured_media":265,"comment_status":"closed","ping_status":"open","sticky":false,"template":"","format":"standard","meta":{"colormag_page_layout":"default_layout","footnotes":""},"categories":[2],"tags":[],"class_list":["post-264","post","type-post","status-publish","format-standard","has-post-thumbnail","hentry","category-noticias"],"_links":{"self":[{"href":"https:\/\/oasisfm935.com.ar\/site\/wp-json\/wp\/v2\/posts\/264","targetHints":{"allow":["GET"]}}],"collection":[{"href":"https:\/\/oasisfm935.com.ar\/site\/wp-json\/wp\/v2\/posts"}],"about":[{"href":"https:\/\/oasisfm935.com.ar\/site\/wp-json\/wp\/v2\/types\/post"}],"author":[{"embeddable":true,"href":"https:\/\/oasisfm935.com.ar\/site\/wp-json\/wp\/v2\/users\/4"}],"replies":[{"embeddable":true,"href":"https:\/\/oasisfm935.com.ar\/site\/wp-json\/wp\/v2\/comments?post=264"}],"version-history":[{"count":1,"href":"https:\/\/oasisfm935.com.ar\/site\/wp-json\/wp\/v2\/posts\/264\/revisions"}],"predecessor-version":[{"id":266,"href":"https:\/\/oasisfm935.com.ar\/site\/wp-json\/wp\/v2\/posts\/264\/revisions\/266"}],"wp:featuredmedia":[{"embeddable":true,"href":"https:\/\/oasisfm935.com.ar\/site\/wp-json\/wp\/v2\/media\/265"}],"wp:attachment":[{"href":"https:\/\/oasisfm935.com.ar\/site\/wp-json\/wp\/v2\/media?parent=264"}],"wp:term":[{"taxonomy":"category","embeddable":true,"href":"https:\/\/oasisfm935.com.ar\/site\/wp-json\/wp\/v2\/categories?post=264"},{"taxonomy":"post_tag","embeddable":true,"href":"https:\/\/oasisfm935.com.ar\/site\/wp-json\/wp\/v2\/tags?post=264"}],"curies":[{"name":"wp","href":"https:\/\/api.w.org\/{rel}","templated":true}]}}