{"id":2645,"date":"2019-08-30T09:23:33","date_gmt":"2019-08-30T12:23:33","guid":{"rendered":"http:\/\/oasisfm935.com\/site\/?p=2645"},"modified":"2019-08-30T09:24:11","modified_gmt":"2019-08-30T12:24:11","slug":"el-jardin-de-infantes-de-macri-esta-perdiendo-el-techo","status":"publish","type":"post","link":"https:\/\/oasisfm935.com.ar\/site\/el-jardin-de-infantes-de-macri-esta-perdiendo-el-techo\/","title":{"rendered":"El Jard\u00edn de Infantes de Macri est\u00e1 perdiendo el techo"},"content":{"rendered":"<p>No pas\u00f3 nada, todav\u00eda se tiene que hacer el relevamiento y el Jard\u00edn de Infantes de Ingeniero Luiggi es el m\u00e1s complicado en infraestructura porque se est\u00e1 levantando una parte del techo\u00bb del edificio, revel\u00f3 el intendente de Ingeniero Luiggi, Oscar Zanoli. \u00abEs inentendible que haya realizado tanto circo medi\u00e1tico durante dos jornadas para lanzar el Plan de 3 mil jardines para todo el pa\u00eds, y que no se termine esta obra es muy llamativo\u00bb, se lament\u00f3 el jefe comunal norte\u00f1o.<br \/>\nEl Presidente de la Naci\u00f3n, Mauricio Macri, anunci\u00f3 -en mayo de 2016- el Plan de 3.000 Jardines de Infantes precisamente en el patio de la Escuela 76 \u00abGeneral Mart\u00edn Rodr\u00edguez\u00bb de Ingeniero Luiggi. En La Pampa se iban a construir cuatro Jardines de Infantes: Ingeniero Luiggi, General Pico, Santa Rosa y Winifreda. En el caso de Luiggi, la obra hace casi dos a\u00f1os que est\u00e1 paralizada. Hasta ese momento se colocaron algunos pisos sin las carpetas, la obra de cloacas se realiz\u00f3 mal, entre otros detalles que se detectaron en las inspecciones.<\/p>\n<p><a href=\"http:\/\/oasisfm935.com\/site\/wp-content\/uploads\/2019\/08\/07-Jardines9acdc9ad.jpg\"><img loading=\"lazy\" decoding=\"async\" class=\"alignnone size-full wp-image-2646\" src=\"http:\/\/oasisfm935.com\/site\/wp-content\/uploads\/2019\/08\/07-Jardines9acdc9ad.jpg\" alt=\"\" width=\"696\" height=\"494\" srcset=\"https:\/\/oasisfm935.com.ar\/site\/wp-content\/uploads\/2019\/08\/07-Jardines9acdc9ad.jpg 696w, https:\/\/oasisfm935.com.ar\/site\/wp-content\/uploads\/2019\/08\/07-Jardines9acdc9ad-300x213.jpg 300w\" sizes=\"auto, (max-width: 696px) 100vw, 696px\" \/><\/a><br \/>\nLa obra nunca logr\u00f3 entrar \u00aben el coraz\u00f3n\u00bb de los pobladores luiggenses ya que el proyecto no gener\u00f3 mano de obra ni tampoco puestos laborales, porque el sistema de construcci\u00f3n prefabricado lo ejecut\u00f3 una empresa for\u00e1nea; y hasta se compraron aberturas chinas. Un detalle que no es menor, cuando supuestamente los gobiernos deben fomentar la industrial nacional.<br \/>\nMacri en aquel acto en Ingeniero Luiggi prometi\u00f3 \u00abel plan de infraestructura m\u00e1s importante de la historia del pa\u00eds\u00bb que iba a provocar \u00abuna revoluci\u00f3n en la calidad educativa p\u00fablica\u00bb. Aquellas lindas frases de comienzo de gesti\u00f3n, quedaron solamente en dichos.<\/p>\n<p>\u00abNo pas\u00f3 nada\u00bb.<br \/>\n\u00abHasta el momento, no paso nada. Hubo un principio de acuerdo entre (los ministros Alejandro) Finocchiaro y (Mar\u00eda Cristina) Garello, pero se debe hacer un relevamiento y el de Ingeniero Luiggi es uno de los mas complicados en infraestructura porque una parte del techo se est\u00e1 levantando\u00bb, relat\u00f3 Zanoli.<br \/>\nEl entrevistado revel\u00f3 que mantuvo contacto con el encargado de obras escolares del Gobierno de Cambiemos en La Pampa, quien le brind\u00f3 algunos detalles. \u00abEste jard\u00edn ser\u00e1 el \u00faltimo que se visitara para hacer el relevamiento t\u00e9cnico, porque se acord\u00f3 hacer un relevamiento para ver cuanto sale la terminaci\u00f3n de la obra, y despu\u00e9s firmar un compromiso para que Naci\u00f3n gire el dinero para terminar los trabajos\u00bb, explic\u00f3.<br \/>\n\u00abEsto es muy l\u00f3gico, porque si Naci\u00f3n no paga es muy dif\u00edcil porque despu\u00e9s ese dinero pasa a engrosar las deudas que mantiene con La Pampa, cuando el Gobierno nacional vendi\u00f3 este programa como una gran obra, hizo la licitaci\u00f3n y adjudicaci\u00f3n y nunca lo termino\u00bb, cuestion\u00f3 Zanoli.<br \/>\nEl jefe comunal norte\u00f1o, a\u00fan no termina de entender como se termin\u00f3 -despu\u00e9s de tres a\u00f1os- una obra anunciada en esa localidad por el propio Presidente. \u00abNo se entiende el circo medi\u00e1tico que se realiz\u00f3 durante dos jornadas para lanzar el plan de 3 mil jardines para todo el pa\u00eds, y que no se termine esta obra es muy llamativa. Es una obra peque\u00f1a para Naci\u00f3n, porque nosotros estamos haciendo una obra 10 veces mas grande con recursos humanos locales y estamos pr\u00f3ximos a la inauguraci\u00f3n\u00bb, concluy\u00f3 Zanoli.<\/p>\n<p>Comenz\u00f3 la transici\u00f3n.<br \/>\nEl intendente de Ingniero Luiggi, Oscar Zanoli, confirm\u00f3 que ya comenz\u00f3 la transici\u00f3n gubernamental con la intendenta electa Patricia Lav\u00edn. \u00abPatricia es una amiga personal. Ya tuvimos una reuni\u00f3n con todo el personal municipal y todos los mi\u00e9rcoles se har\u00e1n reuniones por \u00e1reas\u00bb para transmitir los nuevos lineamientos gubernamentales que se aplicar\u00e1n desde el 10 de diciembre, detall\u00f3 el actual jefe comunal.<br \/>\n\u00abSer\u00e1 una transici\u00f3n muy sencilla\u00bb ya que \u00abnosotros trataremos de dejar el municipio lo m\u00e1s ordenado posible, sin deudas y si es posible con algo de plata\u00bb, anticip\u00f3 Zanoli, quien reconoci\u00f3 que la crisis econ\u00f3mica provoc\u00f3 que algunas obras queden para la pr\u00f3xima gesti\u00f3n. \u00abEl recambio del piso de la plaza quedar\u00e1 para la gesti\u00f3n de Patricia, porque ya tenemos las baldosas y las luminarias compradas, pero no la podremos terminar en este periodo\u00bb, concluy\u00f3 Zanoli.<\/p>\n<p>Diario La Arena<\/p>\n<div class=\"oasis-despues-del-contenido\" id=\"oasis-2920037962\"><img loading=\"lazy\" decoding=\"async\" src=\"https:\/\/oasisfm935.com.ar\/site\/wp-content\/uploads\/2020\/08\/47806202-8741-49f2-a5c9-d2f930e5baa1.jpg\" alt=\"\"  srcset=\"https:\/\/oasisfm935.com.ar\/site\/wp-content\/uploads\/2020\/08\/47806202-8741-49f2-a5c9-d2f930e5baa1.jpg 1080w, https:\/\/oasisfm935.com.ar\/site\/wp-content\/uploads\/2020\/08\/47806202-8741-49f2-a5c9-d2f930e5baa1-300x300.jpg 300w, https:\/\/oasisfm935.com.ar\/site\/wp-content\/uploads\/2020\/08\/47806202-8741-49f2-a5c9-d2f930e5baa1-1024x1024.jpg 1024w, https:\/\/oasisfm935.com.ar\/site\/wp-content\/uploads\/2020\/08\/47806202-8741-49f2-a5c9-d2f930e5baa1-150x150.jpg 150w, https:\/\/oasisfm935.com.ar\/site\/wp-content\/uploads\/2020\/08\/47806202-8741-49f2-a5c9-d2f930e5baa1-768x768.jpg 768w\" sizes=\"(max-width: 1080px) 100vw, 1080px\" class=\"no-lazyload\" width=\"1080\" height=\"1080\"  style=\"display: inline-block;\" \/><\/div>","protected":false},"excerpt":{"rendered":"<p>No pas\u00f3 nada, todav\u00eda se tiene que hacer el relevamiento y el Jard\u00edn de Infantes de Ingeniero Luiggi es el m\u00e1s complicado<\/p>\n","protected":false},"author":4,"featured_media":2647,"comment_status":"closed","ping_status":"open","sticky":false,"template":"","format":"standard","meta":{"colormag_page_layout":"default_layout","footnotes":""},"categories":[2],"tags":[],"class_list":["post-2645","post","type-post","status-publish","format-standard","has-post-thumbnail","hentry","category-noticias"],"_links":{"self":[{"href":"https:\/\/oasisfm935.com.ar\/site\/wp-json\/wp\/v2\/posts\/2645","targetHints":{"allow":["GET"]}}],"collection":[{"href":"https:\/\/oasisfm935.com.ar\/site\/wp-json\/wp\/v2\/posts"}],"about":[{"href":"https:\/\/oasisfm935.com.ar\/site\/wp-json\/wp\/v2\/types\/post"}],"author":[{"embeddable":true,"href":"https:\/\/oasisfm935.com.ar\/site\/wp-json\/wp\/v2\/users\/4"}],"replies":[{"embeddable":true,"href":"https:\/\/oasisfm935.com.ar\/site\/wp-json\/wp\/v2\/comments?post=2645"}],"version-history":[{"count":2,"href":"https:\/\/oasisfm935.com.ar\/site\/wp-json\/wp\/v2\/posts\/2645\/revisions"}],"predecessor-version":[{"id":2649,"href":"https:\/\/oasisfm935.com.ar\/site\/wp-json\/wp\/v2\/posts\/2645\/revisions\/2649"}],"wp:featuredmedia":[{"embeddable":true,"href":"https:\/\/oasisfm935.com.ar\/site\/wp-json\/wp\/v2\/media\/2647"}],"wp:attachment":[{"href":"https:\/\/oasisfm935.com.ar\/site\/wp-json\/wp\/v2\/media?parent=2645"}],"wp:term":[{"taxonomy":"category","embeddable":true,"href":"https:\/\/oasisfm935.com.ar\/site\/wp-json\/wp\/v2\/categories?post=2645"},{"taxonomy":"post_tag","embeddable":true,"href":"https:\/\/oasisfm935.com.ar\/site\/wp-json\/wp\/v2\/tags?post=2645"}],"curies":[{"name":"wp","href":"https:\/\/api.w.org\/{rel}","templated":true}]}}