{"id":268,"date":"2019-01-08T22:11:44","date_gmt":"2019-01-09T01:11:44","guid":{"rendered":"http:\/\/oasisfm935.com\/site\/?p=268"},"modified":"2019-01-08T22:11:44","modified_gmt":"2019-01-09T01:11:44","slug":"fiesta-del-caballo-2019-gonzalez-se-reunio-con-autoridades-del-club-costa-brava","status":"publish","type":"post","link":"https:\/\/oasisfm935.com.ar\/site\/fiesta-del-caballo-2019-gonzalez-se-reunio-con-autoridades-del-club-costa-brava\/","title":{"rendered":"Fiesta del Caballo 2019: Gonzalez  se reuni\u00f3 con autoridades del Club Costa Brava"},"content":{"rendered":"<h3><strong>El\u00a0intendente Oscar Zanoli\u00a0 recibi\u00f3 en la tarde\u00a0 del d\u00eda de hoy al ministro de Seguridad de La Pampa, . Juntos, participaron de una reuni\u00f3n con directivos del Club Costa Brava , instituci\u00f3n que el pr\u00f3ximo fin de semana pondr\u00e1 en marcha las actividades enmarcadas en\u00a0 la Fiesta del Caballo y la Tradici\u00f3n .<\/strong><\/h3>\n<p><a href=\"http:\/\/oasisfm935.com\/site\/wp-content\/uploads\/2019\/01\/49704210_792659344433031_8589655363291185152_n.jpg\"><img loading=\"lazy\" decoding=\"async\" class=\"alignnone size-medium wp-image-269\" src=\"http:\/\/oasisfm935.com\/site\/wp-content\/uploads\/2019\/01\/49704210_792659344433031_8589655363291185152_n-300x150.jpg\" alt=\"\" width=\"300\" height=\"150\" srcset=\"https:\/\/oasisfm935.com.ar\/site\/wp-content\/uploads\/2019\/01\/49704210_792659344433031_8589655363291185152_n-300x150.jpg 300w, https:\/\/oasisfm935.com.ar\/site\/wp-content\/uploads\/2019\/01\/49704210_792659344433031_8589655363291185152_n-768x384.jpg 768w, https:\/\/oasisfm935.com.ar\/site\/wp-content\/uploads\/2019\/01\/49704210_792659344433031_8589655363291185152_n.jpg 1024w\" sizes=\"auto, (max-width: 300px) 100vw, 300px\" \/><\/a><\/p>\n<p>De la reuni\u00f3n, en la que se trataron temas relacionados con la seguridad del evento que convocar\u00e1 a p\u00fablico de Ingeniero Luiggi y localidades vecinas, participaron las m\u00e1ximas autoridades de la Unidad II, el jefe policial Leandro Ernst.<\/p>\n<div class=\"oasis-despues-del-contenido\" id=\"oasis-2003911604\"><img loading=\"lazy\" decoding=\"async\" src=\"https:\/\/oasisfm935.com.ar\/site\/wp-content\/uploads\/2020\/08\/47806202-8741-49f2-a5c9-d2f930e5baa1.jpg\" alt=\"\"  srcset=\"https:\/\/oasisfm935.com.ar\/site\/wp-content\/uploads\/2020\/08\/47806202-8741-49f2-a5c9-d2f930e5baa1.jpg 1080w, https:\/\/oasisfm935.com.ar\/site\/wp-content\/uploads\/2020\/08\/47806202-8741-49f2-a5c9-d2f930e5baa1-300x300.jpg 300w, https:\/\/oasisfm935.com.ar\/site\/wp-content\/uploads\/2020\/08\/47806202-8741-49f2-a5c9-d2f930e5baa1-1024x1024.jpg 1024w, https:\/\/oasisfm935.com.ar\/site\/wp-content\/uploads\/2020\/08\/47806202-8741-49f2-a5c9-d2f930e5baa1-150x150.jpg 150w, https:\/\/oasisfm935.com.ar\/site\/wp-content\/uploads\/2020\/08\/47806202-8741-49f2-a5c9-d2f930e5baa1-768x768.jpg 768w\" sizes=\"(max-width: 1080px) 100vw, 1080px\" class=\"no-lazyload\" width=\"1080\" height=\"1080\"  style=\"display: inline-block;\" \/><\/div>","protected":false},"excerpt":{"rendered":"<p>El\u00a0intendente Oscar Zanoli\u00a0 recibi\u00f3 en la tarde\u00a0 del d\u00eda de hoy al ministro de Seguridad de La Pampa, . Juntos, participaron de<\/p>\n","protected":false},"author":4,"featured_media":270,"comment_status":"closed","ping_status":"open","sticky":false,"template":"","format":"standard","meta":{"colormag_page_layout":"default_layout","footnotes":""},"categories":[2],"tags":[],"class_list":["post-268","post","type-post","status-publish","format-standard","has-post-thumbnail","hentry","category-noticias"],"_links":{"self":[{"href":"https:\/\/oasisfm935.com.ar\/site\/wp-json\/wp\/v2\/posts\/268","targetHints":{"allow":["GET"]}}],"collection":[{"href":"https:\/\/oasisfm935.com.ar\/site\/wp-json\/wp\/v2\/posts"}],"about":[{"href":"https:\/\/oasisfm935.com.ar\/site\/wp-json\/wp\/v2\/types\/post"}],"author":[{"embeddable":true,"href":"https:\/\/oasisfm935.com.ar\/site\/wp-json\/wp\/v2\/users\/4"}],"replies":[{"embeddable":true,"href":"https:\/\/oasisfm935.com.ar\/site\/wp-json\/wp\/v2\/comments?post=268"}],"version-history":[{"count":1,"href":"https:\/\/oasisfm935.com.ar\/site\/wp-json\/wp\/v2\/posts\/268\/revisions"}],"predecessor-version":[{"id":271,"href":"https:\/\/oasisfm935.com.ar\/site\/wp-json\/wp\/v2\/posts\/268\/revisions\/271"}],"wp:featuredmedia":[{"embeddable":true,"href":"https:\/\/oasisfm935.com.ar\/site\/wp-json\/wp\/v2\/media\/270"}],"wp:attachment":[{"href":"https:\/\/oasisfm935.com.ar\/site\/wp-json\/wp\/v2\/media?parent=268"}],"wp:term":[{"taxonomy":"category","embeddable":true,"href":"https:\/\/oasisfm935.com.ar\/site\/wp-json\/wp\/v2\/categories?post=268"},{"taxonomy":"post_tag","embeddable":true,"href":"https:\/\/oasisfm935.com.ar\/site\/wp-json\/wp\/v2\/tags?post=268"}],"curies":[{"name":"wp","href":"https:\/\/api.w.org\/{rel}","templated":true}]}}