{"id":2699,"date":"2019-09-08T11:51:49","date_gmt":"2019-09-08T14:51:49","guid":{"rendered":"http:\/\/oasisfm935.com\/site\/?p=2699"},"modified":"2019-09-08T11:51:49","modified_gmt":"2019-09-08T14:51:49","slug":"anses-asi-sera-el-pago-con-aumento-de-la-asignacion-universal-por-hijo","status":"publish","type":"post","link":"https:\/\/oasisfm935.com.ar\/site\/anses-asi-sera-el-pago-con-aumento-de-la-asignacion-universal-por-hijo\/","title":{"rendered":"ANSES: As\u00ed ser\u00e1 el pago con aumento de la Asignaci\u00f3n Universal por Hijo"},"content":{"rendered":"<p>&nbsp;<\/p>\n<h2>ANSES public\u00f3 el cronograma corresponde a los meses de septiembre, octubre y noviembre de 2019 para la AUH y SUAF.<\/h2>\n<p>lunes 9 de septiembre comienzan a cobrarse las asignaciones familiares por hijo y la asignaci\u00f3n universal por hijo de ANSES.<\/p>\n<p>En la pantalla principal del sitio web www.anses.gob.ar, secci\u00f3n Accesos R\u00e1pidos, opci\u00f3n Calendario de Pagos, ANSES publica de manera anticipada el cronograma de cobro correspondiente a los meses de septiembre, octubre y noviembre de 2019.<\/p>\n<p><strong>Pago de la AUH y SUAF<\/strong><\/p>\n<p>Documentos terminados en 0: 9\/9\/2019<br \/>\nDocumentos terminados en 1: 10\/9\/2019<br \/>\nDocumentos terminados en 2: 11\/9\/2019<br \/>\nDocumentos terminados en 3: 12\/9\/2019<br \/>\nDocumentos terminados en 4: 13\/9\/2019<br \/>\nDocumentos terminados en 5: 16\/9\/2019<br \/>\nDocumentos terminados en 6: 17\/9\/2019<br \/>\nDocumentos terminados en 7: 18\/9\/2019<br \/>\nDocumentos terminados en 8: 19\/9\/2019<br \/>\nDocumentos terminados en 9: 20\/9\/2019<\/p>\n<p><strong>Por correo<\/strong><\/p>\n<p>Documentos terminados en 0: 11\/9\/2019<br \/>\nDocumentos terminados en 1: 12\/9\/2019<br \/>\nDocumentos terminados en 2: 13\/9\/2019<br \/>\nDocumentos terminados en 3: 16\/9\/2019<br \/>\nDocumentos terminados en 4: 17\/9\/2019<br \/>\nDocumentos terminados en 5: 18\/9\/2019<br \/>\nDocumentos terminados en 6: 19\/9\/2019<br \/>\nDocumentos terminados en 7: 19\/9\/2019<br \/>\nDocumentos terminados en 8: 20\/9\/2019<br \/>\nDocumentos terminados en 9: 20\/9\/2019<\/p>\n<p><strong>Cronograma completo de pago por septiembre, octubre y noviembre<\/strong><\/p>\n<p><img decoding=\"async\" class=\"i-amphtml-fill-content i-amphtml-replaced-content\" src=\"https:\/\/www-canal13sanjuan-com.cdn.ampproject.org\/i\/s\/www.canal13sanjuan.com\/u\/fotografias\/m\/2019\/9\/7\/f768x0-172817_172835_2.jpg\" alt=\"\" \/><br \/>\nEn este marco, los beneficiarios de jubilaciones, pensiones, Pensiones No Contributivas, Asignaci\u00f3n Universal por Hijo y por Embarazo, Prestaci\u00f3n por Desempleo y Asignaciones Familiares y de Pago \u00danico (Matrimonio, Nacimiento y Adopci\u00f3n) tienen la posibilidad de agendar las fechas y tenerlas a mano para una consulta anticipada y m\u00e1s r\u00e1pida.<\/p>\n<p>Adem\u00e1s, los calendarios est\u00e1n disponibles en las oficinas de ANSES y sus redes sociales: Facebook (www.facebook.com\/ansesgob), Twitter (https:\/\/twitter.com\/ansesgob) y Flickr (www.flickr.com\/photos\/ansesgob)<\/p>\n<div class=\"oasis-despues-del-contenido\" id=\"oasis-3034014796\"><img loading=\"lazy\" decoding=\"async\" src=\"https:\/\/oasisfm935.com.ar\/site\/wp-content\/uploads\/2020\/08\/47806202-8741-49f2-a5c9-d2f930e5baa1.jpg\" alt=\"\"  srcset=\"https:\/\/oasisfm935.com.ar\/site\/wp-content\/uploads\/2020\/08\/47806202-8741-49f2-a5c9-d2f930e5baa1.jpg 1080w, https:\/\/oasisfm935.com.ar\/site\/wp-content\/uploads\/2020\/08\/47806202-8741-49f2-a5c9-d2f930e5baa1-300x300.jpg 300w, https:\/\/oasisfm935.com.ar\/site\/wp-content\/uploads\/2020\/08\/47806202-8741-49f2-a5c9-d2f930e5baa1-1024x1024.jpg 1024w, https:\/\/oasisfm935.com.ar\/site\/wp-content\/uploads\/2020\/08\/47806202-8741-49f2-a5c9-d2f930e5baa1-150x150.jpg 150w, https:\/\/oasisfm935.com.ar\/site\/wp-content\/uploads\/2020\/08\/47806202-8741-49f2-a5c9-d2f930e5baa1-768x768.jpg 768w\" sizes=\"(max-width: 1080px) 100vw, 1080px\" class=\"no-lazyload\" width=\"1080\" height=\"1080\"  style=\"display: inline-block;\" \/><\/div>","protected":false},"excerpt":{"rendered":"<p>&nbsp; ANSES public\u00f3 el cronograma corresponde a los meses de septiembre, octubre y noviembre de 2019 para la AUH y SUAF. lunes<\/p>\n","protected":false},"author":4,"featured_media":2700,"comment_status":"closed","ping_status":"open","sticky":false,"template":"","format":"standard","meta":{"colormag_page_layout":"default_layout","footnotes":""},"categories":[2],"tags":[],"class_list":["post-2699","post","type-post","status-publish","format-standard","has-post-thumbnail","hentry","category-noticias"],"_links":{"self":[{"href":"https:\/\/oasisfm935.com.ar\/site\/wp-json\/wp\/v2\/posts\/2699","targetHints":{"allow":["GET"]}}],"collection":[{"href":"https:\/\/oasisfm935.com.ar\/site\/wp-json\/wp\/v2\/posts"}],"about":[{"href":"https:\/\/oasisfm935.com.ar\/site\/wp-json\/wp\/v2\/types\/post"}],"author":[{"embeddable":true,"href":"https:\/\/oasisfm935.com.ar\/site\/wp-json\/wp\/v2\/users\/4"}],"replies":[{"embeddable":true,"href":"https:\/\/oasisfm935.com.ar\/site\/wp-json\/wp\/v2\/comments?post=2699"}],"version-history":[{"count":1,"href":"https:\/\/oasisfm935.com.ar\/site\/wp-json\/wp\/v2\/posts\/2699\/revisions"}],"predecessor-version":[{"id":2701,"href":"https:\/\/oasisfm935.com.ar\/site\/wp-json\/wp\/v2\/posts\/2699\/revisions\/2701"}],"wp:featuredmedia":[{"embeddable":true,"href":"https:\/\/oasisfm935.com.ar\/site\/wp-json\/wp\/v2\/media\/2700"}],"wp:attachment":[{"href":"https:\/\/oasisfm935.com.ar\/site\/wp-json\/wp\/v2\/media?parent=2699"}],"wp:term":[{"taxonomy":"category","embeddable":true,"href":"https:\/\/oasisfm935.com.ar\/site\/wp-json\/wp\/v2\/categories?post=2699"},{"taxonomy":"post_tag","embeddable":true,"href":"https:\/\/oasisfm935.com.ar\/site\/wp-json\/wp\/v2\/tags?post=2699"}],"curies":[{"name":"wp","href":"https:\/\/api.w.org\/{rel}","templated":true}]}}