{"id":2706,"date":"2019-09-08T18:39:36","date_gmt":"2019-09-08T21:39:36","guid":{"rendered":"http:\/\/oasisfm935.com\/site\/?p=2706"},"modified":"2019-09-08T18:40:42","modified_gmt":"2019-09-08T21:40:42","slug":"matienzo-realizo-la-fiesta-de-campeones-2019","status":"publish","type":"post","link":"https:\/\/oasisfm935.com.ar\/site\/matienzo-realizo-la-fiesta-de-campeones-2019\/","title":{"rendered":"Matienzo realiz\u00f3 la fiesta de Campeones 2019"},"content":{"rendered":"<p>&nbsp;<\/p>\n<div class=\"itemIntroText\">\n<p>Con una cena show, el equipo de primera divisi\u00f3n junto a simpatizantes y familia festej\u00f3 la vuelta a la \u201cA\u201d y el campeonato de la B de la Liga Pampeana. Tambi\u00e9n hubo anuncios.<\/p>\n<\/div>\n<div class=\"itemFullText\">\n<p><strong>La fiesta se realiz\u00f3 ante unas 400 personas presentes, donde la misma comisi\u00f3n fue la que organiz\u00f3 el excelente servicio gastron\u00f3mico.<\/strong><\/p>\n<blockquote><p>Durante la fiesta, realizada en el sal\u00f3n del Club Luiggi, se proyect\u00f3 un video homenaje a los jugadores con el resumen de los partidos que lo llevaron a ser campeones del torneo de ascenso. Hubo asado, torta y baile.<\/p>\n<p><img decoding=\"async\" src=\"https:\/\/scontent.frsa4-1.fna.fbcdn.net\/v\/t1.0-9\/69802534_717397978688479_4276787223422042112_n.jpg?_nc_cat=107&amp;_nc_oc=AQlZzXomDXrF-AhH4i2k_oLieUG3P3-SlN5mJ8lseZyfVhr0jLlHD_xKa3PLvex81e0&amp;_nc_ht=scontent.frsa4-1.fna&amp;oh=a0e88ce46e5b14c1f4e3e48e65059739&amp;oe=5E101829\" alt=\"La imagen puede contener: una o varias personas\" \/><\/p><\/blockquote>\n<p>La fiesta\u00a0<strong>cerr\u00f3 con la m\u00fasica y el baile que propuso el grupo puntano \u201cLa Firma cumbia pop\u201d.<\/strong><\/p>\n<p>En medio de la fiesta,<strong>\u00a0los campeones fueron agasajados con entrega de presentes<\/strong>\u00a0y nuevamente se les entreg\u00f3 las medallas.<\/p>\n<p><img loading=\"lazy\" decoding=\"async\" src=\"https:\/\/scontent.frsa4-1.fna.fbcdn.net\/v\/t1.0-9\/69810182_717398355355108_8874146875922448384_n.jpg?_nc_cat=101&amp;_nc_oc=AQkqAxz6DQNeGlDycCpnr3D-YOUIT7pQF0SEXBqgq3xBvu9y_Wzycr8uQDUneZkEtn0&amp;_nc_ht=scontent.frsa4-1.fna&amp;oh=3d38bdebd686f2a9e1024ee49353ce84&amp;oe=5DC8DCBD\" alt=\"No hay descripci\u00c3\u00b3n de la foto disponible.\" width=\"596\" height=\"335\" \/><\/p>\n<blockquote><p>Luego hicieron uso de las palabras\u00a0<strong>el capit\u00e1n del equipo Emiliano \u201cLora\u201d Oliva, agradeci\u00f3 a su familia y a la comisi\u00f3n por haber trabajado dur\u00edsimo durante el a\u00f1o. \u201csiempre trabajando para nosotros para que estemos bien. Con la comida, con los vestuarios impecables.<\/strong><\/p>\n<p>\u201cComo hincha quiero agradecerles por haber puesto a Matienzo en primera divisi\u00f3n\u201d cerr\u00f3 Oliva mirando a sus compa\u00f1eros de equipo.<\/p>\n<p><img decoding=\"async\" src=\"https:\/\/scontent.frsa4-1.fna.fbcdn.net\/v\/t1.15752-9\/70398362_795716297528681_6201894606049640448_n.jpg?_nc_cat=105&amp;_nc_oc=AQltAz_fQldp5YJ2UrXn-X3469vfK9YpkSFFwMZQ9cN_B0bILe7ZlDIWKfCZC0ry1t0&amp;_nc_ht=scontent.frsa4-1.fna&amp;oh=5350b2808a83befc21f75f09750308fc&amp;oe=5DFAF821\" \/><\/p><\/blockquote>\n<p>Seguidamente habl\u00f3 otro de los protagonistas fundamentales del tripa como lo es\u00a0<strong>Pedro Mu\u00f1oz quien agradeci\u00f3 tambi\u00e9n a la familia por el apoyo.<\/strong><\/p>\n<blockquote><p>\u201cEs un orgullo muy grande haber podido conseguir el t\u00edtulo con Matienzo. El a\u00f1o pasado la pasamos muy mal con un descenso no deseado y gracias a dios tardamos muy poquito en regresar a la m\u00e1xima categor\u00eda\u201d aludi\u00f3 el arquero.<\/p>\n<p>\u201cAgradecerles a los compa\u00f1eros, a la instituci\u00f3n y esperemos que nos sigan acompa\u00f1ando el resto del a\u00f1o porque\u00a0<strong>vamos a participar el Torneo Extra de la Liga Pampeana.<\/strong>\u00a0Vamos a tratar de hacer lo mejor.\u00a0 Y<strong>\u00a0vamos a prepararnos para el gran desaf\u00edo de los 100 a\u00f1os de Matienzo<\/strong>\u00a0que es el a\u00f1o que viene. Va a ser un a\u00f1o lleno de alegr\u00eda y esperamos recibir al centenario\u00a0en primera divisi\u00f3n que es donde Matienzo se merece\u201d culmin\u00f3 Pedro Mu\u00f1oz.<\/p>\n<p><img decoding=\"async\" src=\"https:\/\/scontent.frsa4-1.fna.fbcdn.net\/v\/t1.15752-9\/69583529_901162516921474_1022891099137507328_n.jpg?_nc_cat=109&amp;_nc_oc=AQm4ivFSqcZ6JcjyB3vqm06LEmNTqai_EMidloPScZuqZLkrf9eeJly39gSk-CpO6ho&amp;_nc_ht=scontent.frsa4-1.fna&amp;oh=d93c0f76f5e79440d3827d9bb18bc505&amp;oe=5E0CFE8B\" \/><\/p><\/blockquote>\n<p>Por \u00faltimo ante el fervor y\u00a0<strong>ante la insistencia de los presentes habl\u00f3 el DT Franco Holwin Chiavarino<\/strong>\u00a0quien agradeci\u00f3 la presencia y por el acompa\u00f1amiento durante todo el a\u00f1o de los asistentes<\/p>\n<blockquote><p>\u201cNo fue f\u00e1cil pero lo fuimos manejando con Flavio Amateis que fue uno de los que m\u00e1s trabaj\u00f3. Creo que el reconocimiento mayor es para \u00e9l por todo lo que ha trabajado en nuestra primer experiencia donde le puso muchas granas, predisponi\u00e9ndose de la mejor manera\u201d tir\u00f3 Holwin.<\/p>\n<p>\u201cAl igual que el capit\u00e1n del equipo que por all\u00ed lo hac\u00edan renegar un poco, pero cada uno de ustedes que consiguieron esto, ahora tienen que doblegar el esfuerzo. Tienen que seguir y buscar superarse y darle para adelante. Son j\u00f3venes y le vamos a pedir a Oliva que no nos deje y siga al igual que Mu\u00f1oz y a Suarez y Blanc que son los pilares importantes del equipo, porque los vamos a necesitar\u201d dijo el entrenador a su equipo.<\/p>\n<p><img decoding=\"async\" src=\"https:\/\/scontent.frsa4-1.fna.fbcdn.net\/v\/t1.15752-9\/69872570_779982505752975_2472978470376833024_n.jpg?_nc_cat=108&amp;_nc_oc=AQmjwrz0JloRxI953yJ04fl-IOC3ZGzslhE8rDZnCNkzl-NsbV1wGKl5enxRq0FRtZY&amp;_nc_ht=scontent.frsa4-1.fna&amp;oh=79062377847cbeef26d66d686055b5fe&amp;oe=5E0EB849\" \/><\/p><\/blockquote>\n<p>Finalmente Holwin Chiavarino agradeci\u00f3 a todo el cuerpo t\u00e9cnico y a la comisi\u00f3n por los logros.<\/p>\n<p><img decoding=\"async\" src=\"https:\/\/scontent.frsa4-1.fna.fbcdn.net\/v\/t1.0-9\/69803500_717398318688445_1873904174094090240_n.jpg?_nc_cat=100&amp;_nc_oc=AQlFUhccw6buJjzeG9JZ8YR418tVohkScvPsvzocuTWdWB2ClYUc7ObhdwiZP4L-JQM&amp;_nc_ht=scontent.frsa4-1.fna&amp;oh=0ed0efbf032a8303661a2e31f0822fb5&amp;oe=5E08782B\" alt=\"No hay descripci\u00c3\u00b3n de la foto disponible.\" \/><\/p>\n<p><img decoding=\"async\" src=\"https:\/\/scontent.frsa4-1.fna.fbcdn.net\/v\/t1.0-9\/69844016_717398598688417_7712787160738299904_n.jpg?_nc_cat=108&amp;_nc_oc=AQlPweLw8aNJmc7ae1OIb2fj5QHjV9a4b7scPudj3qTId7OW0tUsnMozXmU0UgloPQw&amp;_nc_ht=scontent.frsa4-1.fna&amp;oh=429695d77ebd1b3ec89cccd10a7a0996&amp;oe=5DF6B708\" alt=\"La imagen puede contener: una o varias personas, personas en el escenario, personas tocando instrumentos musicales, personas de pie y concierto\" \/><img decoding=\"async\" src=\"https:\/\/scontent.frsa4-1.fna.fbcdn.net\/v\/t1.0-9\/70185168_717398425355101_215795735524802560_n.jpg?_nc_cat=108&amp;_nc_oc=AQl9TgO_uLC4eco3KG8h0oxh0NYcvTUu5E1fN8sbxhUd8xtWL740-BW4O_Cxu3wVxBE&amp;_nc_ht=scontent.frsa4-1.fna&amp;oh=61e7d8b43b6cea701a99b6a205cedf2b&amp;oe=5DFD4448\" alt=\"La imagen puede contener: una o varias personas, personas de pie, personas en el escenario, personas bailando, noche e interior\" \/><\/p>\n<p>Fuente: Zonal Noticias<\/p>\n<\/div>\n<div class=\"oasis-despues-del-contenido\" id=\"oasis-949485282\"><img loading=\"lazy\" decoding=\"async\" src=\"https:\/\/oasisfm935.com.ar\/site\/wp-content\/uploads\/2020\/08\/47806202-8741-49f2-a5c9-d2f930e5baa1.jpg\" alt=\"\"  srcset=\"https:\/\/oasisfm935.com.ar\/site\/wp-content\/uploads\/2020\/08\/47806202-8741-49f2-a5c9-d2f930e5baa1.jpg 1080w, https:\/\/oasisfm935.com.ar\/site\/wp-content\/uploads\/2020\/08\/47806202-8741-49f2-a5c9-d2f930e5baa1-300x300.jpg 300w, https:\/\/oasisfm935.com.ar\/site\/wp-content\/uploads\/2020\/08\/47806202-8741-49f2-a5c9-d2f930e5baa1-1024x1024.jpg 1024w, https:\/\/oasisfm935.com.ar\/site\/wp-content\/uploads\/2020\/08\/47806202-8741-49f2-a5c9-d2f930e5baa1-150x150.jpg 150w, https:\/\/oasisfm935.com.ar\/site\/wp-content\/uploads\/2020\/08\/47806202-8741-49f2-a5c9-d2f930e5baa1-768x768.jpg 768w\" sizes=\"(max-width: 1080px) 100vw, 1080px\" class=\"no-lazyload\" width=\"1080\" height=\"1080\"  style=\"display: inline-block;\" \/><\/div>","protected":false},"excerpt":{"rendered":"<p>&nbsp; Con una cena show, el equipo de primera divisi\u00f3n junto a simpatizantes y familia festej\u00f3 la vuelta a la \u201cA\u201d y<\/p>\n","protected":false},"author":4,"featured_media":2707,"comment_status":"closed","ping_status":"open","sticky":false,"template":"","format":"standard","meta":{"colormag_page_layout":"default_layout","footnotes":""},"categories":[2],"tags":[],"class_list":["post-2706","post","type-post","status-publish","format-standard","has-post-thumbnail","hentry","category-noticias"],"_links":{"self":[{"href":"https:\/\/oasisfm935.com.ar\/site\/wp-json\/wp\/v2\/posts\/2706","targetHints":{"allow":["GET"]}}],"collection":[{"href":"https:\/\/oasisfm935.com.ar\/site\/wp-json\/wp\/v2\/posts"}],"about":[{"href":"https:\/\/oasisfm935.com.ar\/site\/wp-json\/wp\/v2\/types\/post"}],"author":[{"embeddable":true,"href":"https:\/\/oasisfm935.com.ar\/site\/wp-json\/wp\/v2\/users\/4"}],"replies":[{"embeddable":true,"href":"https:\/\/oasisfm935.com.ar\/site\/wp-json\/wp\/v2\/comments?post=2706"}],"version-history":[{"count":2,"href":"https:\/\/oasisfm935.com.ar\/site\/wp-json\/wp\/v2\/posts\/2706\/revisions"}],"predecessor-version":[{"id":2709,"href":"https:\/\/oasisfm935.com.ar\/site\/wp-json\/wp\/v2\/posts\/2706\/revisions\/2709"}],"wp:featuredmedia":[{"embeddable":true,"href":"https:\/\/oasisfm935.com.ar\/site\/wp-json\/wp\/v2\/media\/2707"}],"wp:attachment":[{"href":"https:\/\/oasisfm935.com.ar\/site\/wp-json\/wp\/v2\/media?parent=2706"}],"wp:term":[{"taxonomy":"category","embeddable":true,"href":"https:\/\/oasisfm935.com.ar\/site\/wp-json\/wp\/v2\/categories?post=2706"},{"taxonomy":"post_tag","embeddable":true,"href":"https:\/\/oasisfm935.com.ar\/site\/wp-json\/wp\/v2\/tags?post=2706"}],"curies":[{"name":"wp","href":"https:\/\/api.w.org\/{rel}","templated":true}]}}