{"id":2728,"date":"2019-09-12T17:35:05","date_gmt":"2019-09-12T20:35:05","guid":{"rendered":"http:\/\/oasisfm935.com\/site\/?p=2728"},"modified":"2019-09-12T17:35:05","modified_gmt":"2019-09-12T20:35:05","slug":"multitudinaria-reunion-de-compradores-de-autos-con-planes-de-ahorro","status":"publish","type":"post","link":"https:\/\/oasisfm935.com.ar\/site\/multitudinaria-reunion-de-compradores-de-autos-con-planes-de-ahorro\/","title":{"rendered":"Multitudinaria reuni\u00f3n de compradores de autos con planes de ahorro"},"content":{"rendered":"<p>La Sala de Pensamiento de la Legislatura provincial desbord\u00f3 de gente. Son compradores de\u00a0veh\u00edculos con planes de ahorro a los que se les ha triplicado la cuota que abonan. Hay un proyecto destinado a atenuar el impacto.<\/p>\n<p>El diputado Espartaco Mar\u00edn, junto a sus colegas Eduardo Tindiglia y Luis Solana, impulsan una iniciativa para tratar de atenuar el impacto de las cuotas de los planes de ahorro de los veh\u00edculos que con la disparada del d\u00f3lar se triplicaron.<\/p>\n<p>Adem\u00e1s est\u00e1 presente directora de Comercio Interior, Marisa Casimiro a cargo de la Oficina de Defensa del Consumidor.<\/p>\n<p>\u201cLa charla tiene que ver tener una charla informativa para conocer las dificultades puntuales que tiene, con las que despu\u00e9s nos quedaremos, para charlas con cada uno de ustedes\u201d, dijo Espartaco Mar\u00edn.<\/p>\n<p>\u201cLes queremos contar las alternativas que tienen ante la situaci\u00f3n que est\u00e1n padeciendo, que de muy buena fe han empezado contratando planes de ahorro que era tal vez la \u00fanica posiblidad de comprar un auto y que hoy se ven superado por el valor de esas cuotas\u201d, afirm\u00f3.<\/p>\n<p>\u201c<strong>Hay distintas alternativas que queremos informarles. Algunos ya las conocen. A los que no las conocen es importante transmitirselas<\/strong>\u201d, dijo. \u201cUstedes vienen por una acci\u00f3n judicial, pero no es la \u00fanica\u201d, explic\u00f3.<\/p>\n<p>Mar\u00edn destac\u00f3 que \u201cfrente a este contrato que tienen hay una posiblidad de reclamo que es la Oficina de Defensa del Consumidor. Esa posiblidad normalmente es por incumplimiento del contrato, pero despu\u00e9s Marisa (Casimiro) dir\u00e1 cu\u00e1l es el tr\u00e1mite que trae aparejado un incumplimiento de esto tipo. El segundo canal es la IGJ (Inspecci\u00f3n General de Justicia) que es la autoridad de aplicaci\u00f3n de los planes de ahorro. Es un organismo nacional, que tiene domicilio en Capital Federal (no tiene domicilio en La Pampa) y pueden recurrir a trav\u00e9s de la corespondencia o de un 0-800\u201d, dijo el legislador provincial.<\/p>\n<p>\u201cMi impresi\u00f3n de la IGJ, estuve con el director la semana pasada, es que no tienen fueza sancionatoria frente a la adminsitradora de los planes. No tienen multas severas por lo que las administradoras se siguen manejando con cierta independencia frente al control. No tienen domicilio en La Pampa y tienen que llamar por tel\u00e9fono. Tiene un horario de atenci\u00f3n que no es del todo c\u00f3modo. No s\u00e9 si alguno llam\u00f3 al 0-800 pero es dif\u00edcil comunicarse\u201d, dijo el legislador.<\/p>\n<p>\u201cLa tercera v\u00eda es una v\u00eda legislativa que tarda. Avanzamos para legislar los planes a nivel provincial\u201d, explic\u00f3 Mar\u00edn.<\/p>\n<p>\u201cEsto tarde y el problema de ustedes es urgente\u201d, dijo. \u201cHay una ley nacional presentada por el diputado nacional Ariel Rauschenberger y el diputado Daniel Arroyo que prev\u00e9 el congelamiento de las cuotas. Y una ley provincial (proyecto) que eleva la vara de control\u201d, se\u00f1al\u00f3.<\/p>\n<p>La cuarta v\u00eda es la decisi\u00f3n del presidente Mauricio Macri que difiere el pago de las cuotas. \u201cSi les lleg\u00f3 la notificaci\u00f3n, se difiere el pago del 20% como m\u00ednimo. Tengo entendido que es una opci\u00f3n del usuario del plan\u201d, asegur\u00f3 Mar\u00edn.<\/p>\n<p>\u201cEsto es patear la pelota para adelante. Hoy est\u00e1n pagando una cuota de 10 mil pesos. Que la difieren: se paga 8 mil. Pero el a\u00f1o que viene pag\u00e1s 12 mil. Pag\u00e1s el incremento proporcional y lo que se difiere. Lo mismo que han hecho (el Gobierno nacional) con las tarifas, es decir patear la pelora para adelante. Como no es una soluci\u00f3n de fondo, es moment\u00e1nea es otra v\u00eda que puede tomar por su propia voluntad\u201d, dijo le legislador.<\/p>\n<p>En relaci\u00f3n a la v\u00eda judicial, Espartaco Mar\u00edn dijo que \u201cno venimos a envalentonar a nadie. Ni a decirles que vamos a presentar una acci\u00f3n porque al otro d\u00eda tenemos una resoluci\u00f3n favorable. A tal punto que hay provincias que han presentado un amparo y han tenido una resoluci\u00f3n favorable y otras uno desfavorable. R\u00edo Negro y Entre R\u00edos han tenido el visto bueno y han podido avanzar. Pero en C\u00f3rdoba no, donde la industria automotriz es muy importante\u201d, detall\u00f3.<\/p>\n<p>Los asistentes concurrieron con el DNI, contrato suscripto, \u00faltimas 12 cuotas pagas, recibo de sueldo o ingresos del mes en que se suscribi\u00f3 el contrato.<\/p>\n<p>De acuerdo a lo que dio a conocer el propio diputado Mar\u00edn, apenas lanzada la convocatoria ya hay 200 formularios presentados. \u201cHay gente del interior de la provincia, pero tambi\u00e9n algunas de la provincia de Buenos Aires\u201d, dijo.<\/p>\n<p><img decoding=\"async\" src=\"https:\/\/www.eldiariodelapampa.com.ar\/images\/2019\/Septiembre\/12-09-2019\/diputados-ahorros-28.jpg\" alt=\"diputados ahorros 28\" \/><\/p>\n<div class=\"oasis-despues-del-contenido\" id=\"oasis-292726709\"><img loading=\"lazy\" decoding=\"async\" src=\"https:\/\/oasisfm935.com.ar\/site\/wp-content\/uploads\/2020\/08\/47806202-8741-49f2-a5c9-d2f930e5baa1.jpg\" alt=\"\"  srcset=\"https:\/\/oasisfm935.com.ar\/site\/wp-content\/uploads\/2020\/08\/47806202-8741-49f2-a5c9-d2f930e5baa1.jpg 1080w, https:\/\/oasisfm935.com.ar\/site\/wp-content\/uploads\/2020\/08\/47806202-8741-49f2-a5c9-d2f930e5baa1-300x300.jpg 300w, https:\/\/oasisfm935.com.ar\/site\/wp-content\/uploads\/2020\/08\/47806202-8741-49f2-a5c9-d2f930e5baa1-1024x1024.jpg 1024w, https:\/\/oasisfm935.com.ar\/site\/wp-content\/uploads\/2020\/08\/47806202-8741-49f2-a5c9-d2f930e5baa1-150x150.jpg 150w, https:\/\/oasisfm935.com.ar\/site\/wp-content\/uploads\/2020\/08\/47806202-8741-49f2-a5c9-d2f930e5baa1-768x768.jpg 768w\" sizes=\"(max-width: 1080px) 100vw, 1080px\" class=\"no-lazyload\" width=\"1080\" height=\"1080\"  style=\"display: inline-block;\" \/><\/div>","protected":false},"excerpt":{"rendered":"<p>La Sala de Pensamiento de la Legislatura provincial desbord\u00f3 de gente. Son compradores de\u00a0veh\u00edculos con planes de ahorro a los que se<\/p>\n","protected":false},"author":4,"featured_media":2729,"comment_status":"closed","ping_status":"open","sticky":false,"template":"","format":"standard","meta":{"colormag_page_layout":"default_layout","footnotes":""},"categories":[2],"tags":[],"class_list":["post-2728","post","type-post","status-publish","format-standard","has-post-thumbnail","hentry","category-noticias"],"_links":{"self":[{"href":"https:\/\/oasisfm935.com.ar\/site\/wp-json\/wp\/v2\/posts\/2728","targetHints":{"allow":["GET"]}}],"collection":[{"href":"https:\/\/oasisfm935.com.ar\/site\/wp-json\/wp\/v2\/posts"}],"about":[{"href":"https:\/\/oasisfm935.com.ar\/site\/wp-json\/wp\/v2\/types\/post"}],"author":[{"embeddable":true,"href":"https:\/\/oasisfm935.com.ar\/site\/wp-json\/wp\/v2\/users\/4"}],"replies":[{"embeddable":true,"href":"https:\/\/oasisfm935.com.ar\/site\/wp-json\/wp\/v2\/comments?post=2728"}],"version-history":[{"count":1,"href":"https:\/\/oasisfm935.com.ar\/site\/wp-json\/wp\/v2\/posts\/2728\/revisions"}],"predecessor-version":[{"id":2730,"href":"https:\/\/oasisfm935.com.ar\/site\/wp-json\/wp\/v2\/posts\/2728\/revisions\/2730"}],"wp:featuredmedia":[{"embeddable":true,"href":"https:\/\/oasisfm935.com.ar\/site\/wp-json\/wp\/v2\/media\/2729"}],"wp:attachment":[{"href":"https:\/\/oasisfm935.com.ar\/site\/wp-json\/wp\/v2\/media?parent=2728"}],"wp:term":[{"taxonomy":"category","embeddable":true,"href":"https:\/\/oasisfm935.com.ar\/site\/wp-json\/wp\/v2\/categories?post=2728"},{"taxonomy":"post_tag","embeddable":true,"href":"https:\/\/oasisfm935.com.ar\/site\/wp-json\/wp\/v2\/tags?post=2728"}],"curies":[{"name":"wp","href":"https:\/\/api.w.org\/{rel}","templated":true}]}}