{"id":2744,"date":"2019-09-14T18:53:51","date_gmt":"2019-09-14T21:53:51","guid":{"rendered":"http:\/\/oasisfm935.com\/site\/?p=2744"},"modified":"2019-09-14T19:48:19","modified_gmt":"2019-09-14T22:48:19","slug":"un-hombre-fue-hospitalizado-tras-chocar-en-ruta-no-4-a-pocos-metros-del-acceso-a-caleufu","status":"publish","type":"post","link":"https:\/\/oasisfm935.com.ar\/site\/un-hombre-fue-hospitalizado-tras-chocar-en-ruta-no-4-a-pocos-metros-del-acceso-a-caleufu\/","title":{"rendered":"Un hombre fue hospitalizado tras chocar en Ruta N\u00ba 4 a pocos metros del acceso a Caleuf\u00fa"},"content":{"rendered":"<p>&nbsp;<\/p>\n<p>Se trata de un auto Ford Focus que viajaba con destino a Pichi Huinca, lugar de residencia del hombre.\u00a0Fue trasladado al Hospital de dicha localidad donde qued\u00f3 en observaci\u00f3n.<\/p>\n<p><a class=\"thumbnail highslide\" href=\"https:\/\/www.infopico.com\/images\/stories\/com_form2content\/p1\/f34247\/WhatsApp_Image_2019-09-14_at_18.36.32.jpeg\"><img loading=\"lazy\" decoding=\"async\" class=\"\" title=\"\" src=\"https:\/\/www.infopico.com\/images\/thumbnails\/images\/stories\/com_form2content\/p1\/f34247\/WhatsApp_Image_2019-09-14_at_18.36.32-fit-666x444.jpeg\" alt=\"\" width=\"666\" height=\"444\" data-cfsrc=\"\/images\/thumbnails\/images\/stories\/com_form2content\/p1\/f34247\/WhatsApp_Image_2019-09-14_at_18.36.32-fit-666x444.jpeg\" data-cfstyle=\"\" \/><\/a><\/p>\n<div class=\"texto_noticia_policial\">\n<p>Esta ma\u00f1ana temprano, alrededor de las 05.40 horas se produjo un accidente de tr\u00e1nsito protagonizado por un hombre de 26 a\u00f1os sobre la Ruta 4 a pocos metros del acceso oeste a la localidad de Caleuf\u00fa.<\/p>\n<p>Se trata de un auto Ford Focus que viajaba con destino a Pichi Huinca,\u00a0lugar de residencia del hombre.<\/p>\n<p>En este caso, el hombre perdi\u00f3 el control del veh\u00edculo y termin\u00f3 dentro de un campo.<\/p>\n<p>Fue\u00a0trasladado\u00a0al Hospital de\u00a0dicha localidad\u00a0donde qued\u00f3 en observaci\u00f3n. Presentaba algunos golpes pero no de gravedad\u00a0aparente.<\/p>\n<p>La informaci\u00f3n fue\u00a0suministrada a\u00a0<strong>infopico.com<\/strong>\u00a0por el comisario de Caleuf\u00fa, Javier Resch.<\/p>\n<\/div>\n<div class=\"oasis-despues-del-contenido\" id=\"oasis-2138242843\"><img loading=\"lazy\" decoding=\"async\" src=\"https:\/\/oasisfm935.com.ar\/site\/wp-content\/uploads\/2020\/08\/47806202-8741-49f2-a5c9-d2f930e5baa1.jpg\" alt=\"\"  srcset=\"https:\/\/oasisfm935.com.ar\/site\/wp-content\/uploads\/2020\/08\/47806202-8741-49f2-a5c9-d2f930e5baa1.jpg 1080w, https:\/\/oasisfm935.com.ar\/site\/wp-content\/uploads\/2020\/08\/47806202-8741-49f2-a5c9-d2f930e5baa1-300x300.jpg 300w, https:\/\/oasisfm935.com.ar\/site\/wp-content\/uploads\/2020\/08\/47806202-8741-49f2-a5c9-d2f930e5baa1-1024x1024.jpg 1024w, https:\/\/oasisfm935.com.ar\/site\/wp-content\/uploads\/2020\/08\/47806202-8741-49f2-a5c9-d2f930e5baa1-150x150.jpg 150w, https:\/\/oasisfm935.com.ar\/site\/wp-content\/uploads\/2020\/08\/47806202-8741-49f2-a5c9-d2f930e5baa1-768x768.jpg 768w\" sizes=\"(max-width: 1080px) 100vw, 1080px\" class=\"no-lazyload\" width=\"1080\" height=\"1080\"  style=\"display: inline-block;\" \/><\/div>","protected":false},"excerpt":{"rendered":"<p>&nbsp; Se trata de un auto Ford Focus que viajaba con destino a Pichi Huinca, lugar de residencia del hombre.\u00a0Fue trasladado al<\/p>\n","protected":false},"author":4,"featured_media":2747,"comment_status":"closed","ping_status":"open","sticky":false,"template":"","format":"standard","meta":{"colormag_page_layout":"default_layout","footnotes":""},"categories":[2],"tags":[],"class_list":["post-2744","post","type-post","status-publish","format-standard","has-post-thumbnail","hentry","category-noticias"],"_links":{"self":[{"href":"https:\/\/oasisfm935.com.ar\/site\/wp-json\/wp\/v2\/posts\/2744","targetHints":{"allow":["GET"]}}],"collection":[{"href":"https:\/\/oasisfm935.com.ar\/site\/wp-json\/wp\/v2\/posts"}],"about":[{"href":"https:\/\/oasisfm935.com.ar\/site\/wp-json\/wp\/v2\/types\/post"}],"author":[{"embeddable":true,"href":"https:\/\/oasisfm935.com.ar\/site\/wp-json\/wp\/v2\/users\/4"}],"replies":[{"embeddable":true,"href":"https:\/\/oasisfm935.com.ar\/site\/wp-json\/wp\/v2\/comments?post=2744"}],"version-history":[{"count":1,"href":"https:\/\/oasisfm935.com.ar\/site\/wp-json\/wp\/v2\/posts\/2744\/revisions"}],"predecessor-version":[{"id":2745,"href":"https:\/\/oasisfm935.com.ar\/site\/wp-json\/wp\/v2\/posts\/2744\/revisions\/2745"}],"wp:featuredmedia":[{"embeddable":true,"href":"https:\/\/oasisfm935.com.ar\/site\/wp-json\/wp\/v2\/media\/2747"}],"wp:attachment":[{"href":"https:\/\/oasisfm935.com.ar\/site\/wp-json\/wp\/v2\/media?parent=2744"}],"wp:term":[{"taxonomy":"category","embeddable":true,"href":"https:\/\/oasisfm935.com.ar\/site\/wp-json\/wp\/v2\/categories?post=2744"},{"taxonomy":"post_tag","embeddable":true,"href":"https:\/\/oasisfm935.com.ar\/site\/wp-json\/wp\/v2\/tags?post=2744"}],"curies":[{"name":"wp","href":"https:\/\/api.w.org\/{rel}","templated":true}]}}