{"id":2751,"date":"2019-09-16T11:55:16","date_gmt":"2019-09-16T14:55:16","guid":{"rendered":"http:\/\/oasisfm935.com\/site\/?p=2751"},"modified":"2019-09-16T11:55:16","modified_gmt":"2019-09-16T14:55:16","slug":"alberto-y-cristina-cierran-la-campana-en-santa-rosa","status":"publish","type":"post","link":"https:\/\/oasisfm935.com.ar\/site\/alberto-y-cristina-cierran-la-campana-en-santa-rosa\/","title":{"rendered":"Alberto y Cristina cierran la campa\u00f1a en Santa Rosa"},"content":{"rendered":"<p><strong>La f\u00f3rmula presidencial del Frente de Todos, Alberto Fern\u00e1ndez y Cristina Fern\u00e1ndez<\/strong>\u00a0realizar\u00e1n el acto del D\u00eda de la Lealtad Peronista el pr\u00f3ximo 17 de octubre en Santa Rosa. Ser\u00e1 tambi\u00e9n el cierre de la campa\u00f1a.<\/p>\n<p>Hace unos d\u00edas se hab\u00eda confirmado la presencia de la expresidenta, Cristina Fern\u00e1ndez en Santa Rosa para realizar el acto del D\u00eda de la Lealtad Peronista y la visita del candidato a presidente del Frente de Todos, Alberto Fern\u00e1ndez a General Pico. Pero ahora, se confirm\u00f3 que los actos se unificar\u00e1n y la f\u00f3rmula presidencial del Frente de Todos har\u00e1 un acto de cierre de campa\u00f1a nacional el pr\u00f3ximo 17 de octubre en Santa Rosa.<\/p>\n<p>Es casi seguro que el acto contar\u00e1 con la presencia de unos 10 gobernadores peronistas y m\u00e1s de 200 intendentes del pa\u00eds.<\/p>\n<p>Las fuentes consultadas por El Diario, explicaron que est\u00e1n definiendo el lugar para albergar el acto. Hab\u00eda trascendido la posibilidad de que se haga en el Aut\u00f3dromo de La Pampa, pero esto fue descartado.<\/p>\n<p>Como se inform\u00f3, desde el entorno de Cristina Kirchner aseguraron que visatar\u00e1 la provincia el D\u00eda de la Lealtad Peronista como una forma de \u201cagradecer\u201d al gobernador Carlos Verna por el rol que jug\u00f3 en la unidad del peronismo, al ser el primero que sell\u00f3 un acuerdo con el kirchnerismo, adem\u00e1s de ser uno de los m\u00e1s duros cr\u00edticos del gobierno de Mauricio Macri.<\/p>\n<p>Aseguran que la elecci\u00f3n de La Pampa como sede en una fecha clave para la \u201cm\u00edstica\u201d peronista y al filo del cierre de la campa\u00f1a no es casual.<\/p>\n<p>\u201cCerca de Cristina admiten que est\u00e1 agradecida por el rol que jug\u00f3 Verna, uno de los primeros en cerrar una lista \u00fanica con el kirchnerismo en su provincia, algo que luego se replicar\u00eda en muchos otros distritos y facilitar\u00eda la unidad a nivel nacional.\u00a0Adem\u00e1s, el pampeano fue tambi\u00e9n uno de los m\u00e1s duros a la hora de enfrentar las pol\u00edticas de Macri\u201d, hab\u00edan dicho.<\/p>\n<div class=\"oasis-despues-del-contenido\" id=\"oasis-1435581693\"><img loading=\"lazy\" decoding=\"async\" src=\"https:\/\/oasisfm935.com.ar\/site\/wp-content\/uploads\/2020\/08\/47806202-8741-49f2-a5c9-d2f930e5baa1.jpg\" alt=\"\"  srcset=\"https:\/\/oasisfm935.com.ar\/site\/wp-content\/uploads\/2020\/08\/47806202-8741-49f2-a5c9-d2f930e5baa1.jpg 1080w, https:\/\/oasisfm935.com.ar\/site\/wp-content\/uploads\/2020\/08\/47806202-8741-49f2-a5c9-d2f930e5baa1-300x300.jpg 300w, https:\/\/oasisfm935.com.ar\/site\/wp-content\/uploads\/2020\/08\/47806202-8741-49f2-a5c9-d2f930e5baa1-1024x1024.jpg 1024w, https:\/\/oasisfm935.com.ar\/site\/wp-content\/uploads\/2020\/08\/47806202-8741-49f2-a5c9-d2f930e5baa1-150x150.jpg 150w, https:\/\/oasisfm935.com.ar\/site\/wp-content\/uploads\/2020\/08\/47806202-8741-49f2-a5c9-d2f930e5baa1-768x768.jpg 768w\" sizes=\"(max-width: 1080px) 100vw, 1080px\" class=\"no-lazyload\" width=\"1080\" height=\"1080\"  style=\"display: inline-block;\" \/><\/div>","protected":false},"excerpt":{"rendered":"<p>La f\u00f3rmula presidencial del Frente de Todos, Alberto Fern\u00e1ndez y Cristina Fern\u00e1ndez\u00a0realizar\u00e1n el acto del D\u00eda de la Lealtad Peronista el pr\u00f3ximo<\/p>\n","protected":false},"author":4,"featured_media":2752,"comment_status":"closed","ping_status":"open","sticky":false,"template":"","format":"standard","meta":{"colormag_page_layout":"default_layout","footnotes":""},"categories":[2],"tags":[],"class_list":["post-2751","post","type-post","status-publish","format-standard","has-post-thumbnail","hentry","category-noticias"],"_links":{"self":[{"href":"https:\/\/oasisfm935.com.ar\/site\/wp-json\/wp\/v2\/posts\/2751","targetHints":{"allow":["GET"]}}],"collection":[{"href":"https:\/\/oasisfm935.com.ar\/site\/wp-json\/wp\/v2\/posts"}],"about":[{"href":"https:\/\/oasisfm935.com.ar\/site\/wp-json\/wp\/v2\/types\/post"}],"author":[{"embeddable":true,"href":"https:\/\/oasisfm935.com.ar\/site\/wp-json\/wp\/v2\/users\/4"}],"replies":[{"embeddable":true,"href":"https:\/\/oasisfm935.com.ar\/site\/wp-json\/wp\/v2\/comments?post=2751"}],"version-history":[{"count":1,"href":"https:\/\/oasisfm935.com.ar\/site\/wp-json\/wp\/v2\/posts\/2751\/revisions"}],"predecessor-version":[{"id":2753,"href":"https:\/\/oasisfm935.com.ar\/site\/wp-json\/wp\/v2\/posts\/2751\/revisions\/2753"}],"wp:featuredmedia":[{"embeddable":true,"href":"https:\/\/oasisfm935.com.ar\/site\/wp-json\/wp\/v2\/media\/2752"}],"wp:attachment":[{"href":"https:\/\/oasisfm935.com.ar\/site\/wp-json\/wp\/v2\/media?parent=2751"}],"wp:term":[{"taxonomy":"category","embeddable":true,"href":"https:\/\/oasisfm935.com.ar\/site\/wp-json\/wp\/v2\/categories?post=2751"},{"taxonomy":"post_tag","embeddable":true,"href":"https:\/\/oasisfm935.com.ar\/site\/wp-json\/wp\/v2\/tags?post=2751"}],"curies":[{"name":"wp","href":"https:\/\/api.w.org\/{rel}","templated":true}]}}