{"id":2762,"date":"2019-09-17T10:13:34","date_gmt":"2019-09-17T13:13:34","guid":{"rendered":"http:\/\/oasisfm935.com\/site\/?p=2762"},"modified":"2019-09-17T10:28:47","modified_gmt":"2019-09-17T13:28:47","slug":"pena-e-importantes-inauguraciones-por-el-109o-aniversario-de-luiggi","status":"publish","type":"post","link":"https:\/\/oasisfm935.com.ar\/site\/pena-e-importantes-inauguraciones-por-el-109o-aniversario-de-luiggi\/","title":{"rendered":"Pe\u00f1a e importantes inauguraciones por el 109\u00ba aniversario de Luiggi"},"content":{"rendered":"<p><strong>Con importantes inauguraciones que se realizar\u00e1n este viernes y una pe\u00f1a folcl\u00f3rica el s\u00e1bado, que contar\u00e1 con la presencia de Facundo \u00abChichi\u00bb Calder\u00f3n, Los Caldenes, Paola Ruiz D\u00edaz y Tom\u00e1s V\u00e1zquez, Ingeniero Luiggi celebra su 109\u00ba aniversario.<\/strong><\/p>\n<p>Los\u00a0 festejos por este nuevo aniversario\u00a0 de la localidad comenzaron este s\u00e1bado con la presentaci\u00f3n de Lucrecia Rodrigo en el Centro Cultural Municipal, y la actuaci\u00f3n del XVII Coral La Pampa el el Auditorio Municipal el domingo.<\/p>\n<p>Este martes desde las 18.30 horas en el Centro Cultural ser exhibir\u00e1 la muestra pl\u00e1stica \u00abResistiendo con arte\u00bb de las artistas Claudia Cantelmi y Norma Testa.<\/p>\n<p><strong>Inauguraciones<\/strong><\/p>\n<p>El viernes se llevar\u00e1n adelante importantes inauguraciones en la localidad: desde las 11.00\u00a0 horas se inugurar\u00e1 el Centro de Rehabilitaci\u00f3n Regional de Entrenamiento F\u00edsico y Neurorehabilitaci\u00f3n y 10 viviendas del Plan Mi Casa.<\/p>\n<p>Este centro neurol\u00f3gico atender\u00e1 a unnos 400 pacientes de toda la zona, tendr\u00e1 10 m\u00e9dicos, entre otros profesionales de la salud, y\u00a0 una pileta de rehabilitaci\u00f3n.<\/p>\n<p><strong>\u00abSe trata de una obra de suma importancia porque abarcar\u00e1 la atenci\u00f3n de m\u00e1s de 400 personas del norte de La Pampa\u00bb<\/strong>, asegur\u00f3 Zanoli.<\/p>\n<p><strong>Pe\u00f1a folcl\u00f3rica<\/strong><\/p>\n<p>En tanto el s\u00e1bado se llevar\u00e1 adelante la Pe\u00f1a aniversario desde las 21 horas en el club Cultural y Deportivo Luiggi.<\/p>\n<p><strong>Actuar\u00e1n Facundo \u00abChichi\u00bb Calder\u00f3n, Los Caldenes, Paola Ruiz D\u00edaz, Tom\u00e1s V\u00e1zquez, Ingeniero Luiggi celebrar\u00e1 su 109\u00ba aniversario.<\/strong><\/p>\n<p>Desde el municipio luiggense invitaron a los vecinos de la localidad y la zona a que se sumen a esta pe\u00f1a que ser\u00e1\u00a0<strong>con entrada libre y gratuita.<\/strong><\/p>\n<p>&nbsp;<\/p>\n<p>Zonal Noticias<\/p>\n<div class=\"oasis-despues-del-contenido\" id=\"oasis-771177517\"><img loading=\"lazy\" decoding=\"async\" src=\"https:\/\/oasisfm935.com.ar\/site\/wp-content\/uploads\/2020\/08\/47806202-8741-49f2-a5c9-d2f930e5baa1.jpg\" alt=\"\"  srcset=\"https:\/\/oasisfm935.com.ar\/site\/wp-content\/uploads\/2020\/08\/47806202-8741-49f2-a5c9-d2f930e5baa1.jpg 1080w, https:\/\/oasisfm935.com.ar\/site\/wp-content\/uploads\/2020\/08\/47806202-8741-49f2-a5c9-d2f930e5baa1-300x300.jpg 300w, https:\/\/oasisfm935.com.ar\/site\/wp-content\/uploads\/2020\/08\/47806202-8741-49f2-a5c9-d2f930e5baa1-1024x1024.jpg 1024w, https:\/\/oasisfm935.com.ar\/site\/wp-content\/uploads\/2020\/08\/47806202-8741-49f2-a5c9-d2f930e5baa1-150x150.jpg 150w, https:\/\/oasisfm935.com.ar\/site\/wp-content\/uploads\/2020\/08\/47806202-8741-49f2-a5c9-d2f930e5baa1-768x768.jpg 768w\" sizes=\"(max-width: 1080px) 100vw, 1080px\" class=\"no-lazyload\" width=\"1080\" height=\"1080\"  style=\"display: inline-block;\" \/><\/div>","protected":false},"excerpt":{"rendered":"<p>Con importantes inauguraciones que se realizar\u00e1n este viernes y una pe\u00f1a folcl\u00f3rica el s\u00e1bado, que contar\u00e1 con la presencia de Facundo \u00abChichi\u00bb<\/p>\n","protected":false},"author":4,"featured_media":2763,"comment_status":"closed","ping_status":"open","sticky":false,"template":"","format":"standard","meta":{"colormag_page_layout":"default_layout","footnotes":""},"categories":[2],"tags":[],"class_list":["post-2762","post","type-post","status-publish","format-standard","has-post-thumbnail","hentry","category-noticias"],"_links":{"self":[{"href":"https:\/\/oasisfm935.com.ar\/site\/wp-json\/wp\/v2\/posts\/2762","targetHints":{"allow":["GET"]}}],"collection":[{"href":"https:\/\/oasisfm935.com.ar\/site\/wp-json\/wp\/v2\/posts"}],"about":[{"href":"https:\/\/oasisfm935.com.ar\/site\/wp-json\/wp\/v2\/types\/post"}],"author":[{"embeddable":true,"href":"https:\/\/oasisfm935.com.ar\/site\/wp-json\/wp\/v2\/users\/4"}],"replies":[{"embeddable":true,"href":"https:\/\/oasisfm935.com.ar\/site\/wp-json\/wp\/v2\/comments?post=2762"}],"version-history":[{"count":5,"href":"https:\/\/oasisfm935.com.ar\/site\/wp-json\/wp\/v2\/posts\/2762\/revisions"}],"predecessor-version":[{"id":2768,"href":"https:\/\/oasisfm935.com.ar\/site\/wp-json\/wp\/v2\/posts\/2762\/revisions\/2768"}],"wp:featuredmedia":[{"embeddable":true,"href":"https:\/\/oasisfm935.com.ar\/site\/wp-json\/wp\/v2\/media\/2763"}],"wp:attachment":[{"href":"https:\/\/oasisfm935.com.ar\/site\/wp-json\/wp\/v2\/media?parent=2762"}],"wp:term":[{"taxonomy":"category","embeddable":true,"href":"https:\/\/oasisfm935.com.ar\/site\/wp-json\/wp\/v2\/categories?post=2762"},{"taxonomy":"post_tag","embeddable":true,"href":"https:\/\/oasisfm935.com.ar\/site\/wp-json\/wp\/v2\/tags?post=2762"}],"curies":[{"name":"wp","href":"https:\/\/api.w.org\/{rel}","templated":true}]}}