{"id":2774,"date":"2019-09-18T10:20:52","date_gmt":"2019-09-18T13:20:52","guid":{"rendered":"http:\/\/oasisfm935.com\/site\/?p=2774"},"modified":"2019-09-18T10:20:52","modified_gmt":"2019-09-18T13:20:52","slug":"el-director-horacio-larregui-cuestiono-duramente-a-la-secretaria-de-cultura-maggio","status":"publish","type":"post","link":"https:\/\/oasisfm935.com.ar\/site\/el-director-horacio-larregui-cuestiono-duramente-a-la-secretaria-de-cultura-maggio\/","title":{"rendered":"EL DIRECTOR HORACIO LARREGUI CUESTION\u00d3 DURAMENTE A LA SECRETARIA DE CULTURA MAGGIO"},"content":{"rendered":"<p>El profesor Horacio Larregui, director de \u00abLa Maruja Ballet\u00bb se expres\u00f3 sobre la determinaci\u00f3n del gobierno provincial, a trav\u00e9s de la Secretar\u00eda de Cultura de intentar eliminar la elecci\u00f3n de reinas en las diversas fiestas tradicionales.<\/p>\n<p>En tal sentido y consultado sobre el tema, en di\u00e1logo con\u00a0<a href=\"https:\/\/www.facebook.com\/142303193152235\/photos\/371778186871400\/\" target=\"_blank\" rel=\"noopener noreferrer\">InfoTec 4.0<\/a>, Larregui afirm\u00f3:\u00a0<em><strong>\u00abMe considero un trabajador a destajo por nuestra cultura argentina y por sobre todo por la \u201ccultura pampeana\u201d, y teniendo en cuenta la molestia que se le ha provocado a muchas j\u00f3venes como mi hija, \u00e9sto un secreto a voces pero que muchos no se animan a decir, me averg\u00fcenzo como trabajador incansable de nuestra cultura, que desde una entidad como lo es la Secretar\u00eda de Cultura se imponga, s\u00ed s\u00ed, dije se \u00abimponga\u00bb a organizadores de fiestas populares no efectuar elecci\u00f3n de reinas y princesas que son embajadoras culturales de cada fiesta, caso contrario se les quitar\u00e1 el apoyo\u00bb.<\/strong><\/em><\/p>\n<p>En directa alusi\u00f3n a la licenciada Maggio el director del ballet de La Maruja carg\u00f3 fuerte al sostener:\u00a0<em><strong>\u00abLe quiero decir a esta se\u00f1ora a cargo de esta secretar\u00eda que el dinero que puede llegar a manejar para estos eventos es dinero de nosotros, o sea del pueblo, y adem\u00e1s que su sueldo lo pagamos nosotros, o sea el pueblo, con los impuestos.\u00a0Le quiero decir tambi\u00e9n que deber\u00eda poner sus energ\u00edas en lo referente a \u201cCultura\u201d que es una palabra que va mucho mas all\u00e1 de lo que est\u00e1 haciendo. Somos muchos grupos de danza, cantores, cantautores y dem\u00e1s del interior pampeano que estamos totalmente discriminados\u00bb<\/strong><\/em>, cuestion\u00f3.<\/p>\n<p>M\u00e1s adelante Horacio Larregui sostuvo:\u00a0<em><strong>\u00abEn nuestro caso particular , y ya que la secretaria pregona \u201cmas mujeres sobre los escenarios\u201c, y que me parece totalmente justo, le aviso que nuestra instituci\u00f3n trabaja permanentemente con 40 o 50 mujeres que ponen todo su empe\u00f1o en salir a dejar a La Pampa en lo m\u00e1s alto y desde que Adriana Maggio est\u00e1 en esta gesti\u00f3n, \u201cjam\u00e1s recibimos apoyo\u201d y es m\u00e1s, jam\u00e1s recibimos un comentario o un m\u00edsero \u201cme gusta\u201d en las publicaciones que permanentemente hacemos del trabajo que realizamos, y \u00e9stas son mujeres que hacen malabares para dejar sus hijos y poder venir a los ensayos, tambi\u00e9n dentro de estas mujeres tenemos juveniles que dejan el boliche para estar en las presentaciones o salen del colegio, dejan la mochila y muchas veces sin merendar corren al ensayo, tambi\u00e9n tenemos ni\u00f1as que dejan sus juguetes o juegos para estar en los ensayos, tenemos mujeres que son mam\u00e1s de estas criaturas que est\u00e1n pendientes del trabajo cultural que realizamos y reitero \u201cjamas recibimos ni un m\u00edsero me gusta de\u00a0 su parte o de parte de su subsecretar\u00eda.\u00a0Enc\u00e1rguese tambi\u00e9n de preocuparse por estas mujeres\u2026 adem\u00e1s quiero preguntarle: \u00bfqu\u00e9 \u00a0va ha hacer con los Juegos Evita? donde se compite en todo, uno de los chicos se va contento y el resto se van con l\u00e1grimas como lo he visto yo con mis propios ojos\u00bb.<\/strong><\/em><\/p>\n<p><em><strong>\u00ab\u00bfQu\u00e9 va ha hacer con el malambo femenino? que apareci\u00f3 ahora y a pura competencia \u201cuna sola\u201d sale ganando, las otras se marchan con tristeza\u00bb,\u00a0<\/strong><\/em>plante\u00f3.<\/p>\n<p>Ya finalizando el di\u00e1logo, sostuvo sus cr\u00edticas hacia el \u00e1rea que dirige la funcionaria al sostener que\u00a0<em><strong>\u00abTambi\u00e9n quiero decirle que existen muchas fiestas populares en La Pampa y con esta imposici\u00f3n solo est\u00e1 provocando terminar con una tradici\u00f3n de a\u00f1os. A mi criterio, solo apoya y conoce las fiestas de sus amigos. Para cerrar quiero tambi\u00e9n pedirle que deje vivir, deje pensar diferente, deje a nuestras chicas tranquilas (le recuerdo que estamos en democracia e imponer es de dictadura) y no utilice su cargo presionando para imponer ideas&#8230; tome como ejemplo la gesti\u00f3n anterior a la suya donde el lema era \u201cLa Cultura es un Derecho\u201d y todo el mundo era apoyado de igual manera y todos ten\u00edamos acceso a mostrar nuestro trabajo y adem\u00e1s a utilizar el\u00a0 Centro Cultural Pampeano\u00bb<\/strong><\/em>, concluy\u00f3.<\/p>\n<div class=\"oasis-despues-del-contenido\" id=\"oasis-1222849128\"><img loading=\"lazy\" decoding=\"async\" src=\"https:\/\/oasisfm935.com.ar\/site\/wp-content\/uploads\/2020\/08\/47806202-8741-49f2-a5c9-d2f930e5baa1.jpg\" alt=\"\"  srcset=\"https:\/\/oasisfm935.com.ar\/site\/wp-content\/uploads\/2020\/08\/47806202-8741-49f2-a5c9-d2f930e5baa1.jpg 1080w, https:\/\/oasisfm935.com.ar\/site\/wp-content\/uploads\/2020\/08\/47806202-8741-49f2-a5c9-d2f930e5baa1-300x300.jpg 300w, https:\/\/oasisfm935.com.ar\/site\/wp-content\/uploads\/2020\/08\/47806202-8741-49f2-a5c9-d2f930e5baa1-1024x1024.jpg 1024w, https:\/\/oasisfm935.com.ar\/site\/wp-content\/uploads\/2020\/08\/47806202-8741-49f2-a5c9-d2f930e5baa1-150x150.jpg 150w, https:\/\/oasisfm935.com.ar\/site\/wp-content\/uploads\/2020\/08\/47806202-8741-49f2-a5c9-d2f930e5baa1-768x768.jpg 768w\" sizes=\"(max-width: 1080px) 100vw, 1080px\" class=\"no-lazyload\" width=\"1080\" height=\"1080\"  style=\"display: inline-block;\" \/><\/div>","protected":false},"excerpt":{"rendered":"<p>El profesor Horacio Larregui, director de \u00abLa Maruja Ballet\u00bb se expres\u00f3 sobre la determinaci\u00f3n del gobierno provincial, a trav\u00e9s de la Secretar\u00eda<\/p>\n","protected":false},"author":4,"featured_media":2775,"comment_status":"closed","ping_status":"open","sticky":false,"template":"","format":"standard","meta":{"colormag_page_layout":"default_layout","footnotes":""},"categories":[2],"tags":[],"class_list":["post-2774","post","type-post","status-publish","format-standard","has-post-thumbnail","hentry","category-noticias"],"_links":{"self":[{"href":"https:\/\/oasisfm935.com.ar\/site\/wp-json\/wp\/v2\/posts\/2774","targetHints":{"allow":["GET"]}}],"collection":[{"href":"https:\/\/oasisfm935.com.ar\/site\/wp-json\/wp\/v2\/posts"}],"about":[{"href":"https:\/\/oasisfm935.com.ar\/site\/wp-json\/wp\/v2\/types\/post"}],"author":[{"embeddable":true,"href":"https:\/\/oasisfm935.com.ar\/site\/wp-json\/wp\/v2\/users\/4"}],"replies":[{"embeddable":true,"href":"https:\/\/oasisfm935.com.ar\/site\/wp-json\/wp\/v2\/comments?post=2774"}],"version-history":[{"count":1,"href":"https:\/\/oasisfm935.com.ar\/site\/wp-json\/wp\/v2\/posts\/2774\/revisions"}],"predecessor-version":[{"id":2776,"href":"https:\/\/oasisfm935.com.ar\/site\/wp-json\/wp\/v2\/posts\/2774\/revisions\/2776"}],"wp:featuredmedia":[{"embeddable":true,"href":"https:\/\/oasisfm935.com.ar\/site\/wp-json\/wp\/v2\/media\/2775"}],"wp:attachment":[{"href":"https:\/\/oasisfm935.com.ar\/site\/wp-json\/wp\/v2\/media?parent=2774"}],"wp:term":[{"taxonomy":"category","embeddable":true,"href":"https:\/\/oasisfm935.com.ar\/site\/wp-json\/wp\/v2\/categories?post=2774"},{"taxonomy":"post_tag","embeddable":true,"href":"https:\/\/oasisfm935.com.ar\/site\/wp-json\/wp\/v2\/tags?post=2774"}],"curies":[{"name":"wp","href":"https:\/\/api.w.org\/{rel}","templated":true}]}}