{"id":2781,"date":"2019-09-18T13:56:23","date_gmt":"2019-09-18T16:56:23","guid":{"rendered":"http:\/\/oasisfm935.com\/site\/?p=2781"},"modified":"2019-09-18T13:56:23","modified_gmt":"2019-09-18T16:56:23","slug":"este-jueves-sin-clases-en-la-pampa-docentes-hacen-un-paro-nacional","status":"publish","type":"post","link":"https:\/\/oasisfm935.com.ar\/site\/este-jueves-sin-clases-en-la-pampa-docentes-hacen-un-paro-nacional\/","title":{"rendered":"Este jueves sin clases en La Pampa: docentes hacen un paro nacional"},"content":{"rendered":"<header id=\"header\" class=\"header-header-5 has-bottom-line\">\n<div id=\"navigation-sticky-wrapper\" class=\"sticky-wrapper is-sticky\">\n<nav id=\"navigation\" class=\"header-layout-bottom menu-style-1 header-5\">\n<div class=\"container\">\n<div id=\"top-search\">Este jueves 19<strong>\u00a0hay paro nacional de docentes<\/strong>\u00a0en todo el pa\u00eds, en repudio y duelo por el fallecimiento de dos maestras en Chubut, seg\u00fan convoc\u00f3 la Central de Trabajadores de la Educaci\u00f3n de la Argentina (Ctera). En La Pampa adhiere el sindicato de la Uni\u00f3n de Trabajadores de la Educaci\u00f3n de La Pampa (Utelpa), por lo que<strong>\u00a0ser\u00e1 masivo el acatamiento y no habr\u00e1 clases en la mayor\u00eda de las escuelas<\/strong>.<\/div>\n<\/div>\n<\/nav>\n<\/div>\n<\/header>\n<div class=\"container container-single penci_sidebar right-sidebar penci-enable-lightbox\">\n<div id=\"main\">\n<div class=\"theiaStickySidebar\">\n<article id=\"post-62982\" class=\"post-62982 post type-post status-publish format-standard has-post-thumbnail hentry category-portada-2 category-sociedad tag-clases tag-paro tag-utelpa\">\n<div class=\"post-entry blockquote-style-1\">\n<div class=\"inner-post-entry\">\n<div class=\"row pb-content-type-text\">\n<div class=\"col-xs-12 col-print-12\">\n<p class=\"element element-paragraph\">La medida de fuerza fue anunciada en conferencia de prensa como resoluci\u00f3n al conflicto en Chubut. Adem\u00e1s, el gremio mayoritario del sector anunci\u00f3 una jornada de duelo en recuerdo a las maestras fallecidas.<\/p>\n<\/div>\n<\/div>\n<div class=\"row pb-content-type-text\">\n<div class=\"col-xs-12 col-print-12\">\n<p class=\"element element-paragraph\">Ayer\u00a0<strong>dos maestras murieron en un siniestro vial en la ruta 3<\/strong>\u00a0cuando regresaban desde Rawson hacia Comodoro Rivadavia, luego de participar de un plenario y una movilizaci\u00f3n en reclamo de salarios adeudados.<\/p>\n<\/div>\n<\/div>\n<div class=\"row pb-content-type-text\">\n<div class=\"col-xs-12 col-print-12\">\n<p class=\"element element-paragraph\">Las v\u00edctimas fueron identificadas como\u00a0<strong>Jorgelina Ru\u00edz D\u00edaz<\/strong>\u00a0y\u00a0<strong>Mar\u00eda Cristina Aguilar,<\/strong>\u00a0ambas docentes de la escuela secundaria 738 de Comodoro Rivadavia. Una de ellas falleci\u00f3 en el acto y la otra, camino al hospital.<\/p>\n<\/div>\n<\/div>\n<div class=\"row pb-content-type-text\">\n<div class=\"col-xs-12 col-print-12\">\n<p class=\"element element-paragraph\"><strong>Es el segundo paro nacional convocado por Ctera por el conflicto en Chubut<\/strong>. Dos semanas atr\u00e1s, el gremio tambi\u00e9n defini\u00f3 una medida a ra\u00edz de las agresiones que hab\u00edan sufrido los maestros. Mientras cortaban la ruta, denuncian que una patota vinculada al sindicato de petroleros los atac\u00f3.<\/p>\n<\/div>\n<\/div>\n<div class=\"row pb-content-type-text\">\n<div class=\"col-xs-12 col-print-12\">\n<p class=\"element element-paragraph\">\u00ab<strong>No puede seguir una semana m\u00e1s este conflicto. Est\u00e1 en juego la paz social de la provincia\u00bb, dijo\u00a0<\/strong>hoy Roberto Baradel, secretario general de Suteba, en conferencia de prensa. \u00abEs una situaci\u00f3n lamentable. Son muertes evitables. La responsabilidad es del gobierno provincial, pero tambi\u00e9n buscamos que el Estado nacional se involucre\u00bb.<\/p>\n<\/div>\n<\/div>\n<div class=\"row pb-content-type-text\">\n<div class=\"col-xs-12 col-print-12\">\n<p class=\"element element-paragraph\">En esa l\u00ednea, el dirigente anunci\u00f3 que buscar\u00e1 hablar con los ministros de Educaci\u00f3n, Alejandro Finocchiaro, y del Interior, Rogelio Figerio, para intentar buscar una soluci\u00f3n al conflicto.<\/p>\n<\/div>\n<\/div>\n<\/div>\n<\/div>\n<\/article>\n<\/div>\n<\/div>\n<\/div>\n<div class=\"oasis-despues-del-contenido\" id=\"oasis-333247131\"><img loading=\"lazy\" decoding=\"async\" src=\"https:\/\/oasisfm935.com.ar\/site\/wp-content\/uploads\/2020\/08\/47806202-8741-49f2-a5c9-d2f930e5baa1.jpg\" alt=\"\"  srcset=\"https:\/\/oasisfm935.com.ar\/site\/wp-content\/uploads\/2020\/08\/47806202-8741-49f2-a5c9-d2f930e5baa1.jpg 1080w, https:\/\/oasisfm935.com.ar\/site\/wp-content\/uploads\/2020\/08\/47806202-8741-49f2-a5c9-d2f930e5baa1-300x300.jpg 300w, https:\/\/oasisfm935.com.ar\/site\/wp-content\/uploads\/2020\/08\/47806202-8741-49f2-a5c9-d2f930e5baa1-1024x1024.jpg 1024w, https:\/\/oasisfm935.com.ar\/site\/wp-content\/uploads\/2020\/08\/47806202-8741-49f2-a5c9-d2f930e5baa1-150x150.jpg 150w, https:\/\/oasisfm935.com.ar\/site\/wp-content\/uploads\/2020\/08\/47806202-8741-49f2-a5c9-d2f930e5baa1-768x768.jpg 768w\" sizes=\"(max-width: 1080px) 100vw, 1080px\" class=\"no-lazyload\" width=\"1080\" height=\"1080\"  style=\"display: inline-block;\" \/><\/div>","protected":false},"excerpt":{"rendered":"<p>Este jueves 19\u00a0hay paro nacional de docentes\u00a0en todo el pa\u00eds, en repudio y duelo por el fallecimiento de dos maestras en Chubut,<\/p>\n","protected":false},"author":4,"featured_media":2782,"comment_status":"closed","ping_status":"open","sticky":false,"template":"","format":"standard","meta":{"colormag_page_layout":"default_layout","footnotes":""},"categories":[2],"tags":[],"class_list":["post-2781","post","type-post","status-publish","format-standard","has-post-thumbnail","hentry","category-noticias"],"_links":{"self":[{"href":"https:\/\/oasisfm935.com.ar\/site\/wp-json\/wp\/v2\/posts\/2781","targetHints":{"allow":["GET"]}}],"collection":[{"href":"https:\/\/oasisfm935.com.ar\/site\/wp-json\/wp\/v2\/posts"}],"about":[{"href":"https:\/\/oasisfm935.com.ar\/site\/wp-json\/wp\/v2\/types\/post"}],"author":[{"embeddable":true,"href":"https:\/\/oasisfm935.com.ar\/site\/wp-json\/wp\/v2\/users\/4"}],"replies":[{"embeddable":true,"href":"https:\/\/oasisfm935.com.ar\/site\/wp-json\/wp\/v2\/comments?post=2781"}],"version-history":[{"count":1,"href":"https:\/\/oasisfm935.com.ar\/site\/wp-json\/wp\/v2\/posts\/2781\/revisions"}],"predecessor-version":[{"id":2783,"href":"https:\/\/oasisfm935.com.ar\/site\/wp-json\/wp\/v2\/posts\/2781\/revisions\/2783"}],"wp:featuredmedia":[{"embeddable":true,"href":"https:\/\/oasisfm935.com.ar\/site\/wp-json\/wp\/v2\/media\/2782"}],"wp:attachment":[{"href":"https:\/\/oasisfm935.com.ar\/site\/wp-json\/wp\/v2\/media?parent=2781"}],"wp:term":[{"taxonomy":"category","embeddable":true,"href":"https:\/\/oasisfm935.com.ar\/site\/wp-json\/wp\/v2\/categories?post=2781"},{"taxonomy":"post_tag","embeddable":true,"href":"https:\/\/oasisfm935.com.ar\/site\/wp-json\/wp\/v2\/tags?post=2781"}],"curies":[{"name":"wp","href":"https:\/\/api.w.org\/{rel}","templated":true}]}}