{"id":2784,"date":"2019-09-18T17:28:44","date_gmt":"2019-09-18T20:28:44","guid":{"rendered":"http:\/\/oasisfm935.com\/site\/?p=2784"},"modified":"2019-09-18T17:28:44","modified_gmt":"2019-09-18T20:28:44","slug":"el-gobierno-dejo-sin-efecto-el-congelamiento-de-los-combustibles-y-autorizo-un-aumento-del-4","status":"publish","type":"post","link":"https:\/\/oasisfm935.com.ar\/site\/el-gobierno-dejo-sin-efecto-el-congelamiento-de-los-combustibles-y-autorizo-un-aumento-del-4\/","title":{"rendered":"El Gobierno dej\u00f3 sin efecto el congelamiento de los combustibles y autoriz\u00f3 un aumento del 4%"},"content":{"rendered":"<p class=\"element element-paragraph\">El Gobierno nacional inform\u00f3 que, por la \u00abvolatilidad internacional del precio\u00bb del petr\u00f3leo,\u00a0<strong>dio marcha atr\u00e1s con el congelamiento de los precios de los combustibles<\/strong>\u00a0que hab\u00eda anunciado hasta fin de a\u00f1o luego de la devaluaci\u00f3n. Por eso\u00a0<strong>autoriz\u00f3 un aumento del 4% a partir del jueves<\/strong>, inform\u00f3 el Ministerio de Hacienda a trav\u00e9s de un comunicado.<\/p>\n<p>A su vez, sostuvo, \u00abse establece un aumento del 5,58% del precio del barril reconocido a los productores de petr\u00f3leo\u00bb del pa\u00eds.<\/p>\n<div class=\"row pb-content-type-text\">\n<div class=\"col-xs-12 col-print-12\">\n<p class=\"element element-paragraph\">\u00abEl Decreto de congelamiento de los combustibles del 2 de septiembre de 2019 habilita a la Secretar\u00eda de Gobierno de Energ\u00eda (SGE) a dictar, en la medida en que las circunstancias lo ameriten, los actos que resulten necesarios para ir normalizando los precios del sector con el fin de proteger al consumidor y sostener el nivel de actividad y el empleo\u00bb, sostuvo el parte de prensa. \u00abDichas circunstancias se vieron notablemente afectadas a partir del incremento del precio del petr\u00f3leo que deriv\u00f3 del ataque sufrido por las infraestructuras petroleras de Arabia Saudita. El precio del Brent aument\u00f3 14% en un d\u00eda, lo que represent\u00f3 la tercera variaci\u00f3n m\u00e1s importante tras las sufridas en 1986 (15,1%) y 2009 (16,8%)\u00bb.<\/p>\n<\/div>\n<\/div>\n<div class=\"row pb-content-type-text\">\n<div class=\"col-xs-12 col-print-12\">\n<p class=\"element element-paragraph\">Seg\u00fan el Gobierno, estos acontecimientos conllevan a una situaci\u00f3n imprevista y significativa de incremento de precios que inevitablemente impactan en la producci\u00f3n, la comercializaci\u00f3n y el normal abastecimiento de los combustibles en nuestro pa\u00eds. Por eso, con el fin de atenuar estos impactos, queda autorizada una suba del 4% en los combustibles desde el jueves 19 de septiembre.<\/p>\n<p>El martes, el presidente de la Federaci\u00f3n de Expendedores de Combustibles y Afines, Gabriel Bornoroni, denunci\u00f3 que miles de estaciones se encontraban desabastecidas desde hace cuatro d\u00edas, especialmente en pueblos del interior, donde brindan servicios sociales para ambulancias, polic\u00eda y bomberos.<\/p>\n<p><strong>La intenci\u00f3n de Mauricio Macri era utilizar esta ancla para amortiguar los efectos de la \u00faltima devaluaci\u00f3n<\/strong>\u00a0y\u00a0<strong>tratar de mantenerse competitivo de cara a las elecciones<\/strong>\u00a0de octubre, pero el grado de conflictividad en todos los actores del sector fue escalando d\u00eda tras d\u00eda.<\/p>\n<p>Las primeras en reaccionar fueron las productoras no integradas, que anunciaron inmediatamente un recorte en las inversiones y una baja de equipos de perforaci\u00f3n por el diferencial de precio con el Brent. Pero<strong>\u00a0r\u00e1pidamente la crisis se propag\u00f3 al resto de las firmas, a las estaciones de servicio, a las provincias petroleras que iniciaron una serie de acciones judiciales contra la Naci\u00f3n y a las productoras de bioetanol<\/strong>\u00a0que llegaron a denunciar penalmente al secretario de Energ\u00eda, Gustavo Lopetegui.<\/p>\n<p>A su vez, el poderoso sindicato de<strong>\u00a0Guillermo Pereyra<\/strong>\u00a0se hab\u00eda declarado en \u00abestado de alerta y movilizaci\u00f3n\u00bb por las mil suspensiones ocasionadas, mientras que el gremio que engloba a los trabajadores de las refiner\u00edas hab\u00eda anunciado un paro para este viernes.<\/p>\n<\/div>\n<\/div>\n<div class=\"oasis-despues-del-contenido\" id=\"oasis-3853349687\"><img loading=\"lazy\" decoding=\"async\" src=\"https:\/\/oasisfm935.com.ar\/site\/wp-content\/uploads\/2020\/08\/47806202-8741-49f2-a5c9-d2f930e5baa1.jpg\" alt=\"\"  srcset=\"https:\/\/oasisfm935.com.ar\/site\/wp-content\/uploads\/2020\/08\/47806202-8741-49f2-a5c9-d2f930e5baa1.jpg 1080w, https:\/\/oasisfm935.com.ar\/site\/wp-content\/uploads\/2020\/08\/47806202-8741-49f2-a5c9-d2f930e5baa1-300x300.jpg 300w, https:\/\/oasisfm935.com.ar\/site\/wp-content\/uploads\/2020\/08\/47806202-8741-49f2-a5c9-d2f930e5baa1-1024x1024.jpg 1024w, https:\/\/oasisfm935.com.ar\/site\/wp-content\/uploads\/2020\/08\/47806202-8741-49f2-a5c9-d2f930e5baa1-150x150.jpg 150w, https:\/\/oasisfm935.com.ar\/site\/wp-content\/uploads\/2020\/08\/47806202-8741-49f2-a5c9-d2f930e5baa1-768x768.jpg 768w\" sizes=\"(max-width: 1080px) 100vw, 1080px\" class=\"no-lazyload\" width=\"1080\" height=\"1080\"  style=\"display: inline-block;\" \/><\/div>","protected":false},"excerpt":{"rendered":"<p>El Gobierno nacional inform\u00f3 que, por la \u00abvolatilidad internacional del precio\u00bb del petr\u00f3leo,\u00a0dio marcha atr\u00e1s con el congelamiento de los precios de<\/p>\n","protected":false},"author":4,"featured_media":2428,"comment_status":"closed","ping_status":"open","sticky":false,"template":"","format":"standard","meta":{"colormag_page_layout":"default_layout","footnotes":""},"categories":[2],"tags":[],"class_list":["post-2784","post","type-post","status-publish","format-standard","has-post-thumbnail","hentry","category-noticias"],"_links":{"self":[{"href":"https:\/\/oasisfm935.com.ar\/site\/wp-json\/wp\/v2\/posts\/2784","targetHints":{"allow":["GET"]}}],"collection":[{"href":"https:\/\/oasisfm935.com.ar\/site\/wp-json\/wp\/v2\/posts"}],"about":[{"href":"https:\/\/oasisfm935.com.ar\/site\/wp-json\/wp\/v2\/types\/post"}],"author":[{"embeddable":true,"href":"https:\/\/oasisfm935.com.ar\/site\/wp-json\/wp\/v2\/users\/4"}],"replies":[{"embeddable":true,"href":"https:\/\/oasisfm935.com.ar\/site\/wp-json\/wp\/v2\/comments?post=2784"}],"version-history":[{"count":1,"href":"https:\/\/oasisfm935.com.ar\/site\/wp-json\/wp\/v2\/posts\/2784\/revisions"}],"predecessor-version":[{"id":2785,"href":"https:\/\/oasisfm935.com.ar\/site\/wp-json\/wp\/v2\/posts\/2784\/revisions\/2785"}],"wp:featuredmedia":[{"embeddable":true,"href":"https:\/\/oasisfm935.com.ar\/site\/wp-json\/wp\/v2\/media\/2428"}],"wp:attachment":[{"href":"https:\/\/oasisfm935.com.ar\/site\/wp-json\/wp\/v2\/media?parent=2784"}],"wp:term":[{"taxonomy":"category","embeddable":true,"href":"https:\/\/oasisfm935.com.ar\/site\/wp-json\/wp\/v2\/categories?post=2784"},{"taxonomy":"post_tag","embeddable":true,"href":"https:\/\/oasisfm935.com.ar\/site\/wp-json\/wp\/v2\/tags?post=2784"}],"curies":[{"name":"wp","href":"https:\/\/api.w.org\/{rel}","templated":true}]}}