{"id":2789,"date":"2019-09-19T09:51:38","date_gmt":"2019-09-19T12:51:38","guid":{"rendered":"http:\/\/oasisfm935.com\/site\/?p=2789"},"modified":"2019-09-19T10:32:33","modified_gmt":"2019-09-19T13:32:33","slug":"utelpa-dice-que-el-paro-es-muy-alto-en-la-pampa-en-ingeniero-luiggi-es-del-p","status":"publish","type":"post","link":"https:\/\/oasisfm935.com.ar\/site\/utelpa-dice-que-el-paro-es-muy-alto-en-la-pampa-en-ingeniero-luiggi-es-del-p\/","title":{"rendered":"Utelpa dice que el paro es \u00abmuy alto\u00bb en La Pampa en Ingeniero Luiggi es del 70%"},"content":{"rendered":"<p>La secretaria general\u00a0 , Mirta Salvadori , dijo que el paro en Ingeniero Luiggi llega al 70%\u00a0 y destac\u00f3 la solidaridad \u00a0de los maestros pampeanos con sus compa\u00f1eros de Chubut .<\/p>\n<p>&nbsp;<\/p>\n<p><strong>De acuerdo al relevamiento que hizo el gremio, en Santa Rosa la adhesi\u00f3n es del 95%, en General Pico, 90%, en Santa Isabel el 100%, en Ingeniero Luiggi, 70%, en General Acha, 90%, en Realic\u00f3, 90% y en Catril\u00f3 75%.<\/strong><\/p>\n<div class=\"oasis-despues-del-contenido\" id=\"oasis-2007726597\"><img loading=\"lazy\" decoding=\"async\" src=\"https:\/\/oasisfm935.com.ar\/site\/wp-content\/uploads\/2020\/08\/47806202-8741-49f2-a5c9-d2f930e5baa1.jpg\" alt=\"\"  srcset=\"https:\/\/oasisfm935.com.ar\/site\/wp-content\/uploads\/2020\/08\/47806202-8741-49f2-a5c9-d2f930e5baa1.jpg 1080w, https:\/\/oasisfm935.com.ar\/site\/wp-content\/uploads\/2020\/08\/47806202-8741-49f2-a5c9-d2f930e5baa1-300x300.jpg 300w, https:\/\/oasisfm935.com.ar\/site\/wp-content\/uploads\/2020\/08\/47806202-8741-49f2-a5c9-d2f930e5baa1-1024x1024.jpg 1024w, https:\/\/oasisfm935.com.ar\/site\/wp-content\/uploads\/2020\/08\/47806202-8741-49f2-a5c9-d2f930e5baa1-150x150.jpg 150w, https:\/\/oasisfm935.com.ar\/site\/wp-content\/uploads\/2020\/08\/47806202-8741-49f2-a5c9-d2f930e5baa1-768x768.jpg 768w\" sizes=\"(max-width: 1080px) 100vw, 1080px\" class=\"no-lazyload\" width=\"1080\" height=\"1080\"  style=\"display: inline-block;\" \/><\/div>","protected":false},"excerpt":{"rendered":"<p>La secretaria general\u00a0 , Mirta Salvadori , dijo que el paro en Ingeniero Luiggi llega al 70%\u00a0 y destac\u00f3 la solidaridad \u00a0de<\/p>\n","protected":false},"author":4,"featured_media":2791,"comment_status":"closed","ping_status":"open","sticky":false,"template":"","format":"standard","meta":{"colormag_page_layout":"default_layout","footnotes":""},"categories":[2],"tags":[],"class_list":["post-2789","post","type-post","status-publish","format-standard","has-post-thumbnail","hentry","category-noticias"],"_links":{"self":[{"href":"https:\/\/oasisfm935.com.ar\/site\/wp-json\/wp\/v2\/posts\/2789","targetHints":{"allow":["GET"]}}],"collection":[{"href":"https:\/\/oasisfm935.com.ar\/site\/wp-json\/wp\/v2\/posts"}],"about":[{"href":"https:\/\/oasisfm935.com.ar\/site\/wp-json\/wp\/v2\/types\/post"}],"author":[{"embeddable":true,"href":"https:\/\/oasisfm935.com.ar\/site\/wp-json\/wp\/v2\/users\/4"}],"replies":[{"embeddable":true,"href":"https:\/\/oasisfm935.com.ar\/site\/wp-json\/wp\/v2\/comments?post=2789"}],"version-history":[{"count":3,"href":"https:\/\/oasisfm935.com.ar\/site\/wp-json\/wp\/v2\/posts\/2789\/revisions"}],"predecessor-version":[{"id":2793,"href":"https:\/\/oasisfm935.com.ar\/site\/wp-json\/wp\/v2\/posts\/2789\/revisions\/2793"}],"wp:featuredmedia":[{"embeddable":true,"href":"https:\/\/oasisfm935.com.ar\/site\/wp-json\/wp\/v2\/media\/2791"}],"wp:attachment":[{"href":"https:\/\/oasisfm935.com.ar\/site\/wp-json\/wp\/v2\/media?parent=2789"}],"wp:term":[{"taxonomy":"category","embeddable":true,"href":"https:\/\/oasisfm935.com.ar\/site\/wp-json\/wp\/v2\/categories?post=2789"},{"taxonomy":"post_tag","embeddable":true,"href":"https:\/\/oasisfm935.com.ar\/site\/wp-json\/wp\/v2\/tags?post=2789"}],"curies":[{"name":"wp","href":"https:\/\/api.w.org\/{rel}","templated":true}]}}