{"id":2795,"date":"2019-09-20T10:06:26","date_gmt":"2019-09-20T13:06:26","guid":{"rendered":"http:\/\/oasisfm935.com\/site\/?p=2795"},"modified":"2019-09-20T10:16:52","modified_gmt":"2019-09-20T13:16:52","slug":"feria-provincial-de-ciencias-y-tecnologia-3-proyectos-de-luiggi-rumbo-a-tecnopolis","status":"publish","type":"post","link":"https:\/\/oasisfm935.com.ar\/site\/feria-provincial-de-ciencias-y-tecnologia-3-proyectos-de-luiggi-rumbo-a-tecnopolis\/","title":{"rendered":"Feria Provincial de Ciencias y Tecnolog\u00eda: 3 proyectos de Luiggi rumbo a Tecn\u00f3polis"},"content":{"rendered":"<p><strong>De 5 trabajos destacados en nivel secundario, 2 son de Ingeniero Luiggi<\/strong>. Despu\u00e9s de Santa Rosa<strong>.\u00a0<\/strong>Luiggi fue la segunda localidad en cantidad de trabajos presentados en la instancia provincial de la Feria de Ciencias, Arte y Tecnolog\u00eda.<\/p>\n<p>Entre 179 trabajos de toda la provincia,<strong>\u00a028 fueron seleccionados para representar a nuestra provincia en la Feria Nacional de Innovaci\u00f3n, Ciencia y Tecnolog\u00eda a realizarse en \u00a0Tecn\u00f3polis del 30 de octubre al 1\u00ba de noviembre. Tres son de Ingeniero Luiggi.<\/strong><\/p>\n<p><img decoding=\"async\" src=\"https:\/\/scontent.frsa4-1.fna.fbcdn.net\/v\/t1.15752-9\/70807401_2433539716858231_32583902535090176_n.jpg?_nc_cat=108&amp;_nc_oc=AQlRd8xmKh0f78XxYocsIBWYNydLrOXthWK8TmgoRH2l99a_uyjfZ-dC2c324ZiCBUY&amp;_nc_ht=scontent.frsa4-1.fna&amp;oh=cddef04eb795200ea817d4595338e134&amp;oe=5E06106B\" \/><\/p>\n<p><strong>En Educaci\u00f3n Secundaria:<\/strong><\/p>\n<p><strong>En la categor\u00eda Educaci\u00f3n F\u00edsica,\u00a0<\/strong>result\u00f3 distinguido el trabajo<strong>\u00a0\u201c<\/strong><strong>ReCreAndo (Reglando-Creando-Jugando)\u00a0<\/strong>del 6\u00b0 de Cs Sociales del Colegio Secundario H\u00e9roes de la Patria a cargo de la profesora Lorena De L\u00fa y expuesto por las hermanas Julieta y Romina Jaime.<\/p>\n<p><img decoding=\"async\" src=\"https:\/\/scontent.frsa4-1.fna.fbcdn.net\/v\/t1.0-9\/70710983_724734371288173_5348882253881540608_n.jpg?_nc_cat=108&amp;_nc_oc=AQkTIJ_wsV0WJjObv524UMaBg5_HZEtq_mo6ayGjpXPtDGc1_qESwkRYFRGTFXqmwOQ&amp;_nc_ht=scontent.frsa4-1.fna&amp;oh=a3bd1037a2bc26923e0d01fa541ed97f&amp;oe=5DEFB200\" alt=\"La imagen puede contener: 5 personas, personas sonriendo, personas de pie e interior\" \/><\/p>\n<p><strong>En Educaci\u00f3n Tecnol\u00f3gica<\/strong>, el trabajo distinguido fue \u201c<strong>\u00bfQu\u00e9 quieres que haga por ti?<\/strong>\u201d tambi\u00e9n del Colegio Secundario H\u00e9roes de la Patria, perteneciente a 3\u00b0 I, expuesto por Josefina Zieengefuhs y Facundo Rattalino a cargo de la docente Mar\u00eda Bel\u00e9n Gaccio y la colaboraci\u00f3n del Referente Tecnol\u00f3gico Lucas Martin Mazzaroni.<\/p>\n<p><img decoding=\"async\" src=\"https:\/\/scontent.frsa4-1.fna.fbcdn.net\/v\/t1.15752-9\/70407778_368189364131525_540520972776636416_n.jpg?_nc_cat=104&amp;_nc_oc=AQkBaafhMcc43XXPL06VNLve1WEh6x0_vVmB2TCPc1srngMv07l8kVMuCsmYVyAN29s&amp;_nc_ht=scontent.frsa4-1.fna&amp;oh=fb9b10b2bef09acdeb36de9a657022d9&amp;oe=5E0A251E\" \/><\/p>\n<p>En tanto en la\u00a0<strong>Modalidad Educaci\u00f3n Inclusiva,\u00a0<\/strong>el trabajo elegido para representar a La Pampa en Tecn\u00f3polis fue el proyecto<strong>\u00a0\u201cRa\u00edces Pampeanas\u201ddel Servicio Educativo de Apoyo a la Inclusi\u00f3n.<\/strong><\/p>\n<p><img decoding=\"async\" src=\"https:\/\/zonalnoticias.com\/images\/feria_al_nacional_2.jpg\" \/><\/p>\n<h1>Estos tres proyectos ser\u00e1n presentados a\u00a0la instancia nacional que tendr\u00e1 lugar en Tecn\u00f3polis Buenos Aires del 30 de octubre al 1\u00ba de noviembre de 2019.<\/h1>\n<p><strong>Trabajos con Menci\u00f3n especial:<\/strong><\/p>\n<blockquote><p>Ingeniero Luiggi tambi\u00e9n logr\u00f3 dos menciones especiales en esta Feria Provincial de Ciencias, Arte y Tecnolog\u00eda, como es el caso del\u00a0<strong>proyecto \u201cJugando con la tabla peri\u00f3dica\u201d de la Escuela Provincial de Comercio Mariano Moreno y tambi\u00e9n\u00a0\u00a0\u00abLa basura se divierte\u00bb del Secundario H\u00e9roes de la Patria.<\/strong><\/p>\n<p><img decoding=\"async\" src=\"https:\/\/scontent.frsa4-1.fna.fbcdn.net\/v\/t1.0-9\/70820153_724503931311217_8407972195061465088_n.jpg?_nc_cat=106&amp;_nc_oc=AQnuQSiRlUgVOJ6V9iVu9okTtVVIrWfGT5D2LJrTHrX08qxE6bitReo-A3GkmU38DKo&amp;_nc_ht=scontent.frsa4-1.fna&amp;oh=8022b7ba98fa97b287b44c7212b34589&amp;oe=5E079547\" alt=\"La imagen puede contener: 4 personas, personas sonriendo, personas de pie\" \/><\/p>\n<p><img decoding=\"async\" src=\"https:\/\/scontent.frsa4-1.fna.fbcdn.net\/v\/t1.15752-9\/70401790_2395106730712237_5660456082229690368_n.png?_nc_cat=108&amp;_nc_oc=AQkoVzpGdDeuQtzt1tvxLRcrBh2CbXvBJq1sFxk8QEs7mrfOTnQCs7oswzIiPY9PqHE&amp;_nc_ht=scontent.frsa4-1.fna&amp;oh=5cb6a5b6aecf62ef7dd310fecbe727b6&amp;oe=5E3456F0\" \/><\/p>\n<p>El trabajo \u00ab<strong>Software en la formaci\u00f3n primaria de adultos\u00bb, de la \u00a0Escuela de Comercio de Realic\u00f3, con el docente oriundo de Ing. Luiggi logr\u00f3 menci\u00f3n especial.<\/strong><\/p>\n<p><img decoding=\"async\" src=\"https:\/\/scontent.frsa4-1.fna.fbcdn.net\/v\/t1.0-9\/70658239_724506987977578_2706004038440189952_n.jpg?_nc_cat=100&amp;_nc_oc=AQl4S61Q8ei0ugXihfgiKcOpH9y-JC7wP9k89wY142LNilx5F2iDkj0E78qdnDQ9G4s&amp;_nc_ht=scontent.frsa4-1.fna&amp;oh=8254532e9c728c10cafef09c6ec7f175&amp;oe=5DFF1A0D\" alt=\"La imagen puede contener: 4 personas, personas de pie\" \/><\/p>\n<blockquote><p><strong>De Sarah\u00a0<\/strong>tambi\u00e9n result\u00f3 con menci\u00f3n el proyecto<strong>\u00a0\u00a1Chau chau, adi\u00f3s! Escuela N\u00ba 77,<\/strong>\u00a0con la docente oriunda tambi\u00e9n de Ing. Luiggi.<\/p>\n<p>&nbsp;<\/p><\/blockquote>\n<p>De\u00a0<strong>Quetrequ\u00e9n<\/strong>\u00a0el proyecto \u00a0\u201cAlberto Cortez y la juventud actual\u201d de la Extensi\u00f3n Aulica del Colegio Secundario Elida Salas result\u00f3 con menci\u00f3n.<\/p>\n<p><img decoding=\"async\" src=\"https:\/\/scontent.frsa4-1.fna.fbcdn.net\/v\/t1.0-9\/70882030_724510841310526_7242523473443028992_n.jpg?_nc_cat=104&amp;_nc_oc=AQniFrOb0WC8X5r3cTH4sE_LO648dScaij94VakcvNn6FOBzfYMKVmLcQjgCE1RXxA0&amp;_nc_ht=scontent.frsa4-1.fna&amp;oh=e9a4236fd0fefe7e6da9111e5216453f&amp;oe=5E3A2B34\" alt=\"La imagen puede contener: 3 personas, personas sonriendo, personas de pie y personas sentadas\" \/><\/p>\n<p><strong><u>Trabajos que llev\u00f3 Ingeniero Luiggi<\/u><\/strong><\/p>\n<p><strong>Cinco trabajos pertenecieron a la Escuela 76, cinco al Colegio H\u00e9roes de La Patria, dos de la Escuela Mariano Moreno, uno de la Escuela N\u00b0250 y uno correspondi\u00f3 al Servicio Educativo de Apoyo a la Inclusi\u00f3n.<\/strong><\/p>\n<p>Los trabajos luiggenses que participaron en la instancia provincial, fueron:<\/p>\n<ul>\n<li>\n<blockquote><p>Los busca nubes, de la Escuela N\u00ba 250<\/p><\/blockquote>\n<\/li>\n<li><img decoding=\"async\" src=\"https:\/\/scontent.frsa4-1.fna.fbcdn.net\/v\/t1.15752-9\/70764239_3090401217698826_2014805240573853696_n.jpg?_nc_cat=101&amp;_nc_oc=AQmYFyxIjBxn2m4F7LmIiB4xYPquXhnFJs5Zy4CJer-DmfXRV67moNkJ5K8j7IJNOyA&amp;_nc_ht=scontent.frsa4-1.fna&amp;oh=57dffd79be8c3007c48c9040082c5725&amp;oe=5DF8D565\" \/><\/li>\n<li>ReCreAndo (Reglando-Creando-Jugando) Secundario H\u00e9roes de la Patria<\/li>\n<li><img decoding=\"async\" src=\"https:\/\/scontent.frsa4-1.fna.fbcdn.net\/v\/t1.0-9\/70916213_2401421506609727_3119195397147328512_n.jpg?_nc_cat=104&amp;_nc_oc=AQmKYPXcFyPRMWLQaJQqax-1AbIgedR2NWxmqWJ9coNo18p8qSlTZgDvuLweVHMNWns&amp;_nc_ht=scontent.frsa4-1.fna&amp;oh=669a44fed5d8e7168a98be866771dd26&amp;oe=5DF90910\" \/><\/li>\n<\/ul>\n<p>\u00abBrains in action\u00bb del Secundario H\u00e9roes de la Patria<\/p>\n<p><img decoding=\"async\" src=\"https:\/\/scontent.frsa4-1.fna.fbcdn.net\/v\/t1.15752-9\/70383227_389762045287982_8917817261574586368_n.png?_nc_cat=102&amp;_nc_oc=AQniT4rIzT3_0zN6Ur2tf2a01-VAcGQpvQpg1ajN2gIOjSGarjJ_37LZGX1FHM5mCGM&amp;_nc_ht=scontent.frsa4-1.fna&amp;oh=c1a954c091c63d44664d375e35876ce5&amp;oe=5E09AD4C\" \/><\/p>\n<ul>\n<li>\n<blockquote><p>\u00abEvolucionados\u00bb Secundario H\u00e9roes de la Patria<\/p><\/blockquote>\n<\/li>\n<\/ul>\n<p><img decoding=\"async\" src=\"https:\/\/scontent.frsa4-1.fna.fbcdn.net\/v\/t1.15752-9\/70343686_408175346746393_350321253766135808_n.png?_nc_cat=102&amp;_nc_oc=AQn-y-xvXQX1Gfm9-uPkiz2y_xsNvb1Q83QAf7ysJsIrXD6WPSVOaMPK-4GPzxJAwyg&amp;_nc_ht=scontent.frsa4-1.fna&amp;oh=6092e923c772b95c583122eaca713915&amp;oe=5E38FD42\" \/><\/p>\n<p><img decoding=\"async\" src=\"https:\/\/scontent.frsa4-1.fna.fbcdn.net\/v\/t1.0-9\/70759969_723550154739928_2976936790289547264_n.jpg?_nc_cat=108&amp;_nc_oc=AQnupkmUHrkxbxTFpHT94LnM7Qz6jbYXrinsMXrb-rGiFJJGhtqCBHeoZPEbbPL4fjk&amp;_nc_ht=scontent.frsa4-1.fna&amp;oh=591d46c8a248244f12474c8d84947f75&amp;oe=5DF35C0A\" alt=\"La imagen puede contener: 2 personas, personas sonriendo, personas sentadas e interior\" \/><\/p>\n<p>\u00bfQu\u00e9 quieres que haga por ti? &#8211; Secundario H\u00e9roes de la Patria<\/p><\/blockquote>\n<p><img decoding=\"async\" src=\"https:\/\/scontent.frsa4-1.fna.fbcdn.net\/v\/t1.15752-9\/70960510_2169036023202169_7661540624574709760_n.jpg?_nc_cat=103&amp;_nc_oc=AQlcLFpPukIG6zb36jRuVOQ02W8ny4GFbRDoPC1TX4xdmxqq7dQPupV1lYZAOWb4KbE&amp;_nc_ht=scontent.frsa4-1.fna&amp;oh=303aa0e231804022fc1af46113936048&amp;oe=5DF4D0CD\" \/><\/p>\n<p>Creciendo juntos &#8211; Escuela N\u00ba 76<\/p>\n<p><img decoding=\"async\" src=\"https:\/\/scontent.frsa4-1.fna.fbcdn.net\/v\/t1.0-9\/70502796_2905329322814045_386569038282620928_n.jpg?_nc_cat=108&amp;_nc_oc=AQnQGJQ30ORy6Fv2_nVssDgT5IDYmRSr_AQxJ7hAPSS8Hnp4kIga9HoPw9b6_qG3Xig&amp;_nc_ht=scontent.frsa4-1.fna&amp;oh=8e49649ce90caa4f80db81816aa6661f&amp;oe=5E32CF6C\" alt=\"La imagen puede contener: 3 personas, personas sonriendo, personas de pie\" \/><\/p>\n<p>Conectando emociones &#8211; Escuela N\u00ba 76<\/p>\n<p><img decoding=\"async\" src=\"https:\/\/scontent.frsa4-1.fna.fbcdn.net\/v\/t1.0-9\/70603781_2905329226147388_4112717909346746368_n.jpg?_nc_cat=103&amp;_nc_oc=AQnEKi3bxKl6EhKjKzWr1JYa0fYDztY0bz-ZosbLPBWRa5gloYiKHHh7lCrC4XjvXuY&amp;_nc_ht=scontent.frsa4-1.fna&amp;oh=873561147d97b5ebea8c35eb3e5431fa&amp;oe=5E06668E\" alt=\"La imagen puede contener: 4 personas, incluido Maria Vanesa Seia, personas sonriendo, personas de pie\" \/><\/p>\n<p>Historia de Inmigrantes &#8211; Escuela N\u00ba 76<\/p>\n<p><img decoding=\"async\" src=\"https:\/\/scontent.frsa4-1.fna.fbcdn.net\/v\/t1.0-9\/71112096_2905329596147351_7016391826105958400_n.jpg?_nc_cat=101&amp;_nc_oc=AQnQxhZsSt41pqbneYRp4PbmD59YFTGUhuDlHVVG2xeJBbpt-3UTNyRYPfYnBzLO5vI&amp;_nc_ht=scontent.frsa4-1.fna&amp;oh=93dc6bbebfac4cd1374326baea7b1db1&amp;oe=5DF531CF\" alt=\"La imagen puede contener: 4 personas, incluido Flopy Vicente, personas sonriendo, personas de pie\" \/><\/p>\n<p>La escuela en peligro. \u00bfC\u00f3mo actuar? &#8211; Escuela N\u00ba 76<\/p>\n<p><img decoding=\"async\" src=\"https:\/\/scontent.frsa4-1.fna.fbcdn.net\/v\/t1.0-9\/71882813_2908286959184948_8954737616494788608_n.jpg?_nc_cat=104&amp;_nc_oc=AQkSjXZyKXLhDO2k1KG1aESZrcDnibpZREp6IqICKpE6NGdCK7nec-n5tud3TCddB1U&amp;_nc_ht=scontent.frsa4-1.fna&amp;oh=d4ccf6efa158fd5754242ef88c50775a&amp;oe=5DF61B55\" alt=\"La imagen puede contener: 6 personas, incluidos Cele Alvarez y Carina Rattalino, personas sonriendo, personas de pie\" \/><\/p>\n<p>Jugando con la tabla peri\u00f3dica- Escuela Provincial de Comercio Mariano Moreno<\/p>\n<p><img decoding=\"async\" src=\"https:\/\/scontent.frsa4-1.fna.fbcdn.net\/v\/t1.0-9\/70687604_723549671406643_8221534476560236544_n.jpg?_nc_cat=107&amp;_nc_oc=AQlvmHrE3PAZVieT8Ba-8UQiwom_Ve8Ei2Gqh0dAK-VP95HNFCVBm_Lj1D-mQOfSh8g&amp;_nc_ht=scontent.frsa4-1.fna&amp;oh=80cc35193a927b28a0ec6fa99d804f66&amp;oe=5DF7D53F\" alt=\"La imagen puede contener: 2 personas, personas sonriendo, personas sentadas\" \/><\/p>\n<p>Ecobriquetas &#8211; Escuela Provincial de Comercio Mariano Moreno<\/p>\n<p><img decoding=\"async\" src=\"https:\/\/scontent.frsa4-1.fna.fbcdn.net\/v\/t1.0-9\/70263234_2596133957116352_1625126182112460800_n.jpg?_nc_cat=104&amp;_nc_oc=AQmMCY86u9UCBiwbLa1TbfxPciNAq3G49unO6d8uAhbxfWHAIVcstjlwfRhjCEpPuIE&amp;_nc_ht=scontent.frsa4-1.fna&amp;oh=469566d9b8590a4a64af2b7ae060727e&amp;oe=5E34A9C5\" alt=\"La imagen puede contener: 2 personas, incluido Telma Lujan, personas sonriendo, personas de pie\" \/><\/p>\n<p>&nbsp;<\/p>\n<p>Investigando huellas JIN N\u00ba 15 &#8211; Escuela N\u00ba 76-Cabecera \u00abTierra de Caldenes\u00bb<\/p>\n<p><img decoding=\"async\" src=\"https:\/\/scontent.frsa4-1.fna.fbcdn.net\/v\/t1.0-9\/70493537_723549964739947_7220227340431785984_n.jpg?_nc_cat=106&amp;_nc_oc=AQkqtImXbrAh4ofaS1BPa1SfV7S9rFWviUEwT7Uze_PrBIswlNI4ie7Hi6eqFNih0Fk&amp;_nc_ht=scontent.frsa4-1.fna&amp;oh=c22ae19f2b7120f3ca9edae6d01e1584&amp;oe=5E3D8FA9\" alt=\"La imagen puede contener: 1 persona, sonriendo\" \/><\/p>\n<p><img decoding=\"async\" src=\"https:\/\/scontent.frsa4-1.fna.fbcdn.net\/v\/t1.0-9\/70534476_723549844739959_1654290929902682112_n.jpg?_nc_cat=105&amp;_nc_oc=AQlqL1ZCjur2EdRTcpi33x-9NnfyzgrWJ4FTQ3VpP8c2wzvB9Zzm41z80a8OhGz19_0&amp;_nc_ht=scontent.frsa4-1.fna&amp;oh=3bd0be4a074e752f3f347a997b1e124c&amp;oe=5DF2B85D\" alt=\"La imagen puede contener: 4 personas, personas sonriendo, personas de pie\" \/><\/p>\n<p>Afortunadamente gracias al empe\u00f1o de docentes, alumnos e instituciones, obtuvieron muy buenas devoluciones por parte de los integrantes del jurado evaluador.<\/p>\n<p>&nbsp;<\/p>\n<p>zonal noticias<\/p>\n<div class=\"oasis-despues-del-contenido\" id=\"oasis-130808811\"><img loading=\"lazy\" decoding=\"async\" src=\"https:\/\/oasisfm935.com.ar\/site\/wp-content\/uploads\/2020\/08\/47806202-8741-49f2-a5c9-d2f930e5baa1.jpg\" alt=\"\"  srcset=\"https:\/\/oasisfm935.com.ar\/site\/wp-content\/uploads\/2020\/08\/47806202-8741-49f2-a5c9-d2f930e5baa1.jpg 1080w, https:\/\/oasisfm935.com.ar\/site\/wp-content\/uploads\/2020\/08\/47806202-8741-49f2-a5c9-d2f930e5baa1-300x300.jpg 300w, https:\/\/oasisfm935.com.ar\/site\/wp-content\/uploads\/2020\/08\/47806202-8741-49f2-a5c9-d2f930e5baa1-1024x1024.jpg 1024w, https:\/\/oasisfm935.com.ar\/site\/wp-content\/uploads\/2020\/08\/47806202-8741-49f2-a5c9-d2f930e5baa1-150x150.jpg 150w, https:\/\/oasisfm935.com.ar\/site\/wp-content\/uploads\/2020\/08\/47806202-8741-49f2-a5c9-d2f930e5baa1-768x768.jpg 768w\" sizes=\"(max-width: 1080px) 100vw, 1080px\" class=\"no-lazyload\" width=\"1080\" height=\"1080\"  style=\"display: inline-block;\" \/><\/div>","protected":false},"excerpt":{"rendered":"<p>De 5 trabajos destacados en nivel secundario, 2 son de Ingeniero Luiggi. Despu\u00e9s de Santa Rosa.\u00a0Luiggi fue la segunda localidad en cantidad<\/p>\n","protected":false},"author":4,"featured_media":2796,"comment_status":"closed","ping_status":"open","sticky":false,"template":"","format":"standard","meta":{"colormag_page_layout":"default_layout","footnotes":""},"categories":[2],"tags":[],"class_list":["post-2795","post","type-post","status-publish","format-standard","has-post-thumbnail","hentry","category-noticias"],"_links":{"self":[{"href":"https:\/\/oasisfm935.com.ar\/site\/wp-json\/wp\/v2\/posts\/2795","targetHints":{"allow":["GET"]}}],"collection":[{"href":"https:\/\/oasisfm935.com.ar\/site\/wp-json\/wp\/v2\/posts"}],"about":[{"href":"https:\/\/oasisfm935.com.ar\/site\/wp-json\/wp\/v2\/types\/post"}],"author":[{"embeddable":true,"href":"https:\/\/oasisfm935.com.ar\/site\/wp-json\/wp\/v2\/users\/4"}],"replies":[{"embeddable":true,"href":"https:\/\/oasisfm935.com.ar\/site\/wp-json\/wp\/v2\/comments?post=2795"}],"version-history":[{"count":1,"href":"https:\/\/oasisfm935.com.ar\/site\/wp-json\/wp\/v2\/posts\/2795\/revisions"}],"predecessor-version":[{"id":2797,"href":"https:\/\/oasisfm935.com.ar\/site\/wp-json\/wp\/v2\/posts\/2795\/revisions\/2797"}],"wp:featuredmedia":[{"embeddable":true,"href":"https:\/\/oasisfm935.com.ar\/site\/wp-json\/wp\/v2\/media\/2796"}],"wp:attachment":[{"href":"https:\/\/oasisfm935.com.ar\/site\/wp-json\/wp\/v2\/media?parent=2795"}],"wp:term":[{"taxonomy":"category","embeddable":true,"href":"https:\/\/oasisfm935.com.ar\/site\/wp-json\/wp\/v2\/categories?post=2795"},{"taxonomy":"post_tag","embeddable":true,"href":"https:\/\/oasisfm935.com.ar\/site\/wp-json\/wp\/v2\/tags?post=2795"}],"curies":[{"name":"wp","href":"https:\/\/api.w.org\/{rel}","templated":true}]}}