{"id":2798,"date":"2019-09-20T16:09:07","date_gmt":"2019-09-20T19:09:07","guid":{"rendered":"http:\/\/oasisfm935.com\/site\/?p=2798"},"modified":"2019-09-20T16:09:07","modified_gmt":"2019-09-20T19:09:07","slug":"quedo-inaugurado-el-centro-de-rehabilitacion-neurologica-en-ing-luigg","status":"publish","type":"post","link":"https:\/\/oasisfm935.com.ar\/site\/quedo-inaugurado-el-centro-de-rehabilitacion-neurologica-en-ing-luigg\/","title":{"rendered":"Qued\u00f3 inaugurado el Centro de Rehabilitaci\u00f3n Neurol\u00f3gica en Ing. Luigg"},"content":{"rendered":"<p><strong>Qued\u00f3 formalmente inaugurado este mediod\u00eda el Centro de Rehabilitaci\u00f3n Neurol\u00f3gica de Ingeniero Luiggi que cuenta con una pileta climatizada y atender\u00e1 la demanda de unos 400 pacientes de todo el norte provincial.<\/strong><\/p>\n<p>Si bien se esperaba la presencia del gobernador Carlos Verna, finalmente no estuvo presente en el acto inaugural, que cont\u00f3 con la participaci\u00f3n de los ministros de Salud Mario Kohan, de Desarrollo Social Fernanda Alonso, de Seguridad Julio C\u00e9sar Gonz\u00e1lez, el intendente municipal Oscar Zanoli, la subsecretaria de Descentralizaci\u00f3n e intendenta electa de Luiggi Patricia Lavin, el subsecretario de Salud Gustavo Vera, entre otros funcionarios provinciales y locales.<\/p>\n<p>&nbsp;<\/p>\n<p>En su discurso, el jefe comunal destac\u00f3 \u201c<strong>a pesar de la dif\u00edcil situaci\u00f3n que est\u00e1 viviendo nuestro pa\u00eds, hoy tenemos la suerte en Ingeniero Luiggi de cumplir 109 a\u00f1os y tener algunos logros: 10 viviendas y el Centro de Rehabilitaci\u00f3n Municipal\u201d.<\/strong><\/p>\n<p>En relaci\u00f3n a las diez viviendas del Plan Mi Casa que se inauguraron este viernes, el jefe comunal destac\u00f3 \u201cel gobierno provincial hizo un aporte, otro lo hizo el municipio, los adjudicatarios pusieron la mano de obra, asique hemos vuelto al programa Esfuerzo Propio Ayuda Mutua\u201d.<\/p>\n<p><strong>\u201cEstamos construyendo diez casas m\u00e1s, sabemos que son pocas pero estamos recurriendo a todo el ingenio necesario para llevarle soluciones a nuestros vecinos\u201d,<\/strong>\u00a0asegur\u00f3 Zanoli.<\/p>\n<p>&nbsp;<\/p>\n<p>\u201cTerminamos de construir 24 cuadras de pavimento y ya estamos construyendo 21 m\u00e1s que financia el gobierno de la provincia, hicimos el primer tramo de la inauguraci\u00f3n de la plaza central pero lo m\u00e1s importante tal vez es este edificio donde estamos\u201d, expres\u00f3.<\/p>\n<p><strong>Pileta climatizada<\/strong><\/p>\n<p>\u201cEn 2015 \u00a0cuando hicimos una encuesta, mucha gente nos ped\u00eda la pileta climatizada, hablamos con el se\u00f1or gobernador que nos dio el ok, tuvimos la desgracia en el 2017 de las inundaciones y l\u00f3gicamente tuvimos que posponer ese sue\u00f1o y establecer prioridades\u201d, destac\u00f3 el jefe comunal.<\/p>\n<p>Zanoli indic\u00f3\u00a0 \u00abcuando resolvimos el problema de las inundaciones, nos pusimos en contacto con el director del hospital Gobernador Centeno Esteban Vianello para ver con los recursos que ten\u00edamos en Luiggi de salud, educaci\u00f3n y del municipio, c\u00f3mo pod\u00edamos ahorrar el trastorno de viajar a quienes ten\u00edan alg\u00fan problema neurol\u00f3gico\u201d.<\/p>\n<p><img decoding=\"async\" src=\"https:\/\/www.zonalnoticias.com\/images\/centro_reuro_4.jpg\" \/><\/p>\n<p>\u00abVianello\u00a0 me dijo que nosotros cont\u00e1bamos con alguien muy valioso como es la m\u00e9dica fisiatra Mar\u00eda Lis Auad, a quien defini\u00f3 como \u201cla gran responsable de este proyecto\u201d con el que r\u00e1pidamente el gobernador y el ministro de Salud estuvieron de acuerdo.<\/p>\n<p>\u201cHoy inauguramos la pileta climatizada, y ya empezamos con el Ministerio de Salud con la parte legal del comodato para ceder el edificio y ojal\u00e1 que en poco tiempo contemos con el Centro de Rehabilitaci\u00f3n en funcionamiento\u201d, expres\u00f3 el intendente, a meses de finalizar su \u00faltimo mandato al frente del municipio.<\/p>\n<p><img decoding=\"async\" src=\"https:\/\/www.zonalnoticias.com\/images\/centro_neuro_9.jpg\" \/><\/p>\n<p>El jefe comunal agradeci\u00f3 a cada uno de los alba\u00f1iles que trabaj\u00f3 en la obra, a todo el equipo y empleados municipales, al Concejo Deliberante \u00abporque es parte de este proyecto desde el primer d\u00eda\u00bb, a los comercios del pueblo.<\/p>\n<p>Tambi\u00e9n destac\u00f3 el acompa\u00f1amiento del Ministerio de Desarrollo Social: \u00aba\u00a0 Fernanda Alonso, Patricia Lavin, Ceferino Almudevar, al\u00a0 Ministro Kohan, al subsecretario Vera, al doctor Vianello, nuevamente agradeci\u00f3 a Mar\u00eda Lis Auad, a la Secretar\u00eda de Asuntos Municipales, a todo el pueblo, \u00a0a mi familia y amigos\u00bb.<\/p>\n<p><strong>\u201cA todos los que confiaron en nosotros m\u00e1s all\u00e1 del color pol\u00edtico y ni hablar a la persona que hace posible la mayor\u00eda de mis logros: el gobernador Carlos Verna\u201d,<\/strong>\u00a0concluy\u00f3 visiblemente emocionado el jefe comunal.<\/p>\n<p><img decoding=\"async\" src=\"https:\/\/www.zonalnoticias.com\/images\/centro_neuro_8.jpg\" \/><\/p>\n<p><strong>En la oportunidad, tras el discurso del ministro de Salud Mario Kohan, se realiz\u00f3 el descubrimiento de una placa, el tradicional corte de cintas, y el recorrido por la flamante pileta climatizada semiol\u00edmpica.<\/strong><\/p>\n<p>&nbsp;<\/p>\n<p><img decoding=\"async\" src=\"https:\/\/www.zonalnoticias.com\/images\/centro_neuro_6.jpg\" \/><\/p>\n<p>Luego\u00a0 hubo una demostraci\u00f3n de nado sincronizado de la Agencia de Deportes de C\u00f3rdoba, y el campe\u00f3n sudamericano de nado Nicol\u00e1s Weigandt, que es pampeano, tambi\u00e9n hizo una exhibici\u00f3n.<\/p>\n<p><img decoding=\"async\" src=\"https:\/\/www.zonalnoticias.com\/images\/nado_sincro.jpg\" \/><\/p>\n<p>fuente Zonal Noticias<\/p>\n<div class=\"oasis-despues-del-contenido\" id=\"oasis-4052874559\"><img loading=\"lazy\" decoding=\"async\" src=\"https:\/\/oasisfm935.com.ar\/site\/wp-content\/uploads\/2020\/08\/47806202-8741-49f2-a5c9-d2f930e5baa1.jpg\" alt=\"\"  srcset=\"https:\/\/oasisfm935.com.ar\/site\/wp-content\/uploads\/2020\/08\/47806202-8741-49f2-a5c9-d2f930e5baa1.jpg 1080w, https:\/\/oasisfm935.com.ar\/site\/wp-content\/uploads\/2020\/08\/47806202-8741-49f2-a5c9-d2f930e5baa1-300x300.jpg 300w, https:\/\/oasisfm935.com.ar\/site\/wp-content\/uploads\/2020\/08\/47806202-8741-49f2-a5c9-d2f930e5baa1-1024x1024.jpg 1024w, https:\/\/oasisfm935.com.ar\/site\/wp-content\/uploads\/2020\/08\/47806202-8741-49f2-a5c9-d2f930e5baa1-150x150.jpg 150w, https:\/\/oasisfm935.com.ar\/site\/wp-content\/uploads\/2020\/08\/47806202-8741-49f2-a5c9-d2f930e5baa1-768x768.jpg 768w\" sizes=\"(max-width: 1080px) 100vw, 1080px\" class=\"no-lazyload\" width=\"1080\" height=\"1080\"  style=\"display: inline-block;\" \/><\/div>","protected":false},"excerpt":{"rendered":"<p>Qued\u00f3 formalmente inaugurado este mediod\u00eda el Centro de Rehabilitaci\u00f3n Neurol\u00f3gica de Ingeniero Luiggi que cuenta con una pileta climatizada y atender\u00e1 la<\/p>\n","protected":false},"author":4,"featured_media":2799,"comment_status":"closed","ping_status":"open","sticky":false,"template":"","format":"standard","meta":{"colormag_page_layout":"default_layout","footnotes":""},"categories":[2],"tags":[],"class_list":["post-2798","post","type-post","status-publish","format-standard","has-post-thumbnail","hentry","category-noticias"],"_links":{"self":[{"href":"https:\/\/oasisfm935.com.ar\/site\/wp-json\/wp\/v2\/posts\/2798","targetHints":{"allow":["GET"]}}],"collection":[{"href":"https:\/\/oasisfm935.com.ar\/site\/wp-json\/wp\/v2\/posts"}],"about":[{"href":"https:\/\/oasisfm935.com.ar\/site\/wp-json\/wp\/v2\/types\/post"}],"author":[{"embeddable":true,"href":"https:\/\/oasisfm935.com.ar\/site\/wp-json\/wp\/v2\/users\/4"}],"replies":[{"embeddable":true,"href":"https:\/\/oasisfm935.com.ar\/site\/wp-json\/wp\/v2\/comments?post=2798"}],"version-history":[{"count":1,"href":"https:\/\/oasisfm935.com.ar\/site\/wp-json\/wp\/v2\/posts\/2798\/revisions"}],"predecessor-version":[{"id":2800,"href":"https:\/\/oasisfm935.com.ar\/site\/wp-json\/wp\/v2\/posts\/2798\/revisions\/2800"}],"wp:featuredmedia":[{"embeddable":true,"href":"https:\/\/oasisfm935.com.ar\/site\/wp-json\/wp\/v2\/media\/2799"}],"wp:attachment":[{"href":"https:\/\/oasisfm935.com.ar\/site\/wp-json\/wp\/v2\/media?parent=2798"}],"wp:term":[{"taxonomy":"category","embeddable":true,"href":"https:\/\/oasisfm935.com.ar\/site\/wp-json\/wp\/v2\/categories?post=2798"},{"taxonomy":"post_tag","embeddable":true,"href":"https:\/\/oasisfm935.com.ar\/site\/wp-json\/wp\/v2\/tags?post=2798"}],"curies":[{"name":"wp","href":"https:\/\/api.w.org\/{rel}","templated":true}]}}