{"id":2803,"date":"2019-09-21T14:54:07","date_gmt":"2019-09-21T17:54:07","guid":{"rendered":"http:\/\/oasisfm935.com\/site\/?p=2803"},"modified":"2019-09-21T14:54:07","modified_gmt":"2019-09-21T17:54:07","slug":"cupo-al-hambre-a-la-escuelita-hogar-el-tala-de-rancul-ya-le-sacaron-dos-docentes-y-no-dejan-entrar-mas-pibes-algunos-estan-en-situacion-de-calle","status":"publish","type":"post","link":"https:\/\/oasisfm935.com.ar\/site\/cupo-al-hambre-a-la-escuelita-hogar-el-tala-de-rancul-ya-le-sacaron-dos-docentes-y-no-dejan-entrar-mas-pibes-algunos-estan-en-situacion-de-calle\/","title":{"rendered":"Cupo al hambre: A la escuelita hogar El Tala, de Rancul, ya le sacaron dos docentes y no dejan \u00abentrar\u00bb m\u00e1s pibes, algunos est\u00e1n en situaci\u00f3n de calle"},"content":{"rendered":"<p>&nbsp;<\/p>\n<p>Santa Rosa (2b)- El gobierno de La Pampa encar\u00f3 en los \u00faltimos a\u00f1os una fuerte cruzada de ayuda social para sostener tanto los recortes de Naci\u00f3n como los efectos de las sucesivas devaluaciones. Pero la burocracia, aplicada con el peor de los manuales, puede hacer estragos cuando de hambre y abandono hablamos. Esas consecuencias est\u00e1n padeciendo los pibes y docentes de la Escuela Hogar ubicada en el Paraje El Tala, en el Departamento de Rancul y situada entre ese pueblo e Ingeniero Luiggi, donde ahora quedan s\u00f3lo 22 alumnos de los casi 50 que ten\u00eda hasta hace un par de a\u00f1os. Seg\u00fan denunciaron, en la actualidad s\u00f3lo quedan dos maestras, m\u00e1s los profes de ingl\u00e9s y t\u00e9cnica agropecuaria y de m\u00fasica, tras achicarse los cargos de docente de Eduaci\u00f3n F\u00edsica y la maestra que ten\u00eda a cargo de 4\u00b0 a 6\u00b0 grado. Tampoco dejan entrar m\u00e1s chicos, en su mayor\u00eda de familias humildes y en situaciones de abandono provenientes de Luiggi, Rancul y hasta Embajador Martini.<\/p>\n<p><img loading=\"lazy\" decoding=\"async\" class=\"alignleft wp-image-25122 size-medium lazyloaded\" src=\"https:\/\/www.dosbases.com.ar\/wp-content\/uploads\/2019\/09\/eltala3-320x180.jpg\" alt=\"\" width=\"320\" height=\"180\" data-src=\"https:\/\/www.dosbases.com.ar\/wp-content\/uploads\/2019\/09\/eltala3-320x180.jpg\" data-srcset=\"https:\/\/www.dosbases.com.ar\/wp-content\/uploads\/2019\/09\/eltala3-320x180.jpg 320w, https:\/\/www.dosbases.com.ar\/wp-content\/uploads\/2019\/09\/eltala3-768x432.jpg 768w, https:\/\/www.dosbases.com.ar\/wp-content\/uploads\/2019\/09\/eltala3-658x370.jpg 658w, https:\/\/www.dosbases.com.ar\/wp-content\/uploads\/2019\/09\/eltala3.jpg 960w\" \/><\/p>\n<p>La escuelita de El Tala tiene m\u00e1s de 50 a\u00f1os de vida y es una instituci\u00f3n hist\u00f3rica. Chicos con carencias e hijos de trabajadores rurales de la zona norte, asisten desde hace d\u00e9cadas a ese lugar olvidado, pero confortable. La escuela ubicada cerca del cruce de las rutas 11 y 2, no recibe chicos desde el a\u00f1o pasado, e incluso dos peque\u00f1os de 5, entre ellos una nena de Martini que seg\u00fan pudo averiguar\u00a0<strong>dosbase<\/strong>s habr\u00eda sido v\u00edctima de abusos, no pudo quedarse dado que ya no hay jard\u00edn.<\/p>\n<p><img loading=\"lazy\" decoding=\"async\" class=\"alignright wp-image-25120 size-medium lazyloaded\" src=\"https:\/\/www.dosbases.com.ar\/wp-content\/uploads\/2019\/09\/eltala-240x180.jpg\" alt=\"\" width=\"240\" height=\"180\" data-src=\"https:\/\/www.dosbases.com.ar\/wp-content\/uploads\/2019\/09\/eltala-240x180.jpg\" data-srcset=\"https:\/\/www.dosbases.com.ar\/wp-content\/uploads\/2019\/09\/eltala-240x180.jpg 240w, https:\/\/www.dosbases.com.ar\/wp-content\/uploads\/2019\/09\/eltala-768x576.jpg 768w, https:\/\/www.dosbases.com.ar\/wp-content\/uploads\/2019\/09\/eltala-493x370.jpg 493w, https:\/\/www.dosbases.com.ar\/wp-content\/uploads\/2019\/09\/eltala-100x75.jpg 100w, https:\/\/www.dosbases.com.ar\/wp-content\/uploads\/2019\/09\/eltala.jpg 800w\" \/><\/p>\n<p>Si est\u00e1s leyendo esta nota es simple: las autoridades de Educaci\u00f3n no dan respuestas a los reclamos. Incluso, en la reciente feria de Ciencias los chicos de El Tala se llevaron un premio, pero la docente que motiv\u00f3 su trabajo ya no est\u00e1, cay\u00f3 en el recorte. El reclamo por este hecho, aseguraron a\u00a0<strong>dosbases<\/strong>, molest\u00f3 a funcionarios de la cartera educativa.<\/p>\n<p>En medio de esta situaci\u00f3n nos comunicamos con Marcela Reyes, la maestra de m\u00fasica, quien confirm\u00f3 la situaci\u00f3n y detall\u00f3 que, al d\u00eda de hoy, junto a ella s\u00f3lo hay dos docentes m\u00e1s y un par de profes: la de inicial y la de segundo y tercer grado, la que educaba a los chicos de 4\u00b0 a 6\u00b0 ya no est\u00e1, y tampoco el de Educaci\u00f3n F\u00edsica.<\/p>\n<div id=\"attachment_25123\" class=\"wp-caption alignleft\"><img loading=\"lazy\" decoding=\"async\" class=\"wp-image-25123 size-medium lazyloaded\" src=\"https:\/\/www.dosbases.com.ar\/wp-content\/uploads\/2019\/09\/eltala4-144x180.jpg\" alt=\"\" width=\"144\" height=\"180\" aria-describedby=\"caption-attachment-25123\" data-src=\"https:\/\/www.dosbases.com.ar\/wp-content\/uploads\/2019\/09\/eltala4-144x180.jpg\" data-srcset=\"https:\/\/www.dosbases.com.ar\/wp-content\/uploads\/2019\/09\/eltala4-144x180.jpg 144w, https:\/\/www.dosbases.com.ar\/wp-content\/uploads\/2019\/09\/eltala4.jpg 768w, https:\/\/www.dosbases.com.ar\/wp-content\/uploads\/2019\/09\/eltala4-296x370.jpg 296w\" \/><\/p>\n<p id=\"caption-attachment-25123\" class=\"wp-caption-text\">Los chicos la rompieron en la reciente feria de Ciencias en Luiggi.<\/p>\n<\/div>\n<p>\u00abRealmente vienen chicos que pasan hambre y arrastran sufrimientos terrribles. Afortunadamente, el intendente de Luiggi (Oscar Zanoli) nos da una mano tremenda en todo lo que puede, al igual que el intendente de Rancul (Horacio Castro), que hasta nos ayuda con la movilidad\u00bb, cont\u00f3 la docente.<\/p>\n<p>Sin embargo, desde Educaci\u00f3n no hay respuestas. O peor a\u00fan, el t\u00edpico malestar cuando se hace presente un reclamo, y encima valedero. Seg\u00fan contaron, los docentes tambi\u00e9n advirtieron de la grave situaci\u00f3n al gremio de Utelpa, que prometi\u00f3 tomar cartas en el asunto con el tema de los cargos, mientras que -seg\u00fan indicaron- tambi\u00e9n el procurador y candidato a diputado nacional, Hern\u00e1n P\u00e9rez Araujo, visit\u00f3 la escuela recientemente y se comprometi\u00f3 a investigar la situaci\u00f3n.<\/p>\n<p>Mientras tanto, la escuela trabaja a menos de la mitad de su hist\u00f3rica capacidad, y en el marco de una crisis galopante, incluso en materia alimentaria.<\/p>\n<div class=\"oasis-despues-del-contenido\" id=\"oasis-4094717902\"><img loading=\"lazy\" decoding=\"async\" src=\"https:\/\/oasisfm935.com.ar\/site\/wp-content\/uploads\/2020\/08\/47806202-8741-49f2-a5c9-d2f930e5baa1.jpg\" alt=\"\"  srcset=\"https:\/\/oasisfm935.com.ar\/site\/wp-content\/uploads\/2020\/08\/47806202-8741-49f2-a5c9-d2f930e5baa1.jpg 1080w, https:\/\/oasisfm935.com.ar\/site\/wp-content\/uploads\/2020\/08\/47806202-8741-49f2-a5c9-d2f930e5baa1-300x300.jpg 300w, https:\/\/oasisfm935.com.ar\/site\/wp-content\/uploads\/2020\/08\/47806202-8741-49f2-a5c9-d2f930e5baa1-1024x1024.jpg 1024w, https:\/\/oasisfm935.com.ar\/site\/wp-content\/uploads\/2020\/08\/47806202-8741-49f2-a5c9-d2f930e5baa1-150x150.jpg 150w, https:\/\/oasisfm935.com.ar\/site\/wp-content\/uploads\/2020\/08\/47806202-8741-49f2-a5c9-d2f930e5baa1-768x768.jpg 768w\" sizes=\"(max-width: 1080px) 100vw, 1080px\" class=\"no-lazyload\" width=\"1080\" height=\"1080\"  style=\"display: inline-block;\" \/><\/div>","protected":false},"excerpt":{"rendered":"<p>&nbsp; Santa Rosa (2b)- El gobierno de La Pampa encar\u00f3 en los \u00faltimos a\u00f1os una fuerte cruzada de ayuda social para sostener<\/p>\n","protected":false},"author":4,"featured_media":2804,"comment_status":"closed","ping_status":"open","sticky":false,"template":"","format":"standard","meta":{"colormag_page_layout":"default_layout","footnotes":""},"categories":[2],"tags":[],"class_list":["post-2803","post","type-post","status-publish","format-standard","has-post-thumbnail","hentry","category-noticias"],"_links":{"self":[{"href":"https:\/\/oasisfm935.com.ar\/site\/wp-json\/wp\/v2\/posts\/2803","targetHints":{"allow":["GET"]}}],"collection":[{"href":"https:\/\/oasisfm935.com.ar\/site\/wp-json\/wp\/v2\/posts"}],"about":[{"href":"https:\/\/oasisfm935.com.ar\/site\/wp-json\/wp\/v2\/types\/post"}],"author":[{"embeddable":true,"href":"https:\/\/oasisfm935.com.ar\/site\/wp-json\/wp\/v2\/users\/4"}],"replies":[{"embeddable":true,"href":"https:\/\/oasisfm935.com.ar\/site\/wp-json\/wp\/v2\/comments?post=2803"}],"version-history":[{"count":1,"href":"https:\/\/oasisfm935.com.ar\/site\/wp-json\/wp\/v2\/posts\/2803\/revisions"}],"predecessor-version":[{"id":2805,"href":"https:\/\/oasisfm935.com.ar\/site\/wp-json\/wp\/v2\/posts\/2803\/revisions\/2805"}],"wp:featuredmedia":[{"embeddable":true,"href":"https:\/\/oasisfm935.com.ar\/site\/wp-json\/wp\/v2\/media\/2804"}],"wp:attachment":[{"href":"https:\/\/oasisfm935.com.ar\/site\/wp-json\/wp\/v2\/media?parent=2803"}],"wp:term":[{"taxonomy":"category","embeddable":true,"href":"https:\/\/oasisfm935.com.ar\/site\/wp-json\/wp\/v2\/categories?post=2803"},{"taxonomy":"post_tag","embeddable":true,"href":"https:\/\/oasisfm935.com.ar\/site\/wp-json\/wp\/v2\/tags?post=2803"}],"curies":[{"name":"wp","href":"https:\/\/api.w.org\/{rel}","templated":true}]}}