{"id":2806,"date":"2019-09-22T17:47:40","date_gmt":"2019-09-22T20:47:40","guid":{"rendered":"http:\/\/oasisfm935.com\/site\/?p=2806"},"modified":"2019-09-22T18:02:17","modified_gmt":"2019-09-22T21:02:17","slug":"expo-luiggi-estamos-en-un-momento-de-mucha-incertidumbre-expreso-eduardo-pase","status":"publish","type":"post","link":"https:\/\/oasisfm935.com.ar\/site\/expo-luiggi-estamos-en-un-momento-de-mucha-incertidumbre-expreso-eduardo-pase\/","title":{"rendered":"Expo Luiggi: \u201cEstamos en un momento de mucha incertidumbre\u201d, expres\u00f3 Eduardo Pase"},"content":{"rendered":"<p>El presidente de la Asociaci\u00f3n Gremial Agropecuaria se refiri\u00f3 a la actualidad del sector y al presente de la entidad que conduce.<\/p>\n<p>En este marco, el presidente de la Asociaci\u00f3n Gremial Agropecuaria (AGA), Eduaro Pase, manifest\u00f3 sus sensaciones sobre el presente del sector y de la muestra en el predio ferial de Ingenierio Luiggi, que este fin de semana ser\u00e1 con entrada libre y gratuita. \u201cA pesar del momento complicado que estamos pasando, encontr\u00e9 muy bien a la entidad\u201d, manifest\u00f3.<\/p>\n<p>\u201cJustamente por este momento econ\u00f3mico, junto a la comisi\u00f3n, decidimos que la entrada sea gratuita y que los vecinos y familias se acerquen a compartir un lindo momento. Siempre estamos pensando y trabajando por el bien del pueblo de Ingenierio Luiggi\u201d, destac\u00f3 Pase, a Marac\u00f3Digital.net.<\/p>\n<p><strong>Momento de gran incertidumbre<\/strong><\/p>\n<p>El presidente de la AGA no dej\u00f3 pasar el momento para referirse a la actualidad del pa\u00eds. \u201cEl campo siempre depende de dos factores: gobierno y clima\u201d, resumi\u00f3. \u201cLa situacio\u0301n est\u00e1 complicada en esos dos factores, pero tenemos que continuar y seguir para adelante\u2026 el campo es as\u00ed\u201d, asegur\u00f3.<\/p>\n<p>En cuanto a la falta de lluvias, Pase sostuvo que \u201cla seca nos afecta a nosotros y gran parte de la regi\u00f3n. Se nos presenta un panorama complejo con la fina y no se c\u00f3mo vamos a venir con la cosecha. Y luego arrancar con una campa\u00f1a de gruesta que tampoco sabemos c\u00f3mo se va a presentar, porque m\u00e1s all\u00e1 del clima tambi\u00e9n est\u00e1 la cuesti\u00f3n de precios, combustibles y retenciones\u201d.<\/p>\n<p>\u201cA la hora de tomar cr\u00e9ditos, a veces se torna dificil y suele ser un salvavidas de plomo. Por todo esto, la conclusi\u00f3n que hacemos es que estamos en un momento de mucha incertidumbre. Pero confiamos en salir con el esfuerzo del campo, la industria y el comercio\u201d, valor\u00f3.<\/p>\n<p><strong>Reforma agraria<\/strong><\/p>\n<p>Hace unos d\u00edas, el dirigente social Juan Grabois, l\u00edder de la Confederaci\u00f3n de Trabajadores de la Econom\u00eda Popular (CTEP) e integrante del kirchnerismo, expres\u00f3 la necesidad de avanzar con una reforma agraria. Entre varios aspectos, dijo que \u201cno puede haber terratenientes en Argentina y nadie puede tener m\u00e1s de 5 mil hect\u00e1reas\u201d.<\/p>\n<p>Sin entrar demasiado en la pol\u00e9mica, Pase opin\u00f3 que Grabois \u201cest\u00e1 muy equivocado\u201d. Asegur\u00f3 que el hombre de campo \u201cno es oligarca ni terrateniente\u201d y que \u201cse trabaja todos los d\u00edas, de sol a sol, con mucho sacrificio. El hombre de campo sabe lo que estoy diciendo\u201d.<\/p>\n<p>Para finalizar, el presidente de la Asociaci\u00f3n Gremial Agropecuaria de Ingenierio Luiggi salud\u00f3 a todos los vecinos con un mensaje de fe para \u201csalir de esta situacio\u0301n que estamos pasando\u201d y \u201cseguir trabajando como siempre, poniendo el hombro una vez m\u00e1s\u201d.<\/p>\n<div class=\"oasis-despues-del-contenido\" id=\"oasis-2325646939\"><img loading=\"lazy\" decoding=\"async\" src=\"https:\/\/oasisfm935.com.ar\/site\/wp-content\/uploads\/2020\/08\/47806202-8741-49f2-a5c9-d2f930e5baa1.jpg\" alt=\"\"  srcset=\"https:\/\/oasisfm935.com.ar\/site\/wp-content\/uploads\/2020\/08\/47806202-8741-49f2-a5c9-d2f930e5baa1.jpg 1080w, https:\/\/oasisfm935.com.ar\/site\/wp-content\/uploads\/2020\/08\/47806202-8741-49f2-a5c9-d2f930e5baa1-300x300.jpg 300w, https:\/\/oasisfm935.com.ar\/site\/wp-content\/uploads\/2020\/08\/47806202-8741-49f2-a5c9-d2f930e5baa1-1024x1024.jpg 1024w, https:\/\/oasisfm935.com.ar\/site\/wp-content\/uploads\/2020\/08\/47806202-8741-49f2-a5c9-d2f930e5baa1-150x150.jpg 150w, https:\/\/oasisfm935.com.ar\/site\/wp-content\/uploads\/2020\/08\/47806202-8741-49f2-a5c9-d2f930e5baa1-768x768.jpg 768w\" sizes=\"(max-width: 1080px) 100vw, 1080px\" class=\"no-lazyload\" width=\"1080\" height=\"1080\"  style=\"display: inline-block;\" \/><\/div>","protected":false},"excerpt":{"rendered":"<p>El presidente de la Asociaci\u00f3n Gremial Agropecuaria se refiri\u00f3 a la actualidad del sector y al presente de la entidad que conduce.<\/p>\n","protected":false},"author":4,"featured_media":2814,"comment_status":"closed","ping_status":"open","sticky":false,"template":"","format":"standard","meta":{"colormag_page_layout":"default_layout","footnotes":""},"categories":[2],"tags":[],"class_list":["post-2806","post","type-post","status-publish","format-standard","has-post-thumbnail","hentry","category-noticias"],"_links":{"self":[{"href":"https:\/\/oasisfm935.com.ar\/site\/wp-json\/wp\/v2\/posts\/2806","targetHints":{"allow":["GET"]}}],"collection":[{"href":"https:\/\/oasisfm935.com.ar\/site\/wp-json\/wp\/v2\/posts"}],"about":[{"href":"https:\/\/oasisfm935.com.ar\/site\/wp-json\/wp\/v2\/types\/post"}],"author":[{"embeddable":true,"href":"https:\/\/oasisfm935.com.ar\/site\/wp-json\/wp\/v2\/users\/4"}],"replies":[{"embeddable":true,"href":"https:\/\/oasisfm935.com.ar\/site\/wp-json\/wp\/v2\/comments?post=2806"}],"version-history":[{"count":3,"href":"https:\/\/oasisfm935.com.ar\/site\/wp-json\/wp\/v2\/posts\/2806\/revisions"}],"predecessor-version":[{"id":2813,"href":"https:\/\/oasisfm935.com.ar\/site\/wp-json\/wp\/v2\/posts\/2806\/revisions\/2813"}],"wp:featuredmedia":[{"embeddable":true,"href":"https:\/\/oasisfm935.com.ar\/site\/wp-json\/wp\/v2\/media\/2814"}],"wp:attachment":[{"href":"https:\/\/oasisfm935.com.ar\/site\/wp-json\/wp\/v2\/media?parent=2806"}],"wp:term":[{"taxonomy":"category","embeddable":true,"href":"https:\/\/oasisfm935.com.ar\/site\/wp-json\/wp\/v2\/categories?post=2806"},{"taxonomy":"post_tag","embeddable":true,"href":"https:\/\/oasisfm935.com.ar\/site\/wp-json\/wp\/v2\/tags?post=2806"}],"curies":[{"name":"wp","href":"https:\/\/api.w.org\/{rel}","templated":true}]}}