{"id":281,"date":"2019-01-10T10:20:43","date_gmt":"2019-01-10T13:20:43","guid":{"rendered":"http:\/\/oasisfm935.com\/site\/?p=281"},"modified":"2019-01-10T10:20:43","modified_gmt":"2019-01-10T13:20:43","slug":"es-obligatorio-votar-en-las-internas-del-17-de-febrero","status":"publish","type":"post","link":"https:\/\/oasisfm935.com.ar\/site\/es-obligatorio-votar-en-las-internas-del-17-de-febrero\/","title":{"rendered":"\u00bfEs obligatorio votar en las internas del 17 de febrero?"},"content":{"rendered":"<p>\u00bfLos pampeanos est\u00e1n obligados a votar en las internas del 17 de febrero? \u00bfQu\u00e9 se vota? \u00bfCon qu\u00e9 documento? Esas son algunas de las dudas de los pr\u00f3ximos comicios en La Pampa. Aqu\u00ed, algunas de esas respuestas:<\/p>\n<p><b>\u00bfQu\u00e9 se vota el 17 de febrero?<\/b><br \/>\nEn las elecciones del 17 de febrero de 2019 los ciudadanos que se encuentren empadronados podr\u00e1n votar los precandidatos para cargos p\u00fablicos electivos provinciales (gobernador, vicegobernador, intendentes, presidentes de comisiones de fomento, concejales, vocales y jueces de paz) de aquellos partidos que se presenten a internas con dos o m\u00e1s listas.<\/p>\n<p><b>\u00bfEl voto es obligatorio en las elecciones internas del 17 de febrero?<\/b><br \/>\nNo. En las elecciones internas para candidaturas provinciales y municipales el voto no es obligatorio; s\u00ed lo es para las elecciones generales del 19 de mayo de 2019.<\/p>\n<p><b>\u00bfQui\u00e9nes est\u00e1n empadronados para las elecciones del 17 de febrero?<\/b><br \/>\nLos ciudadanos independientes y los afiliados a los partidos pol\u00edticos que ir\u00e1n a internas (a excepci\u00f3n de los que residan en localidades donde no haya internas).<\/p>\n<p><b>\u00bfD\u00f3nde puede consultarse el padr\u00f3n?<\/b><br \/>\nEl padr\u00f3n provisorio para las elecciones del 17 de febrero puede consultarse en el Tribunal Electoral de la Provincia de La Pampa (avenida San Mart\u00edn Oeste 152, tel\u00e9fonos 02954-429567\/429341, Santa Rosa, de 7 a 21 hs.); en su p\u00e1gina web www.trielectorallapampa.gov.ar donde se habilit\u00f3 un link espec\u00edfico, y en los partidos pol\u00edticos. Hasta el 14 de enero, inclusive, el Tribunal Electoral recibir\u00e1 y resolver\u00e1 cualquier inquietud relacionada con \u00e9l. El padr\u00f3n definitivo para las internas, con los lugares de votaci\u00f3n de cada ciudadano, podr\u00e1 ser consultado a partir del 18 de enero de 2019 en los lugares mencionados anteriormente.<\/p>\n<p>&nbsp;<\/p>\n<p>&nbsp;<\/p>\n<p><b>\u00bfC\u00f3mo se votar\u00e1?<\/b><br \/>\nHabr\u00e1 mesas y urnas separadas para independientes y afiliados a cada uno de los partidos que ir\u00e1n a internas. Los ciudadanos independientes tendr\u00e1n frente a s\u00ed las boletas de todos los precandidatos de los partidos que van a internas, y los afiliados s\u00f3lo las de su partido. Ning\u00fan ciudadano podr\u00e1 votar m\u00e1s de una vez.<\/p>\n<p><b>\u00bfCon qu\u00e9 documento se vota?<\/b><br \/>\nCon cualquier documento de identidad (Libreta C\u00edvica, Libreta de Enrolamiento, DNI verde, DNI celeste, tarjeta del DNI celeste y nuevo DNI tarjeta). No se permitir\u00e1 el voto de ciudadanos cuyo documento corresponda a un ejemplar anterior al que figura en el padr\u00f3n electoral. S\u00ed se admitir\u00e1 el voto de quien se presente con una versi\u00f3n posterior al documento que figura registrado en el padr\u00f3n.<\/p>\n<p>&nbsp;<\/p>\n<div class=\"oasis-despues-del-contenido\" id=\"oasis-1360350946\"><img loading=\"lazy\" decoding=\"async\" src=\"https:\/\/oasisfm935.com.ar\/site\/wp-content\/uploads\/2020\/08\/47806202-8741-49f2-a5c9-d2f930e5baa1.jpg\" alt=\"\"  srcset=\"https:\/\/oasisfm935.com.ar\/site\/wp-content\/uploads\/2020\/08\/47806202-8741-49f2-a5c9-d2f930e5baa1.jpg 1080w, https:\/\/oasisfm935.com.ar\/site\/wp-content\/uploads\/2020\/08\/47806202-8741-49f2-a5c9-d2f930e5baa1-300x300.jpg 300w, https:\/\/oasisfm935.com.ar\/site\/wp-content\/uploads\/2020\/08\/47806202-8741-49f2-a5c9-d2f930e5baa1-1024x1024.jpg 1024w, https:\/\/oasisfm935.com.ar\/site\/wp-content\/uploads\/2020\/08\/47806202-8741-49f2-a5c9-d2f930e5baa1-150x150.jpg 150w, https:\/\/oasisfm935.com.ar\/site\/wp-content\/uploads\/2020\/08\/47806202-8741-49f2-a5c9-d2f930e5baa1-768x768.jpg 768w\" sizes=\"(max-width: 1080px) 100vw, 1080px\" class=\"no-lazyload\" width=\"1080\" height=\"1080\"  style=\"display: inline-block;\" \/><\/div>","protected":false},"excerpt":{"rendered":"<p>\u00bfLos pampeanos est\u00e1n obligados a votar en las internas del 17 de febrero? \u00bfQu\u00e9 se vota? \u00bfCon qu\u00e9 documento? Esas son algunas<\/p>\n","protected":false},"author":4,"featured_media":282,"comment_status":"closed","ping_status":"open","sticky":false,"template":"","format":"standard","meta":{"colormag_page_layout":"default_layout","footnotes":""},"categories":[2],"tags":[],"class_list":["post-281","post","type-post","status-publish","format-standard","has-post-thumbnail","hentry","category-noticias"],"_links":{"self":[{"href":"https:\/\/oasisfm935.com.ar\/site\/wp-json\/wp\/v2\/posts\/281","targetHints":{"allow":["GET"]}}],"collection":[{"href":"https:\/\/oasisfm935.com.ar\/site\/wp-json\/wp\/v2\/posts"}],"about":[{"href":"https:\/\/oasisfm935.com.ar\/site\/wp-json\/wp\/v2\/types\/post"}],"author":[{"embeddable":true,"href":"https:\/\/oasisfm935.com.ar\/site\/wp-json\/wp\/v2\/users\/4"}],"replies":[{"embeddable":true,"href":"https:\/\/oasisfm935.com.ar\/site\/wp-json\/wp\/v2\/comments?post=281"}],"version-history":[{"count":1,"href":"https:\/\/oasisfm935.com.ar\/site\/wp-json\/wp\/v2\/posts\/281\/revisions"}],"predecessor-version":[{"id":283,"href":"https:\/\/oasisfm935.com.ar\/site\/wp-json\/wp\/v2\/posts\/281\/revisions\/283"}],"wp:featuredmedia":[{"embeddable":true,"href":"https:\/\/oasisfm935.com.ar\/site\/wp-json\/wp\/v2\/media\/282"}],"wp:attachment":[{"href":"https:\/\/oasisfm935.com.ar\/site\/wp-json\/wp\/v2\/media?parent=281"}],"wp:term":[{"taxonomy":"category","embeddable":true,"href":"https:\/\/oasisfm935.com.ar\/site\/wp-json\/wp\/v2\/categories?post=281"},{"taxonomy":"post_tag","embeddable":true,"href":"https:\/\/oasisfm935.com.ar\/site\/wp-json\/wp\/v2\/tags?post=281"}],"curies":[{"name":"wp","href":"https:\/\/api.w.org\/{rel}","templated":true}]}}