{"id":2822,"date":"2019-09-24T11:59:32","date_gmt":"2019-09-24T14:59:32","guid":{"rendered":"http:\/\/oasisfm935.com\/site\/?p=2822"},"modified":"2019-09-24T12:00:00","modified_gmt":"2019-09-24T15:00:00","slug":"ing-luiggi-iluminacion-led-en-la-plaza-central-y-en-el-ceren","status":"publish","type":"post","link":"https:\/\/oasisfm935.com.ar\/site\/ing-luiggi-iluminacion-led-en-la-plaza-central-y-en-el-ceren\/","title":{"rendered":"Ing. Luiggi: Iluminaci\u00f3n Led en la plaza central y en el CeREN"},"content":{"rendered":"<p>M\u00e1s iluminaci\u00f3n de \u00faltima generaci\u00f3n se suma en Ingeniero Luiggi. El municipio y la COPEOSPIL dejaron lista la primera etapa de la iluminaci\u00f3n de la Plaza General Belgrano.<\/p>\n<p>El pasado 12 de septiembre se realiz\u00f3 la puesta en servicio del alumbrado p\u00fablico perimetral de la Plaza General Belgrano de Ingeniero Luiggi, una obra muy esperada por toda la localidad y proyectada desde hace varios a\u00f1os, que finalmente puede concretarse.<\/p>\n<p>\u00abLa misma fue financiada completamente por el municipio y ejecutada en conjunto con la COPEOSPIL\u201d, informaron desde la Cooperativa de Obras y Servicios P\u00fablicos de Ingeniero Luiggi.<\/p>\n<p><img decoding=\"async\" src=\"https:\/\/www.zonalnoticias.com\/media\/k2\/items\/cache\/206b2e92566635dd0facb4007a6b2616_L.jpg\" alt=\"Ing. Luiggi: Iluminaci\u00f3n Led en la plaza central y en el CeREN\" \/><\/p>\n<p>Esta instalaci\u00f3n forma parte de las obras de mejoras que est\u00e1n proyectadas para la plaza, que incluyen nuevas veredas y la instalaci\u00f3n de nuevas luminarias LED para la zona interior de la misma, completando de esta forma la renovaci\u00f3n total del alumbrado p\u00fablico en esta zona.<\/p>\n<p><img decoding=\"async\" src=\"https:\/\/scontent.frsa4-1.fna.fbcdn.net\/v\/t1.0-9\/71257008_2996724183733276_5431567259162116096_n.jpg?_nc_cat=106&amp;_nc_oc=AQm0Hgp5aWb0eDS2r88iBMGx7FNU7LtOQHgOUq_2lI1Y0ncHFnuB7ytizegkXNcJMkg&amp;_nc_ht=scontent.frsa4-1.fna&amp;oh=f78f892fc734b9f2b58d2800dee75f57&amp;oe=5E02D42F\" alt=\"La imagen puede contener: cielo y exterior\" \/><\/p>\n<p>&nbsp;<\/p>\n<p><img decoding=\"async\" src=\"https:\/\/scontent.frsa4-1.fna.fbcdn.net\/v\/t1.0-9\/70656944_2996724110399950_1564911298968289280_n.jpg?_nc_cat=101&amp;_nc_oc=AQmXcj0Lz3YwlVu3t2w43FvS23JKaAH8USzwv_A0F4j7gVXBZ4csV5BSf7PsUeehUKE&amp;_nc_ht=scontent.frsa4-1.fna&amp;oh=37d7b5660432bd14a350c13575fce37c&amp;oe=5DFEE6CA\" alt=\"La imagen puede contener: noche y exterior\" \/><\/p>\n<p>Obra de iluminaci\u00f3n del predio del CeREN<\/p>\n<p>Tambi\u00e9n realizaron\u00a0la instalaci\u00f3n de 3 nuevas columnas con artefactos Led, en la calle Alcorta entre Corrientes y la nueva entrada al Parque Centenario, junto con el recambio de 4 luminarias Led sobre calle Corrientes entre Col\u00f3n y Alcorta.<\/p>\n<p>Estas obras tambi\u00e9n fueron financiadas por el municipio y ejecutadas en conjunto con la cooperativa, las mismas forman parte de las obras del CeREN y de la cancha de hockey, informaron desde COPEOSPIL a<\/p>\n<p>&nbsp;<\/p>\n<p><img decoding=\"async\" src=\"https:\/\/scontent.frsa4-1.fna.fbcdn.net\/v\/t1.15752-9\/70724299_663531740803708_1423235725331005440_n.jpg?_nc_cat=108&amp;_nc_oc=AQkIz9bontocry2YuEzwqzfsuwQTQj8WaNFmucudjd4L5KyBLas9cojj0hHW4TzeXMU&amp;_nc_ht=scontent.frsa4-1.fna&amp;oh=58ea758177a12b3c5c00b1dd20c12e00&amp;oe=5E359932\" \/><\/p>\n<p><strong>Zonal Noticias.<\/strong><\/p>\n<div class=\"oasis-despues-del-contenido\" id=\"oasis-4169277075\"><img loading=\"lazy\" decoding=\"async\" src=\"https:\/\/oasisfm935.com.ar\/site\/wp-content\/uploads\/2020\/08\/47806202-8741-49f2-a5c9-d2f930e5baa1.jpg\" alt=\"\"  srcset=\"https:\/\/oasisfm935.com.ar\/site\/wp-content\/uploads\/2020\/08\/47806202-8741-49f2-a5c9-d2f930e5baa1.jpg 1080w, https:\/\/oasisfm935.com.ar\/site\/wp-content\/uploads\/2020\/08\/47806202-8741-49f2-a5c9-d2f930e5baa1-300x300.jpg 300w, https:\/\/oasisfm935.com.ar\/site\/wp-content\/uploads\/2020\/08\/47806202-8741-49f2-a5c9-d2f930e5baa1-1024x1024.jpg 1024w, https:\/\/oasisfm935.com.ar\/site\/wp-content\/uploads\/2020\/08\/47806202-8741-49f2-a5c9-d2f930e5baa1-150x150.jpg 150w, https:\/\/oasisfm935.com.ar\/site\/wp-content\/uploads\/2020\/08\/47806202-8741-49f2-a5c9-d2f930e5baa1-768x768.jpg 768w\" sizes=\"(max-width: 1080px) 100vw, 1080px\" class=\"no-lazyload\" width=\"1080\" height=\"1080\"  style=\"display: inline-block;\" \/><\/div>","protected":false},"excerpt":{"rendered":"<p>M\u00e1s iluminaci\u00f3n de \u00faltima generaci\u00f3n se suma en Ingeniero Luiggi. El municipio y la COPEOSPIL dejaron lista la primera etapa de la<\/p>\n","protected":false},"author":4,"featured_media":2823,"comment_status":"closed","ping_status":"open","sticky":false,"template":"","format":"standard","meta":{"colormag_page_layout":"default_layout","footnotes":""},"categories":[2],"tags":[],"class_list":["post-2822","post","type-post","status-publish","format-standard","has-post-thumbnail","hentry","category-noticias"],"_links":{"self":[{"href":"https:\/\/oasisfm935.com.ar\/site\/wp-json\/wp\/v2\/posts\/2822","targetHints":{"allow":["GET"]}}],"collection":[{"href":"https:\/\/oasisfm935.com.ar\/site\/wp-json\/wp\/v2\/posts"}],"about":[{"href":"https:\/\/oasisfm935.com.ar\/site\/wp-json\/wp\/v2\/types\/post"}],"author":[{"embeddable":true,"href":"https:\/\/oasisfm935.com.ar\/site\/wp-json\/wp\/v2\/users\/4"}],"replies":[{"embeddable":true,"href":"https:\/\/oasisfm935.com.ar\/site\/wp-json\/wp\/v2\/comments?post=2822"}],"version-history":[{"count":1,"href":"https:\/\/oasisfm935.com.ar\/site\/wp-json\/wp\/v2\/posts\/2822\/revisions"}],"predecessor-version":[{"id":2824,"href":"https:\/\/oasisfm935.com.ar\/site\/wp-json\/wp\/v2\/posts\/2822\/revisions\/2824"}],"wp:featuredmedia":[{"embeddable":true,"href":"https:\/\/oasisfm935.com.ar\/site\/wp-json\/wp\/v2\/media\/2823"}],"wp:attachment":[{"href":"https:\/\/oasisfm935.com.ar\/site\/wp-json\/wp\/v2\/media?parent=2822"}],"wp:term":[{"taxonomy":"category","embeddable":true,"href":"https:\/\/oasisfm935.com.ar\/site\/wp-json\/wp\/v2\/categories?post=2822"},{"taxonomy":"post_tag","embeddable":true,"href":"https:\/\/oasisfm935.com.ar\/site\/wp-json\/wp\/v2\/tags?post=2822"}],"curies":[{"name":"wp","href":"https:\/\/api.w.org\/{rel}","templated":true}]}}