{"id":2825,"date":"2019-09-25T08:29:32","date_gmt":"2019-09-25T11:29:32","guid":{"rendered":"http:\/\/oasisfm935.com\/site\/?p=2825"},"modified":"2019-09-25T08:30:47","modified_gmt":"2019-09-25T11:30:47","slug":"pico-la-capital-alternativa-elegida-por-alberto-fernandez","status":"publish","type":"post","link":"https:\/\/oasisfm935.com.ar\/site\/pico-la-capital-alternativa-elegida-por-alberto-fernandez\/","title":{"rendered":"Pico, la \u00abcapital alternativa\u00bb elegida por Alberto Fern\u00e1ndez"},"content":{"rendered":"<p>El aspirante presidencial por el Frente de Todos,<strong>\u00a0Alberto Fern\u00e1ndez<\/strong>, propuso este martes\u00a0<strong>\u00abcrear en cada provincia una capital alterna\u00bb<\/strong>\u00a0de la Argentina. \u00abVamos a sacar a Dios de Buenos Aires y que empiece a circular por todo el pa\u00eds\u00bb, dijo. En La Pampa, se piensan instalar en Pico, seg\u00fan se difundi\u00f3.<\/p>\n<p>\u00abLa idea global de este proyecto, que simplemente se trata de reglamentar lo que la Constituci\u00f3n Nacional ordena y que incomprensiblemente no hemos hecho, es crear en cada provincia una capital alterna de la Argentina y obligar al Gobierno nacional, una vez al mes, a instalarse en esa provincia para conocer in situ los problemas de la provincia\u00bb, detall\u00f3.<\/p>\n<p><img decoding=\"async\" src=\"http:\/\/diariotextual.com\/inicio\/wp-content\/uploads\/2019\/09\/capitalesalternativasfrentedetodos1.jpg\" alt=\"Pico, la \u00abcapital alternativa\u00bb elegida por Alberto Fern\u00e1ndez\" \/><\/p>\n<p>En dirigente kirchnerista hizo estas declaraciones durante un acto en Mendoza, en el que estuvo acompa\u00f1ado por distintos gobernadores peronistas como Omar Perotti (Santa Fe); Gustavo Bordet (Entre R\u00edos); Sergio U\u00f1ac (San Juan), entre otros.<\/p>\n<p>All\u00ed, revel\u00f3 que hizo propia una idea del fallecido exgobernador cordob\u00e9s Jos\u00e9 Manuel De la Sota para \u00abcambiar la estructura\u00bb de desarrollo del pa\u00eds. \u00abEra la idea de la Argentina tenga una Capital Federal, que es la Ciudad de Buenos Aires, pero que tenga otras capitales alternas\u00bb, sostuvo. \u00abSi nosotros no cambiamos la estructura de desarrollo de la Argentina no vamos a ser nunca otra Argentina. Si seguimos haciendo las mismas cosas, indefectiblemente vamos a seguir teniendo los mismos resultados\u00bb, plante\u00f3.<\/p>\n<div class=\"oasis-despues-del-contenido\" id=\"oasis-3512848478\"><img loading=\"lazy\" decoding=\"async\" src=\"https:\/\/oasisfm935.com.ar\/site\/wp-content\/uploads\/2020\/08\/47806202-8741-49f2-a5c9-d2f930e5baa1.jpg\" alt=\"\"  srcset=\"https:\/\/oasisfm935.com.ar\/site\/wp-content\/uploads\/2020\/08\/47806202-8741-49f2-a5c9-d2f930e5baa1.jpg 1080w, https:\/\/oasisfm935.com.ar\/site\/wp-content\/uploads\/2020\/08\/47806202-8741-49f2-a5c9-d2f930e5baa1-300x300.jpg 300w, https:\/\/oasisfm935.com.ar\/site\/wp-content\/uploads\/2020\/08\/47806202-8741-49f2-a5c9-d2f930e5baa1-1024x1024.jpg 1024w, https:\/\/oasisfm935.com.ar\/site\/wp-content\/uploads\/2020\/08\/47806202-8741-49f2-a5c9-d2f930e5baa1-150x150.jpg 150w, https:\/\/oasisfm935.com.ar\/site\/wp-content\/uploads\/2020\/08\/47806202-8741-49f2-a5c9-d2f930e5baa1-768x768.jpg 768w\" sizes=\"(max-width: 1080px) 100vw, 1080px\" class=\"no-lazyload\" width=\"1080\" height=\"1080\"  style=\"display: inline-block;\" \/><\/div>","protected":false},"excerpt":{"rendered":"<p>El aspirante presidencial por el Frente de Todos,\u00a0Alberto Fern\u00e1ndez, propuso este martes\u00a0\u00abcrear en cada provincia una capital alterna\u00bb\u00a0de la Argentina. \u00abVamos a<\/p>\n","protected":false},"author":4,"featured_media":2826,"comment_status":"closed","ping_status":"open","sticky":false,"template":"","format":"standard","meta":{"colormag_page_layout":"default_layout","footnotes":""},"categories":[2],"tags":[],"class_list":["post-2825","post","type-post","status-publish","format-standard","has-post-thumbnail","hentry","category-noticias"],"_links":{"self":[{"href":"https:\/\/oasisfm935.com.ar\/site\/wp-json\/wp\/v2\/posts\/2825","targetHints":{"allow":["GET"]}}],"collection":[{"href":"https:\/\/oasisfm935.com.ar\/site\/wp-json\/wp\/v2\/posts"}],"about":[{"href":"https:\/\/oasisfm935.com.ar\/site\/wp-json\/wp\/v2\/types\/post"}],"author":[{"embeddable":true,"href":"https:\/\/oasisfm935.com.ar\/site\/wp-json\/wp\/v2\/users\/4"}],"replies":[{"embeddable":true,"href":"https:\/\/oasisfm935.com.ar\/site\/wp-json\/wp\/v2\/comments?post=2825"}],"version-history":[{"count":1,"href":"https:\/\/oasisfm935.com.ar\/site\/wp-json\/wp\/v2\/posts\/2825\/revisions"}],"predecessor-version":[{"id":2827,"href":"https:\/\/oasisfm935.com.ar\/site\/wp-json\/wp\/v2\/posts\/2825\/revisions\/2827"}],"wp:featuredmedia":[{"embeddable":true,"href":"https:\/\/oasisfm935.com.ar\/site\/wp-json\/wp\/v2\/media\/2826"}],"wp:attachment":[{"href":"https:\/\/oasisfm935.com.ar\/site\/wp-json\/wp\/v2\/media?parent=2825"}],"wp:term":[{"taxonomy":"category","embeddable":true,"href":"https:\/\/oasisfm935.com.ar\/site\/wp-json\/wp\/v2\/categories?post=2825"},{"taxonomy":"post_tag","embeddable":true,"href":"https:\/\/oasisfm935.com.ar\/site\/wp-json\/wp\/v2\/tags?post=2825"}],"curies":[{"name":"wp","href":"https:\/\/api.w.org\/{rel}","templated":true}]}}