{"id":2829,"date":"2019-09-25T14:15:57","date_gmt":"2019-09-25T17:15:57","guid":{"rendered":"http:\/\/oasisfm935.com\/site\/?p=2829"},"modified":"2019-09-25T14:15:57","modified_gmt":"2019-09-25T17:15:57","slug":"ing-luiggi-estan-abiertas-las-inscripciones-para-el-uso-de-la-pileta-climatizada","status":"publish","type":"post","link":"https:\/\/oasisfm935.com.ar\/site\/ing-luiggi-estan-abiertas-las-inscripciones-para-el-uso-de-la-pileta-climatizada\/","title":{"rendered":"Ing. Luiggi: Est\u00e1n abiertas las inscripciones para el uso de la pileta climatizada"},"content":{"rendered":"<p>Desde este lunes ya est\u00e1n abiertas las inscripciones para hacer uso de la pileta climatizada semiol\u00edmpica, recientemente inaugurada en Ingeniero Luiggi.<\/p>\n<p>La responsable del sector de la pileta Chavel\u00ed \u00a0Vazquez coment\u00f3 a\u00a0<strong>Zonal Noticias y FM Oasis<\/strong>\u00a0que las inscripciones permanecer\u00e1n abiertas durante toda\u00a0 esta semana \u00a0y el pr\u00f3ximo lunes, en tanto que \u00a0el martes 1\u00ba de octubre comienza toda la actividad.<\/p>\n<p>Seg\u00fan lo informado, las inscripciones comenzaron el lunes 23. \u201c<strong>Desde las 14 y hasta las 20 horas estamos todos los d\u00edas hasta el pr\u00f3ximo lunes inscribiendo a quienes se acerquen\u201d,<\/strong>\u00a0expres\u00f3.<\/p>\n<p>\u201cPor suerte tuvimos mucha convocatoria, tanto de ni\u00f1os, j\u00f3venes como adultos que se acercaron para hacer la inscripci\u00f3n\u201d, coment\u00f3.<\/p>\n<p>\u201cLos esperamos todos los d\u00edas hasta el pr\u00f3ximo lunes\u00bb, indic\u00f3 la joven, al tiempo que inform\u00f3\u00a0 \u00abcuando se acerquen a realizar la consulta, se les entregar\u00e1 un folleto con los horarios, los costos y con el reglamento obligatorio\u201d.<\/p>\n<p>Entre los aspectos a tener en cuenta, la responsable de la pileta climatizada coment\u00f3 que es necesario contar con\u00a0<strong>un certificado m\u00e9dico, para las mujeres malla entera, para los hombres malla sin bolsillos, botones, cintos o hebillas, \u00a0y el gorro en todos los casos.<\/strong><\/p>\n<p><strong>Escuelas deportivas<\/strong><\/p>\n<p>Vazquez inform\u00f3 que en el caso de las Escuelitas de Deportes, funcionar\u00e1n los d\u00edas lunes y mi\u00e9rcoles sin costo para ni\u00f1os y adolescentes de distintas edades.<\/p>\n<p>\u00abEn el horario de 19 a 20 funcionar\u00e1 para los chicos de entre 6 y 11 a\u00f1os, y de 20 a 21 horas, para las edades de\u00a0 12 a 17 a\u00f1os\u00bb, se\u00f1al\u00f3.<\/p>\n<p>\u201cEsperamos a la gente de la localidad y pueblos vecinos a que se acerquen, estamos todos los d\u00edas de 14 a 20 horas hasta el pr\u00f3ximo lunes, porque el martes 1\u00ba ya comienza toda la actividad\u201d, concluy\u00f3 Vazquez.<\/p>\n<div class=\"oasis-despues-del-contenido\" id=\"oasis-1359632661\"><img loading=\"lazy\" decoding=\"async\" src=\"https:\/\/oasisfm935.com.ar\/site\/wp-content\/uploads\/2020\/08\/47806202-8741-49f2-a5c9-d2f930e5baa1.jpg\" alt=\"\"  srcset=\"https:\/\/oasisfm935.com.ar\/site\/wp-content\/uploads\/2020\/08\/47806202-8741-49f2-a5c9-d2f930e5baa1.jpg 1080w, https:\/\/oasisfm935.com.ar\/site\/wp-content\/uploads\/2020\/08\/47806202-8741-49f2-a5c9-d2f930e5baa1-300x300.jpg 300w, https:\/\/oasisfm935.com.ar\/site\/wp-content\/uploads\/2020\/08\/47806202-8741-49f2-a5c9-d2f930e5baa1-1024x1024.jpg 1024w, https:\/\/oasisfm935.com.ar\/site\/wp-content\/uploads\/2020\/08\/47806202-8741-49f2-a5c9-d2f930e5baa1-150x150.jpg 150w, https:\/\/oasisfm935.com.ar\/site\/wp-content\/uploads\/2020\/08\/47806202-8741-49f2-a5c9-d2f930e5baa1-768x768.jpg 768w\" sizes=\"(max-width: 1080px) 100vw, 1080px\" class=\"no-lazyload\" width=\"1080\" height=\"1080\"  style=\"display: inline-block;\" \/><\/div>","protected":false},"excerpt":{"rendered":"<p>Desde este lunes ya est\u00e1n abiertas las inscripciones para hacer uso de la pileta climatizada semiol\u00edmpica, recientemente inaugurada en Ingeniero Luiggi. La<\/p>\n","protected":false},"author":4,"featured_media":2830,"comment_status":"closed","ping_status":"open","sticky":false,"template":"","format":"standard","meta":{"colormag_page_layout":"default_layout","footnotes":""},"categories":[2],"tags":[],"class_list":["post-2829","post","type-post","status-publish","format-standard","has-post-thumbnail","hentry","category-noticias"],"_links":{"self":[{"href":"https:\/\/oasisfm935.com.ar\/site\/wp-json\/wp\/v2\/posts\/2829","targetHints":{"allow":["GET"]}}],"collection":[{"href":"https:\/\/oasisfm935.com.ar\/site\/wp-json\/wp\/v2\/posts"}],"about":[{"href":"https:\/\/oasisfm935.com.ar\/site\/wp-json\/wp\/v2\/types\/post"}],"author":[{"embeddable":true,"href":"https:\/\/oasisfm935.com.ar\/site\/wp-json\/wp\/v2\/users\/4"}],"replies":[{"embeddable":true,"href":"https:\/\/oasisfm935.com.ar\/site\/wp-json\/wp\/v2\/comments?post=2829"}],"version-history":[{"count":1,"href":"https:\/\/oasisfm935.com.ar\/site\/wp-json\/wp\/v2\/posts\/2829\/revisions"}],"predecessor-version":[{"id":2831,"href":"https:\/\/oasisfm935.com.ar\/site\/wp-json\/wp\/v2\/posts\/2829\/revisions\/2831"}],"wp:featuredmedia":[{"embeddable":true,"href":"https:\/\/oasisfm935.com.ar\/site\/wp-json\/wp\/v2\/media\/2830"}],"wp:attachment":[{"href":"https:\/\/oasisfm935.com.ar\/site\/wp-json\/wp\/v2\/media?parent=2829"}],"wp:term":[{"taxonomy":"category","embeddable":true,"href":"https:\/\/oasisfm935.com.ar\/site\/wp-json\/wp\/v2\/categories?post=2829"},{"taxonomy":"post_tag","embeddable":true,"href":"https:\/\/oasisfm935.com.ar\/site\/wp-json\/wp\/v2\/tags?post=2829"}],"curies":[{"name":"wp","href":"https:\/\/api.w.org\/{rel}","templated":true}]}}