{"id":289,"date":"2019-01-11T10:31:38","date_gmt":"2019-01-11T13:31:38","guid":{"rendered":"http:\/\/oasisfm935.com\/site\/?p=289"},"modified":"2019-01-11T10:31:38","modified_gmt":"2019-01-11T13:31:38","slug":"me-saco-tarjeta-roja-dijo-el-cura-expulsado-por-el-obispo-martin","status":"publish","type":"post","link":"https:\/\/oasisfm935.com.ar\/site\/me-saco-tarjeta-roja-dijo-el-cura-expulsado-por-el-obispo-martin\/","title":{"rendered":"\u201cMe sac\u00f3 tarjeta roja\u201d, dijo el cura expulsado por el obispo Mart\u00edn"},"content":{"rendered":"<p>El cura\u00a0<strong>Luis Murri critic\u00f3 al obispo Mart\u00edn por \u00abmodernoso\u00bb<\/strong>\u00a0y por prohibir \u00abel bell\u00edsimo gesto\u00bb de comulgar de rodillas. El Obispado no se ha expresado oficialmente sobre el conflicto con el sacerdote ultraconservador.<\/p>\n<p>&nbsp;<\/p>\n<p><a href=\"http:\/\/oasisfm935.com\/site\/wp-content\/uploads\/2019\/01\/3ecdf05ed6c96535928825c207a8aec2_XL.jpg\"><img loading=\"lazy\" decoding=\"async\" class=\"alignnone size-medium wp-image-265\" src=\"http:\/\/oasisfm935.com\/site\/wp-content\/uploads\/2019\/01\/3ecdf05ed6c96535928825c207a8aec2_XL-300x169.jpg\" alt=\"\" width=\"300\" height=\"169\" srcset=\"https:\/\/oasisfm935.com.ar\/site\/wp-content\/uploads\/2019\/01\/3ecdf05ed6c96535928825c207a8aec2_XL-300x169.jpg 300w, https:\/\/oasisfm935.com.ar\/site\/wp-content\/uploads\/2019\/01\/3ecdf05ed6c96535928825c207a8aec2_XL-768x433.jpg 768w, https:\/\/oasisfm935.com.ar\/site\/wp-content\/uploads\/2019\/01\/3ecdf05ed6c96535928825c207a8aec2_XL-678x381.jpg 678w, https:\/\/oasisfm935.com.ar\/site\/wp-content\/uploads\/2019\/01\/3ecdf05ed6c96535928825c207a8aec2_XL.jpg 990w\" sizes=\"auto, (max-width: 300px) 100vw, 300px\" \/><\/a><\/p>\n<p>El sacerdote<strong>\u00a0Luis Murri,<\/strong>\u00a0expulsado de la provincia por el obispo Ra\u00fal Mart\u00edn,<strong>\u00a0compar\u00f3 su situaci\u00f3n con la del \u201cjugador que lo expulsan de la cancha, le sacan tarjeta roja\u201d.<\/strong>\u00a0El cura ultraconservador confirm\u00f3 las serias diferencia que manten\u00eda con el obispo, por ejemplo, no aceptar la prohibici\u00f3n de que los fieles se arrodillen para tomar la comuni\u00f3n.<\/p>\n<p>Murri habl\u00f3 en las \u00faltimas horas con la radio municipal de 25 de Mayo, su \u00faltimo destino en La Pampa, y cont\u00f3 que ya le asignaron una parroquia en San Rafael, en Mendoza, lugar al que regres\u00f3.<\/p>\n<p>\u201cEl tema es complejo y es largo. Hay una visi\u00f3n de la iglesia de algunos pastores, obispos, cardenales, muy modernosos, que no aceptan el esp\u00edritu que uno tiene, el de la iglesia de siempre. Hay cosas que no les gusta y hay un hostigamiento\u00a0 para los que pensamos de esta manera\u201d, explic\u00f3 su salida.<\/p>\n<p>Murri se reivindic\u00f3\u00a0 como una figura conservadora dentro de la iglesia cat\u00f3lica.<strong>\u00a0Y dijo que con el obispo Mart\u00edn tiene \u201ccosmovisiones no solo distintas, sino diametralmente opuestas: lo que est\u00e1 bien para el obispo, para mi est\u00e1 mal; y lo que est\u00e1 mal para \u00e9l, para mi est\u00e1 bien\u201d.<\/strong><\/p>\n<p>Como ejemplo, mencion\u00f3 la pretensi\u00f3n del obispo de que los fieles no se arrodillen al tomar la comuni\u00f3n. \u201cComulgar de rodillas es algo bell\u00edsimo, hermoso. Es un gesto piadoso, santo, que tiene mucha tradici\u00f3n. Y que de pronto venga el obispo y nos hostigue por pensar eso y hostigue a los laicos, incluso en casos que se les niegue comulgar, evidentemente est\u00e1 haciendo algo que est\u00e1 mal\u201d, sostuvo.<\/p>\n<p>\u201cNo soy yo el que ha cambiado, han cambiado los obispos que han venido ac\u00e1. Son ellos los que quieren hacer cambiar la iglesia de ac\u00e1\u201d, acus\u00f3 en otra parte del reportaje, aludiendo tambi\u00e9n al anterior obispo, Mario Poli, cercano a Mart\u00edn. \u201cLa iglesia sigue, los papas y los obispos pasan\u201d, tir\u00f3.<\/p>\n<p>Finalmente, confes\u00f3 su enojo con Mart\u00edn.\u00a0<strong>\u201cPara que lo voy a negar hay enojo con el obispo. Una santa bronca. Lo mismo que Cristo expres\u00f3 a los fariseos ante la hipocres\u00eda, el cinismo, la ruindad, y que lo llev\u00f3 a empu\u00f1ar un l\u00e1tigo y expulsarlos del templo\u201d,<\/strong>\u00a0 expres\u00f3.<\/p>\n<p>\u201cSi el obispo quisiera hablar conmigo har\u00eda lo que hizo Cristo con Herodes, que cu\u00e1ndo \u00e9ste quiso dialogar lo despreci\u00f3 porque consider\u00f3 que no era digno de hablar con \u00e9l. Solo le mostrar\u00eda la otra mejilla si se arrepintiera de lo que hizo, pero eso no va a ocurrir\u201d, concluy\u00f3.<\/p>\n<p><em><strong>Un ultra<\/strong><\/em><\/p>\n<p>Cabe recordar que Murri estuvo durante varios a\u00f1os al frente de las parroquias de Quem\u00fa Quem\u00fa, Ingeniero Luiggi, Embajador Martini y Alta Italia. \u00daltimamente se desempe\u00f1\u00f3 en la iglesia de 25 de Mayo, pero ahora fue trasladado a Mendoza.A medidados de 2008 el diario La Arena hab\u00eda denunciado una estrecha vinculaci\u00f3n de Murri con dirigentes filonazis. En ese momento, estaba en Luiggi, y se lo describ\u00eda como admirador del sacerdote Alberto Ignacio Ezcurra Uriburu, fundador del grupo nacinalista y filonazi Tacuara.<\/p>\n<p>En 2006 present\u00f3 un libro titulado \u00abHacia la cumbre\u00bb que recopila las alocuciones radiales de Murri en el programa que tuvo en una emisora quemuense junto a otros colaboradores. Adem\u00e1s, fue colaborador de la revista Cabildo.<\/p>\n<p>A comienzos de 2000 tuvo que dejar de dar clases de un colegio cat\u00f3lico de General Pico por la denuncia de varios padres por su adscripci\u00f3n a lo m\u00e1s conservador de la Iglesia. Murri, adem\u00e1s, fue separado como formador religioso de un instituto secundario de la ciudad de General Pico en uno de sus pasos por el sistema educativo. Hab\u00eda sido contratado cuando estaba a cargo de la parroquia de Quem\u00fa Quem\u00fa para dar \u00aborientaci\u00f3n cat\u00f3lica\u00bb a alumnos del ciclo secundario. Pero los directivos tuvieron quejas de parte de padres y madres de alumnos de la instituci\u00f3n por algunos excesos en los contenidos de sus clases -seg\u00fan testigos lleg\u00f3 a hablar de m\u00e9todos como la autoflagelaci\u00f3n- y los descontentos pidieron a las autoridades su separaci\u00f3n en el a\u00f1o 2000.<\/p>\n<p>Diario de la Pampa<\/p>\n<div class=\"oasis-despues-del-contenido\" id=\"oasis-1562712039\"><img loading=\"lazy\" decoding=\"async\" src=\"https:\/\/oasisfm935.com.ar\/site\/wp-content\/uploads\/2020\/08\/47806202-8741-49f2-a5c9-d2f930e5baa1.jpg\" alt=\"\"  srcset=\"https:\/\/oasisfm935.com.ar\/site\/wp-content\/uploads\/2020\/08\/47806202-8741-49f2-a5c9-d2f930e5baa1.jpg 1080w, https:\/\/oasisfm935.com.ar\/site\/wp-content\/uploads\/2020\/08\/47806202-8741-49f2-a5c9-d2f930e5baa1-300x300.jpg 300w, https:\/\/oasisfm935.com.ar\/site\/wp-content\/uploads\/2020\/08\/47806202-8741-49f2-a5c9-d2f930e5baa1-1024x1024.jpg 1024w, https:\/\/oasisfm935.com.ar\/site\/wp-content\/uploads\/2020\/08\/47806202-8741-49f2-a5c9-d2f930e5baa1-150x150.jpg 150w, https:\/\/oasisfm935.com.ar\/site\/wp-content\/uploads\/2020\/08\/47806202-8741-49f2-a5c9-d2f930e5baa1-768x768.jpg 768w\" sizes=\"(max-width: 1080px) 100vw, 1080px\" class=\"no-lazyload\" width=\"1080\" height=\"1080\"  style=\"display: inline-block;\" \/><\/div>","protected":false},"excerpt":{"rendered":"<p>El cura\u00a0Luis Murri critic\u00f3 al obispo Mart\u00edn por \u00abmodernoso\u00bb\u00a0y por prohibir \u00abel bell\u00edsimo gesto\u00bb de comulgar de rodillas. El Obispado no se<\/p>\n","protected":false},"author":4,"featured_media":290,"comment_status":"closed","ping_status":"open","sticky":false,"template":"","format":"standard","meta":{"colormag_page_layout":"default_layout","footnotes":""},"categories":[2],"tags":[],"class_list":["post-289","post","type-post","status-publish","format-standard","has-post-thumbnail","hentry","category-noticias"],"_links":{"self":[{"href":"https:\/\/oasisfm935.com.ar\/site\/wp-json\/wp\/v2\/posts\/289","targetHints":{"allow":["GET"]}}],"collection":[{"href":"https:\/\/oasisfm935.com.ar\/site\/wp-json\/wp\/v2\/posts"}],"about":[{"href":"https:\/\/oasisfm935.com.ar\/site\/wp-json\/wp\/v2\/types\/post"}],"author":[{"embeddable":true,"href":"https:\/\/oasisfm935.com.ar\/site\/wp-json\/wp\/v2\/users\/4"}],"replies":[{"embeddable":true,"href":"https:\/\/oasisfm935.com.ar\/site\/wp-json\/wp\/v2\/comments?post=289"}],"version-history":[{"count":1,"href":"https:\/\/oasisfm935.com.ar\/site\/wp-json\/wp\/v2\/posts\/289\/revisions"}],"predecessor-version":[{"id":291,"href":"https:\/\/oasisfm935.com.ar\/site\/wp-json\/wp\/v2\/posts\/289\/revisions\/291"}],"wp:featuredmedia":[{"embeddable":true,"href":"https:\/\/oasisfm935.com.ar\/site\/wp-json\/wp\/v2\/media\/290"}],"wp:attachment":[{"href":"https:\/\/oasisfm935.com.ar\/site\/wp-json\/wp\/v2\/media?parent=289"}],"wp:term":[{"taxonomy":"category","embeddable":true,"href":"https:\/\/oasisfm935.com.ar\/site\/wp-json\/wp\/v2\/categories?post=289"},{"taxonomy":"post_tag","embeddable":true,"href":"https:\/\/oasisfm935.com.ar\/site\/wp-json\/wp\/v2\/tags?post=289"}],"curies":[{"name":"wp","href":"https:\/\/api.w.org\/{rel}","templated":true}]}}