{"id":2892,"date":"2019-10-06T12:25:43","date_gmt":"2019-10-06T15:25:43","guid":{"rendered":"http:\/\/oasisfm935.com\/site\/?p=2892"},"modified":"2019-10-06T12:25:43","modified_gmt":"2019-10-06T15:25:43","slug":"las-3-200-plazas-hoteleras-estaran-reventadas-por-el-acto-de-alberto-y-cristina-encima-hay-otros-eventos","status":"publish","type":"post","link":"https:\/\/oasisfm935.com.ar\/site\/las-3-200-plazas-hoteleras-estaran-reventadas-por-el-acto-de-alberto-y-cristina-encima-hay-otros-eventos\/","title":{"rendered":"Las 3.200 plazas hoteleras estar\u00e1n reventadas por el acto de Alberto y Cristina; encima hay otros eventos"},"content":{"rendered":"<p>Para la ciudad de Santa Rosa, el 17 de octubre no va a ser solamente una hist\u00f3rica jornada de lealtad peronista, de uni\u00f3n y cierres de campa\u00f1a del Frente de Todos de los Fern\u00e1ndez en la Laguna Don Tom\u00e1s. Tambi\u00e9n ser\u00e1, una semana que traer\u00e1 un veranito adelantado entre turismo, hoteler\u00eda y consumo interno; ya que se esperan alrededor de 30 mil personas en la laguna, pero una procesi\u00f3n de gente de las provincias de Buenos Aires, R\u00edo Negro e incluso Neuqu\u00e9n. Seg\u00fan fuentes consultadas por\u00a0<strong>dosbases<\/strong>\u00a0y un relevamiento en hoteles, entre los d\u00edas previos a la llegada de Cristina Kirchner, Alberto Fern\u00e1ndez y la estructura peronista, las calles de Santa Rosa estar\u00e1n en modo turismo carretera o recital de la Renga, pero podr\u00eda soportar la demanda, a\u00fan cuando se viene la Expocytar y un encuentro coral.<\/p>\n<p>Actualmente Santa Rosa cuenta con 3. 200 plazas hoteleras para afrontar visitas masivas, entre establecimientos y departamentos privados. Situaci\u00f3n que alcanza para afrontar todos los a\u00f1os por ejemplo al turismo carretera. Es que en este tipo de espect\u00e1culos o eventos masivos, est\u00e1n quienes llegan y se van fugazmente (como cualquiera pensar\u00eda de aquellos hist\u00f3ricos militantes que llegan en colectivos); pero tambi\u00e9n, se espera a una importante masa de visitantes que llegar\u00edan \u00a0durante los d\u00edas previos al acto del Frente De Todos, y por lo tanto, deber\u00edan quedarse a dormir en residenciales de la ciudad.<\/p>\n<p>Seg\u00fan pudo saber\u00a0<strong>2b<\/strong>, del 15 al 20 de octubre, se estima que las camas no alcanzar\u00edan para todos, ya que ese fin de semana se realizar\u00e1 el evento Expocytar, que ya tiene reservadas alrededor de 50 plazas; y el viernes 19, se llevar\u00e1 a cabo un encuentro Coral de m\u00fasica. Se prev\u00e9 el aporte de los albergues provincial y municipal; y si alguno se le anima, tirarse un colch\u00f3n en el ej\u00e9rcito.<\/p>\n<p>Por \u00faltimo, tambi\u00e9n el consumo interno se ver\u00e1 favorecido. A no ser que se traigan la milanesa en un tupper, 20 mil personas deber\u00e1n comprar comida en los comercios, seguramente, de alrededores de la Laguna Don Tom\u00e1s, en Supermercados o en el Super Per\u00f3n, por qu\u00e9 no.<\/p>\n<p>Desde el gobierno provincial, ven la oportunidad como un virtual espaldarazo a La Pampa tur\u00edstica. Las tomas de la laguna Don Tom\u00e1s en la previa de un atardecer, le dar\u00e1n marco a la televisaci\u00f3n del acto, que ser\u00e1 transmitido de manera exclusiva por el FdT, y con el dedo maestro de Trist\u00e1n Bauer, nada menos.<\/p>\n<p>fuente: https:\/\/www.dosbases.com.ar\/<\/p>\n<div class=\"oasis-despues-del-contenido\" id=\"oasis-1224438818\"><img loading=\"lazy\" decoding=\"async\" src=\"https:\/\/oasisfm935.com.ar\/site\/wp-content\/uploads\/2020\/08\/47806202-8741-49f2-a5c9-d2f930e5baa1.jpg\" alt=\"\"  srcset=\"https:\/\/oasisfm935.com.ar\/site\/wp-content\/uploads\/2020\/08\/47806202-8741-49f2-a5c9-d2f930e5baa1.jpg 1080w, https:\/\/oasisfm935.com.ar\/site\/wp-content\/uploads\/2020\/08\/47806202-8741-49f2-a5c9-d2f930e5baa1-300x300.jpg 300w, https:\/\/oasisfm935.com.ar\/site\/wp-content\/uploads\/2020\/08\/47806202-8741-49f2-a5c9-d2f930e5baa1-1024x1024.jpg 1024w, https:\/\/oasisfm935.com.ar\/site\/wp-content\/uploads\/2020\/08\/47806202-8741-49f2-a5c9-d2f930e5baa1-150x150.jpg 150w, https:\/\/oasisfm935.com.ar\/site\/wp-content\/uploads\/2020\/08\/47806202-8741-49f2-a5c9-d2f930e5baa1-768x768.jpg 768w\" sizes=\"(max-width: 1080px) 100vw, 1080px\" class=\"no-lazyload\" width=\"1080\" height=\"1080\"  style=\"display: inline-block;\" \/><\/div>","protected":false},"excerpt":{"rendered":"<p>Para la ciudad de Santa Rosa, el 17 de octubre no va a ser solamente una hist\u00f3rica jornada de lealtad peronista, de<\/p>\n","protected":false},"author":4,"featured_media":2893,"comment_status":"closed","ping_status":"open","sticky":false,"template":"","format":"standard","meta":{"colormag_page_layout":"default_layout","footnotes":""},"categories":[2],"tags":[],"class_list":["post-2892","post","type-post","status-publish","format-standard","has-post-thumbnail","hentry","category-noticias"],"_links":{"self":[{"href":"https:\/\/oasisfm935.com.ar\/site\/wp-json\/wp\/v2\/posts\/2892","targetHints":{"allow":["GET"]}}],"collection":[{"href":"https:\/\/oasisfm935.com.ar\/site\/wp-json\/wp\/v2\/posts"}],"about":[{"href":"https:\/\/oasisfm935.com.ar\/site\/wp-json\/wp\/v2\/types\/post"}],"author":[{"embeddable":true,"href":"https:\/\/oasisfm935.com.ar\/site\/wp-json\/wp\/v2\/users\/4"}],"replies":[{"embeddable":true,"href":"https:\/\/oasisfm935.com.ar\/site\/wp-json\/wp\/v2\/comments?post=2892"}],"version-history":[{"count":1,"href":"https:\/\/oasisfm935.com.ar\/site\/wp-json\/wp\/v2\/posts\/2892\/revisions"}],"predecessor-version":[{"id":2894,"href":"https:\/\/oasisfm935.com.ar\/site\/wp-json\/wp\/v2\/posts\/2892\/revisions\/2894"}],"wp:featuredmedia":[{"embeddable":true,"href":"https:\/\/oasisfm935.com.ar\/site\/wp-json\/wp\/v2\/media\/2893"}],"wp:attachment":[{"href":"https:\/\/oasisfm935.com.ar\/site\/wp-json\/wp\/v2\/media?parent=2892"}],"wp:term":[{"taxonomy":"category","embeddable":true,"href":"https:\/\/oasisfm935.com.ar\/site\/wp-json\/wp\/v2\/categories?post=2892"},{"taxonomy":"post_tag","embeddable":true,"href":"https:\/\/oasisfm935.com.ar\/site\/wp-json\/wp\/v2\/tags?post=2892"}],"curies":[{"name":"wp","href":"https:\/\/api.w.org\/{rel}","templated":true}]}}