{"id":2895,"date":"2019-10-08T16:27:15","date_gmt":"2019-10-08T19:27:15","guid":{"rendered":"http:\/\/oasisfm935.com\/site\/?p=2895"},"modified":"2019-10-08T16:49:18","modified_gmt":"2019-10-08T19:49:18","slug":"la-copeospil-de-ing-luiggi-anuncio-un-corte-programado-el-miercoles-8-de-octubre","status":"publish","type":"post","link":"https:\/\/oasisfm935.com.ar\/site\/la-copeospil-de-ing-luiggi-anuncio-un-corte-programado-el-miercoles-8-de-octubre\/","title":{"rendered":"La Copeospil de Ing. Luiggi anunci\u00f3 un corte programado el mi\u00e9rcoles 9 de Octubre"},"content":{"rendered":"<p class=\"x_MsoNormal\" align=\"justify\"><b>LA COPEOSPIL INFORMA QUE POR TAREAS DE MANTENIMIENTO EN LAS LINEAS DE MEDIA TENSI\u00d3N, SE REALIZAR\u00c1N CORTES DE ENERG\u00cdA EN EL SIGUIENTE D\u00cdA Y HORARIO Y AFECTAR\u00c1 LAS\u00a0\u00a0ZONAS DETALLADAS:<\/b><\/p>\n<p class=\"x_MsoNormal\" align=\"justify\"><b><u>LOCALIDAD<\/u><\/b><b>:\u00a0\u00a0\u00a0\u00a0\u00a0\u00a0\u00a0ING. LUIGGI Y EMB. MARTINI<\/b><\/p>\n<p class=\"x_MsoNormal\" align=\"justify\"><b><u>D\u00cdA:<\/u>\u00a0 \u00a0 \u00a0 \u00a0 \u00a0 \u00a0 \u00a0 \u00a0 \u00a0 \u00a0 \u00a0Mi\u00e9rcoles \u00a009 de Octubre 2019<\/b><\/p>\n<p class=\"x_MsoNormal\" align=\"justify\"><b><u>HORARIO:<\/u><\/b><b>\u00a0\u00a0\u00a0\u00a0\u00a0\u00a0\u00a0\u00a0\u00a0\u00a0DE 12:00 A 14:00 HS aprox.<u><\/u><\/b><\/p>\n<p class=\"x_Default\"><b><u>ZONA\/S:<\/u><\/b><b>\u00a0\u00a0\u00a0\u00a0\u00a0\u00a0\u00a0\u00a0\u00a0\u00a0\u00a0\u00a0\u00a0\u00a0<u>SECTOR SUR<\/u>: COMPRENDIDO ENTRE LAS CALLES\u00a0\u00a0\u00a0IRIGOYEN, BELGRANO, AZCUENAGA Y CORRIENTES<\/b><\/p>\n<p class=\"x_Default\"><b><u>SECTOR SURESTE<\/u><\/b><b>: COMPRENDIDO ENTRE LAS CALLES IRIGOYEN, CORRIENTES, AZCUENAGA Y PUEYRREDON<\/b><\/p>\n<p class=\"x_Default\"><b><u>SECTOR ESTE<\/u><\/b><b>: COMPRENDIDO ENTRE LAS CALLES<\/b><\/p>\n<p class=\"x_Default\"><b>9 DE JULIO, Av. ESPA\u00d1A M.N., IRIGOYEN Y PUEYRREDON<\/b><\/p>\n<p class=\"x_Default\"><b><u>SECTOR NORESTE<\/u><\/b><b>: ALCORTA, CORRIENTES, 9 DE JULIO Y\u00a0\u00a0PUEYRREDON<\/b><\/p>\n<p class=\"x_Default\"><b><u>SECTOR NORTE<\/u><\/b><b>: COMPRENDIDO ENTRE LAS CALLES<\/b><\/p>\n<p class=\"x_Default\"><b>ALCORTA, BELGRANO, ZEBALLOS Y CORRIENTES<\/b><\/p>\n<p class=\"x_Default\">\n<p class=\"x_Default\"><b>TODO EMB. MARTINI<\/b><\/p>\n<p class=\"x_Default\">\n<p class=\"x_MsoNormal\"><b>ROGAMOS DISCULPAR LAS MOLESTIAS OCASIONADAS.<\/b><\/p>\n<p class=\"x_MsoNormal\"><b>DESDE YA MUCHAS GRACIAS.<\/b><\/p>\n<div class=\"oasis-despues-del-contenido\" id=\"oasis-86155343\"><img loading=\"lazy\" decoding=\"async\" src=\"https:\/\/oasisfm935.com.ar\/site\/wp-content\/uploads\/2020\/08\/47806202-8741-49f2-a5c9-d2f930e5baa1.jpg\" alt=\"\"  srcset=\"https:\/\/oasisfm935.com.ar\/site\/wp-content\/uploads\/2020\/08\/47806202-8741-49f2-a5c9-d2f930e5baa1.jpg 1080w, https:\/\/oasisfm935.com.ar\/site\/wp-content\/uploads\/2020\/08\/47806202-8741-49f2-a5c9-d2f930e5baa1-300x300.jpg 300w, https:\/\/oasisfm935.com.ar\/site\/wp-content\/uploads\/2020\/08\/47806202-8741-49f2-a5c9-d2f930e5baa1-1024x1024.jpg 1024w, https:\/\/oasisfm935.com.ar\/site\/wp-content\/uploads\/2020\/08\/47806202-8741-49f2-a5c9-d2f930e5baa1-150x150.jpg 150w, https:\/\/oasisfm935.com.ar\/site\/wp-content\/uploads\/2020\/08\/47806202-8741-49f2-a5c9-d2f930e5baa1-768x768.jpg 768w\" sizes=\"(max-width: 1080px) 100vw, 1080px\" class=\"no-lazyload\" width=\"1080\" height=\"1080\"  style=\"display: inline-block;\" \/><\/div>","protected":false},"excerpt":{"rendered":"<p>LA COPEOSPIL INFORMA QUE POR TAREAS DE MANTENIMIENTO EN LAS LINEAS DE MEDIA TENSI\u00d3N, SE REALIZAR\u00c1N CORTES DE ENERG\u00cdA EN EL SIGUIENTE<\/p>\n","protected":false},"author":4,"featured_media":2896,"comment_status":"closed","ping_status":"open","sticky":false,"template":"","format":"standard","meta":{"colormag_page_layout":"default_layout","footnotes":""},"categories":[2],"tags":[],"class_list":["post-2895","post","type-post","status-publish","format-standard","has-post-thumbnail","hentry","category-noticias"],"_links":{"self":[{"href":"https:\/\/oasisfm935.com.ar\/site\/wp-json\/wp\/v2\/posts\/2895","targetHints":{"allow":["GET"]}}],"collection":[{"href":"https:\/\/oasisfm935.com.ar\/site\/wp-json\/wp\/v2\/posts"}],"about":[{"href":"https:\/\/oasisfm935.com.ar\/site\/wp-json\/wp\/v2\/types\/post"}],"author":[{"embeddable":true,"href":"https:\/\/oasisfm935.com.ar\/site\/wp-json\/wp\/v2\/users\/4"}],"replies":[{"embeddable":true,"href":"https:\/\/oasisfm935.com.ar\/site\/wp-json\/wp\/v2\/comments?post=2895"}],"version-history":[{"count":2,"href":"https:\/\/oasisfm935.com.ar\/site\/wp-json\/wp\/v2\/posts\/2895\/revisions"}],"predecessor-version":[{"id":2898,"href":"https:\/\/oasisfm935.com.ar\/site\/wp-json\/wp\/v2\/posts\/2895\/revisions\/2898"}],"wp:featuredmedia":[{"embeddable":true,"href":"https:\/\/oasisfm935.com.ar\/site\/wp-json\/wp\/v2\/media\/2896"}],"wp:attachment":[{"href":"https:\/\/oasisfm935.com.ar\/site\/wp-json\/wp\/v2\/media?parent=2895"}],"wp:term":[{"taxonomy":"category","embeddable":true,"href":"https:\/\/oasisfm935.com.ar\/site\/wp-json\/wp\/v2\/categories?post=2895"},{"taxonomy":"post_tag","embeddable":true,"href":"https:\/\/oasisfm935.com.ar\/site\/wp-json\/wp\/v2\/tags?post=2895"}],"curies":[{"name":"wp","href":"https:\/\/api.w.org\/{rel}","templated":true}]}}