{"id":2910,"date":"2019-10-10T17:00:56","date_gmt":"2019-10-10T20:00:56","guid":{"rendered":"http:\/\/oasisfm935.com\/site\/?p=2910"},"modified":"2019-10-10T17:00:56","modified_gmt":"2019-10-10T20:00:56","slug":"confirmaron-el-sobreseimiento-de-marino-y-cerraron-la-causa","status":"publish","type":"post","link":"https:\/\/oasisfm935.com.ar\/site\/confirmaron-el-sobreseimiento-de-marino-y-cerraron-la-causa\/","title":{"rendered":"Confirmaron el sobreseimiento de Marino y cerraron la causa"},"content":{"rendered":"<p><strong>Una empleada del Congreso hab\u00eda denunciado al senador pampeano por acoso sexual.<\/strong>\u00a0La C\u00e1mara Federal de Apelaciones cerr\u00f3 la causa y tambi\u00e9n sobresey\u00f3 a \u00abCachi\u00bb Fiorda y a Juan Carlos Amarilla.<\/p>\n<p>La C\u00e1mara Federal porte\u00f1a confirm\u00f3 hoy el sobreseimiento del senador pampeano Juan Carlos Marino, que hab\u00eda sido acusado de acoso sexual por una empleada de planta permanente del Congreso. La decisi\u00f3n tambi\u00e9n alcanz\u00f3 a Carlos Pedro \u00abCachi\u00bb Fiorda, colaborador del legislador, y al secretario parlamentario Juan Carlos Amarilla.<\/p>\n<p><strong>Seg\u00fan el fallo de los jueces Irurzun y Bruglia, los testigos no ratificaron los hechos denunciados y en el tel\u00e9fono que aport\u00f3 la denunciante no se encontraron registros de mensajes cruzados con ninguno de los denunciados.\u00a0<\/strong>Por eso, confirmaron el fallo de la jueza Mar\u00eda Eugencia Capuchetti.<\/p>\n<p>La denuncia hab\u00eda sido formulada en diciembre pasado por una mujer que manifest\u00f3 que en el \u00e1mbito del Congreso de la Naci\u00f3n -en donde ejerce sus funciones como miembro de la planta permanente de la C\u00e1mara de Diputados de la Naci\u00f3n- los acusados, en diferentes tiempos y contextos laborales, la hab\u00edan \u00abviolentado tanto en su desempe\u00f1o laboral como en su integridad sexual\u00bb.<\/p>\n<p>La denunciante tambi\u00e9n dijo que hubo un encuentro en donde el senador -que forma parte del bloque de la UCR- directamente le toc\u00f3 los pechos. \u00abMe pregunt\u00f3 cu\u00e1ndo \u00edbamos a tomar un caf\u00e9, que aguardara su llamado que en cualquier momento nos ve\u00edamos. Tambi\u00e9n me dijo que me manejara con su jefe de despacho, Pedro Fiorda\u00bb, relat\u00f3. A esa persona tambi\u00e9n la acus\u00f3 de haberla forzado (\u201cme tom\u00f3 de los brazos con fuerza y me introdujo su lengua dentro de mi boca con violencia, yo intent\u00e9 separarlo, pero no lo logr\u00e9\u201d).<\/p>\n<p><strong>Apenas estall\u00f3 el esc\u00e1ndalo, Marino neg\u00f3 esas denuncias y puso a disposici\u00f3n su cargo como vicepresidente del Senado.<\/strong><\/p>\n<p>Al analizar el caso, la jueza Mar\u00eda Eugenia Capuchetti afirm\u00f3 que el tel\u00e9fono celular aportado por Guebel (y que fuera analizado por especialistas t\u00e9cnicos del Centro de Investigaciones Judiciales del MPF-CABA) \u00abarroj\u00f3 que no exist\u00edan mensajes de texto ni de WhatsApp, ni videos y\/o audios, relacionados con los contactos de Marino y Fiorda que tuvieran alguna connotaci\u00f3n sexual\u00bb.<\/p>\n<p>La v\u00edctima apel\u00f3 ese fallo, en donde adem\u00e1s de Marino tambi\u00e9n fue sobrese\u00eddo Fiorda y el secretario parlamentario Juan Carlos Amarilla. Y as\u00ed recay\u00f3 en la C\u00e1mara de Apelaciones, donde, al analizar el planteo, los jueces Mart\u00edn Irurzun y Leopoldo Bruglia confirmaron la decisi\u00f3n.<\/p>\n<p>\u00abRep\u00e1rese que los hechos, tal y como fueron relatados por la querellante, no encontraron respaldo en las diversas declaraciones de los testigos propuestos por las partes, en los datos extra\u00eddos del tel\u00e9fono celular aportado por la denunciante, ni en los sumarios administrativos que se formaron en el \u00e1mbito de la C\u00e1mara de Diputados y la de Senadores de la Naci\u00f3n\u00bb, sostuvieron en la resoluci\u00f3n.<\/p>\n<div class=\"oasis-despues-del-contenido\" id=\"oasis-951006894\"><img loading=\"lazy\" decoding=\"async\" src=\"https:\/\/oasisfm935.com.ar\/site\/wp-content\/uploads\/2020\/08\/47806202-8741-49f2-a5c9-d2f930e5baa1.jpg\" alt=\"\"  srcset=\"https:\/\/oasisfm935.com.ar\/site\/wp-content\/uploads\/2020\/08\/47806202-8741-49f2-a5c9-d2f930e5baa1.jpg 1080w, https:\/\/oasisfm935.com.ar\/site\/wp-content\/uploads\/2020\/08\/47806202-8741-49f2-a5c9-d2f930e5baa1-300x300.jpg 300w, https:\/\/oasisfm935.com.ar\/site\/wp-content\/uploads\/2020\/08\/47806202-8741-49f2-a5c9-d2f930e5baa1-1024x1024.jpg 1024w, https:\/\/oasisfm935.com.ar\/site\/wp-content\/uploads\/2020\/08\/47806202-8741-49f2-a5c9-d2f930e5baa1-150x150.jpg 150w, https:\/\/oasisfm935.com.ar\/site\/wp-content\/uploads\/2020\/08\/47806202-8741-49f2-a5c9-d2f930e5baa1-768x768.jpg 768w\" sizes=\"(max-width: 1080px) 100vw, 1080px\" class=\"no-lazyload\" width=\"1080\" height=\"1080\"  style=\"display: inline-block;\" \/><\/div>","protected":false},"excerpt":{"rendered":"<p>Una empleada del Congreso hab\u00eda denunciado al senador pampeano por acoso sexual.\u00a0La C\u00e1mara Federal de Apelaciones cerr\u00f3 la causa y tambi\u00e9n sobresey\u00f3<\/p>\n","protected":false},"author":4,"featured_media":2911,"comment_status":"closed","ping_status":"open","sticky":false,"template":"","format":"standard","meta":{"colormag_page_layout":"default_layout","footnotes":""},"categories":[2],"tags":[],"class_list":["post-2910","post","type-post","status-publish","format-standard","has-post-thumbnail","hentry","category-noticias"],"_links":{"self":[{"href":"https:\/\/oasisfm935.com.ar\/site\/wp-json\/wp\/v2\/posts\/2910","targetHints":{"allow":["GET"]}}],"collection":[{"href":"https:\/\/oasisfm935.com.ar\/site\/wp-json\/wp\/v2\/posts"}],"about":[{"href":"https:\/\/oasisfm935.com.ar\/site\/wp-json\/wp\/v2\/types\/post"}],"author":[{"embeddable":true,"href":"https:\/\/oasisfm935.com.ar\/site\/wp-json\/wp\/v2\/users\/4"}],"replies":[{"embeddable":true,"href":"https:\/\/oasisfm935.com.ar\/site\/wp-json\/wp\/v2\/comments?post=2910"}],"version-history":[{"count":1,"href":"https:\/\/oasisfm935.com.ar\/site\/wp-json\/wp\/v2\/posts\/2910\/revisions"}],"predecessor-version":[{"id":2912,"href":"https:\/\/oasisfm935.com.ar\/site\/wp-json\/wp\/v2\/posts\/2910\/revisions\/2912"}],"wp:featuredmedia":[{"embeddable":true,"href":"https:\/\/oasisfm935.com.ar\/site\/wp-json\/wp\/v2\/media\/2911"}],"wp:attachment":[{"href":"https:\/\/oasisfm935.com.ar\/site\/wp-json\/wp\/v2\/media?parent=2910"}],"wp:term":[{"taxonomy":"category","embeddable":true,"href":"https:\/\/oasisfm935.com.ar\/site\/wp-json\/wp\/v2\/categories?post=2910"},{"taxonomy":"post_tag","embeddable":true,"href":"https:\/\/oasisfm935.com.ar\/site\/wp-json\/wp\/v2\/tags?post=2910"}],"curies":[{"name":"wp","href":"https:\/\/api.w.org\/{rel}","templated":true}]}}