{"id":2918,"date":"2019-10-15T12:06:28","date_gmt":"2019-10-15T15:06:28","guid":{"rendered":"http:\/\/oasisfm935.com\/site\/?p=2918"},"modified":"2019-10-15T12:22:43","modified_gmt":"2019-10-15T15:22:43","slug":"tenia-77-anos-murio-cacho-castana","status":"publish","type":"post","link":"https:\/\/oasisfm935.com.ar\/site\/tenia-77-anos-murio-cacho-castana\/","title":{"rendered":"Ten\u00eda 77 a\u00f1os  Muri\u00f3 \u201cCacho\u201d Casta\u00f1a"},"content":{"rendered":"<h2>Estaba internado desde hace varios d\u00edas por una afecci\u00f3n pulmonar.<\/h2>\n<div id=\"hybs-mslot-76a4c004-0\" class=\"hybs-mslot\">\n<p>El m\u00fasico\u00a0<strong>Cacho Casta\u00f1a<\/strong>\u00a0muri\u00f3 este martes en la ciudad de Buenos Aires, a los 77 a\u00f1os de edad.<\/p>\n<p>Hab\u00eda sido internado de urgencia en el Sanatorio de Los Arcos el 4 de octubre, donde permanec\u00eda en terapia intensiva.<\/p>\n<\/div>\n<p>Desde hace un tiempo, el cantante se mostraba acompa\u00f1ado de un tubo de ox\u00edgeno, tanto en sus shows, como en las distintas presentaciones que hizo en los medios de comunicaci\u00f3n.<\/p>\n<p><strong>Cacho Casta\u00f1a siempre bromeaba sobre sus constantes problemas de salud.<\/strong>\u00a0Su verdadero nombre era Humberto Vicente Castagna, y a los 14 a\u00f1os se recibi\u00f3 de profesor de piano, gracias a lo cual comenz\u00f3 a trabajar en algunas orquestas de tango.<\/p>\n<p>Sus primeras apariciones en televisi\u00f3n llegaron en los a\u00f1os 60, cuando se sum\u00f3 a los programas \u00f3mnibus que los s\u00e1bados destinaban su primera hora a nuevos valores, en El Nueve.<\/p>\n<p>Entre sus grandes \u00e9xitos, se destacaron \u201c<strong>Septiembre de 1988<\/strong>\u201c, \u201c<strong>La reina de la Bailanta<\/strong>\u201c, \u201cEl matador\u201d, \u201cQuieren matar al ladr\u00f3n\u201d y \u201c<strong>Caf\u00e9 La Humedad<\/strong>\u201c. Dentro de los tangos se destacaron \u201c<strong>Garganta con arena<\/strong>\u201c, donde homenajeaba al \u201c<strong>Polaco<\/strong>\u201d Goyeneche, \u201c<strong>Tita de Buenos Aires<\/strong>\u201c, dedicado a la gran\u00a0<strong>Tita Merello<\/strong>, \u201c<strong>La gata Varela<\/strong>\u201d, canci\u00f3n que lleg\u00f3 a cantar junto a\u00a0<strong>Adriana Varela<\/strong>, y un tema autodedicado, \u201c<strong>Cacho de Buenos Aires\u00bb.<\/strong><\/p>\n<div class=\"g g-1\"><\/div>\n<div class=\"oasis-despues-del-contenido\" id=\"oasis-1874507931\"><img loading=\"lazy\" decoding=\"async\" src=\"https:\/\/oasisfm935.com.ar\/site\/wp-content\/uploads\/2020\/08\/47806202-8741-49f2-a5c9-d2f930e5baa1.jpg\" alt=\"\"  srcset=\"https:\/\/oasisfm935.com.ar\/site\/wp-content\/uploads\/2020\/08\/47806202-8741-49f2-a5c9-d2f930e5baa1.jpg 1080w, https:\/\/oasisfm935.com.ar\/site\/wp-content\/uploads\/2020\/08\/47806202-8741-49f2-a5c9-d2f930e5baa1-300x300.jpg 300w, https:\/\/oasisfm935.com.ar\/site\/wp-content\/uploads\/2020\/08\/47806202-8741-49f2-a5c9-d2f930e5baa1-1024x1024.jpg 1024w, https:\/\/oasisfm935.com.ar\/site\/wp-content\/uploads\/2020\/08\/47806202-8741-49f2-a5c9-d2f930e5baa1-150x150.jpg 150w, https:\/\/oasisfm935.com.ar\/site\/wp-content\/uploads\/2020\/08\/47806202-8741-49f2-a5c9-d2f930e5baa1-768x768.jpg 768w\" sizes=\"(max-width: 1080px) 100vw, 1080px\" class=\"no-lazyload\" width=\"1080\" height=\"1080\"  style=\"display: inline-block;\" \/><\/div>","protected":false},"excerpt":{"rendered":"<p>Estaba internado desde hace varios d\u00edas por una afecci\u00f3n pulmonar. El m\u00fasico\u00a0Cacho Casta\u00f1a\u00a0muri\u00f3 este martes en la ciudad de Buenos Aires, a<\/p>\n","protected":false},"author":4,"featured_media":2919,"comment_status":"closed","ping_status":"open","sticky":false,"template":"","format":"standard","meta":{"colormag_page_layout":"default_layout","footnotes":""},"categories":[2],"tags":[],"class_list":["post-2918","post","type-post","status-publish","format-standard","has-post-thumbnail","hentry","category-noticias"],"_links":{"self":[{"href":"https:\/\/oasisfm935.com.ar\/site\/wp-json\/wp\/v2\/posts\/2918","targetHints":{"allow":["GET"]}}],"collection":[{"href":"https:\/\/oasisfm935.com.ar\/site\/wp-json\/wp\/v2\/posts"}],"about":[{"href":"https:\/\/oasisfm935.com.ar\/site\/wp-json\/wp\/v2\/types\/post"}],"author":[{"embeddable":true,"href":"https:\/\/oasisfm935.com.ar\/site\/wp-json\/wp\/v2\/users\/4"}],"replies":[{"embeddable":true,"href":"https:\/\/oasisfm935.com.ar\/site\/wp-json\/wp\/v2\/comments?post=2918"}],"version-history":[{"count":2,"href":"https:\/\/oasisfm935.com.ar\/site\/wp-json\/wp\/v2\/posts\/2918\/revisions"}],"predecessor-version":[{"id":2921,"href":"https:\/\/oasisfm935.com.ar\/site\/wp-json\/wp\/v2\/posts\/2918\/revisions\/2921"}],"wp:featuredmedia":[{"embeddable":true,"href":"https:\/\/oasisfm935.com.ar\/site\/wp-json\/wp\/v2\/media\/2919"}],"wp:attachment":[{"href":"https:\/\/oasisfm935.com.ar\/site\/wp-json\/wp\/v2\/media?parent=2918"}],"wp:term":[{"taxonomy":"category","embeddable":true,"href":"https:\/\/oasisfm935.com.ar\/site\/wp-json\/wp\/v2\/categories?post=2918"},{"taxonomy":"post_tag","embeddable":true,"href":"https:\/\/oasisfm935.com.ar\/site\/wp-json\/wp\/v2\/tags?post=2918"}],"curies":[{"name":"wp","href":"https:\/\/api.w.org\/{rel}","templated":true}]}}