{"id":2922,"date":"2019-10-15T22:08:10","date_gmt":"2019-10-16T01:08:10","guid":{"rendered":"http:\/\/oasisfm935.com\/site\/?p=2922"},"modified":"2019-10-15T22:08:10","modified_gmt":"2019-10-16T01:08:10","slug":"le-destrozaron-una-camioneta-a-los-bomberos-de-la-maruja-no-merecemos-esto","status":"publish","type":"post","link":"https:\/\/oasisfm935.com.ar\/site\/le-destrozaron-una-camioneta-a-los-bomberos-de-la-maruja-no-merecemos-esto\/","title":{"rendered":"Le destrozaron una camioneta a los bomberos de La Maruja: \u00abNo merecemos esto\u00bb"},"content":{"rendered":"<p>&nbsp;<\/p>\n<p>Autores desconocidos le destrozaron durante las \u00faltimas horas un veh\u00edculo fundamental a los integrantes del cuerpo de bomberos de la localidad de La Maruja: un hecho que los propios servidores p\u00fablicos definieron como \u00ablamentable\u00bb.<\/p>\n<p>Se trata de una Renault Kangoo que los bomberos, de este sector de la provincia, utilizan con frecuencia, para diversas tareas, pero sobre todo, para el traslado durante los incendios forestales.<\/p>\n<p>El jefe del cuartel, Ricardo Gaiara, relat\u00f3 a LA ARENA c\u00f3mo sucedieron los hechos y afirm\u00f3 que \u00ablos bomberos, que en este pueblo somos todos voluntarios, estamos realmente muy dolidos con esto que pas\u00f3. No nos merecemos esto\u00bb.<\/p>\n<p><strong>DESTROZADA.<\/strong><\/p>\n<p>Gaiara afirm\u00f3 que el cuartel cuenta, en la actualidad, con dos camionetas y un autobomba ubicados en galpones que forman parte de las instalaciones.<\/p>\n<p>\u00abOcurri\u00f3 el domingo, entre las 3 y las 8 de la ma\u00f1ana: los sujetos rompieron el port\u00f3n grande, entraron a uno de los galpones del cuartel, lo dejaron abierto, y nos destrozaron la Renault Kangoo que utilizamos para solucionar miles de problemas\u00bb, cont\u00f3.<\/p>\n<p>Los desconocidos destrozaron todo el sector delantero y los vidrios de la camioneta: luego se robaron una linterna, \u00abque no son las comunes\u00bb, y se dieron a la fuga hacia rumbo desconocido.<\/p>\n<p><strong>100 MIL PESOS.<\/strong><\/p>\n<p>El valor de los destrozos, seg\u00fan el jefe del cuartel, llega a los\u00a0<strong>100 mil pesos.<\/strong><\/p>\n<p>Cuando este lunes, los bomberos comprobaron estos destrozos radicaron la denuncia policial de manera inmediata sin embargo, la indignaci\u00f3n aun les perdura.<\/p>\n<p>\u00abEs nuestro veh\u00edculo multifac\u00e9tico porque en esta zona tenemos muchos incendios forestales: nos dejaron sin veh\u00edculo muy importante y no entendemos por qu\u00e9\u00bb, lament\u00f3 Ricardo. Y complet\u00f3: \u00abTodos los bomberos estamos muy mal, justo lleg\u00e1bamos de una capacitaci\u00f3n para darle m\u00e1s seguridad a nuestro pueblo, y nos pasa esto, no lo podemos creer\u00bb.<\/p>\n<p>Los efectivos policiales iniciaron los peritajes respectivos y la investigaci\u00f3n para dar con los autores del hecho que siguen pr\u00f3fugos de la Justicia.<\/p>\n<p>FOTO: FEDERACION PAMPEANA DE BOMBEROS.<\/p>\n<div class=\"oasis-despues-del-contenido\" id=\"oasis-3259445837\"><img loading=\"lazy\" decoding=\"async\" src=\"https:\/\/oasisfm935.com.ar\/site\/wp-content\/uploads\/2020\/08\/47806202-8741-49f2-a5c9-d2f930e5baa1.jpg\" alt=\"\"  srcset=\"https:\/\/oasisfm935.com.ar\/site\/wp-content\/uploads\/2020\/08\/47806202-8741-49f2-a5c9-d2f930e5baa1.jpg 1080w, https:\/\/oasisfm935.com.ar\/site\/wp-content\/uploads\/2020\/08\/47806202-8741-49f2-a5c9-d2f930e5baa1-300x300.jpg 300w, https:\/\/oasisfm935.com.ar\/site\/wp-content\/uploads\/2020\/08\/47806202-8741-49f2-a5c9-d2f930e5baa1-1024x1024.jpg 1024w, https:\/\/oasisfm935.com.ar\/site\/wp-content\/uploads\/2020\/08\/47806202-8741-49f2-a5c9-d2f930e5baa1-150x150.jpg 150w, https:\/\/oasisfm935.com.ar\/site\/wp-content\/uploads\/2020\/08\/47806202-8741-49f2-a5c9-d2f930e5baa1-768x768.jpg 768w\" sizes=\"(max-width: 1080px) 100vw, 1080px\" class=\"no-lazyload\" width=\"1080\" height=\"1080\"  style=\"display: inline-block;\" \/><\/div>","protected":false},"excerpt":{"rendered":"<p>&nbsp; Autores desconocidos le destrozaron durante las \u00faltimas horas un veh\u00edculo fundamental a los integrantes del cuerpo de bomberos de la localidad<\/p>\n","protected":false},"author":4,"featured_media":2923,"comment_status":"closed","ping_status":"open","sticky":false,"template":"","format":"standard","meta":{"colormag_page_layout":"default_layout","footnotes":""},"categories":[2],"tags":[],"class_list":["post-2922","post","type-post","status-publish","format-standard","has-post-thumbnail","hentry","category-noticias"],"_links":{"self":[{"href":"https:\/\/oasisfm935.com.ar\/site\/wp-json\/wp\/v2\/posts\/2922","targetHints":{"allow":["GET"]}}],"collection":[{"href":"https:\/\/oasisfm935.com.ar\/site\/wp-json\/wp\/v2\/posts"}],"about":[{"href":"https:\/\/oasisfm935.com.ar\/site\/wp-json\/wp\/v2\/types\/post"}],"author":[{"embeddable":true,"href":"https:\/\/oasisfm935.com.ar\/site\/wp-json\/wp\/v2\/users\/4"}],"replies":[{"embeddable":true,"href":"https:\/\/oasisfm935.com.ar\/site\/wp-json\/wp\/v2\/comments?post=2922"}],"version-history":[{"count":1,"href":"https:\/\/oasisfm935.com.ar\/site\/wp-json\/wp\/v2\/posts\/2922\/revisions"}],"predecessor-version":[{"id":2924,"href":"https:\/\/oasisfm935.com.ar\/site\/wp-json\/wp\/v2\/posts\/2922\/revisions\/2924"}],"wp:featuredmedia":[{"embeddable":true,"href":"https:\/\/oasisfm935.com.ar\/site\/wp-json\/wp\/v2\/media\/2923"}],"wp:attachment":[{"href":"https:\/\/oasisfm935.com.ar\/site\/wp-json\/wp\/v2\/media?parent=2922"}],"wp:term":[{"taxonomy":"category","embeddable":true,"href":"https:\/\/oasisfm935.com.ar\/site\/wp-json\/wp\/v2\/categories?post=2922"},{"taxonomy":"post_tag","embeddable":true,"href":"https:\/\/oasisfm935.com.ar\/site\/wp-json\/wp\/v2\/tags?post=2922"}],"curies":[{"name":"wp","href":"https:\/\/api.w.org\/{rel}","templated":true}]}}