{"id":2925,"date":"2019-10-16T21:07:53","date_gmt":"2019-10-17T00:07:53","guid":{"rendered":"http:\/\/oasisfm935.com\/site\/?p=2925"},"modified":"2019-10-16T21:07:53","modified_gmt":"2019-10-17T00:07:53","slug":"se-activo-la-clausula-gatillo-por-la-inflacion-y-los-estatales-obtienen-otra-suba-22","status":"publish","type":"post","link":"https:\/\/oasisfm935.com.ar\/site\/se-activo-la-clausula-gatillo-por-la-inflacion-y-los-estatales-obtienen-otra-suba-22\/","title":{"rendered":"Se activ\u00f3 la cl\u00e1usula gatillo por la inflaci\u00f3n y los estatales obtienen otra suba: 2,2%"},"content":{"rendered":"<p>Hoy se conocieron los<a href=\"http:\/\/diariotextual.com\/inicio\/index.php\/2019\/10\/16\/la-inflacion-se-acelero-septiembre-al-59-mayor-nivel-ano\/\" target=\"_blank\" rel=\"noopener noreferrer\"><strong>\u00a0nuevos datos de la inflaci\u00f3n<\/strong>\u00a0<\/a>y ya se activ\u00f3, autom\u00e1ticamente,\u00a0<strong>la cl\u00e1usula gatillo<\/strong>\u00a0y los estatales pampeanos -a los que luego se sumar\u00e1n los municipales- co<strong>brar\u00e1n un nuevo aumento: ser\u00e1 del 2,2 por ciento<\/strong>, pudo saber\u00a0<strong>Diario Textual<\/strong>\u00a0de fuentes oficiales. De esta manera,<strong>\u00a0los salarios estatales equiparar\u00e1n los incrementos de precios al consumidor<\/strong>.<\/p>\n<p>En agosto, los trabajadores -en dos mesas paritarias- firmaron un acuerdo con un incremento del 5% para agosto, 5% para septiembre, con cl\u00e1usula gatillo en octubre para revisar los n\u00fameros de acuerdo a la inflaci\u00f3n, otro aumento del 3% en noviembre,\u00a0 y una cl\u00e1usula gatillo en diciembre para terminar el a\u00f1o.<\/p>\n<p><strong>\u201cEse incremento del 5 por ciento en agosto y otro 5 por ciento en septiembre fueron dados para equiparar, en rigor, la inflaci\u00f3n del trimestre julio, agosto y septiembre\u201d<\/strong>, explic\u00f3\u00a0<strong>Guido Bisterfeld<\/strong>, del Ministerio de Hacienda, a\u00a0<strong>Diario Textual<\/strong>. Es decir,\u00a0<strong>un 10 por ciento por esos tres meses<\/strong>.<\/p>\n<p><strong>\u00bfDe cu\u00e1nto fue la inflaci\u00f3n en La Pampa en el trimestre julio, agosto y septiembre?<\/strong>\u00a0Para ese c\u00e1lculo se toma en cuenta el \u00edndice de la regi\u00f3n pampeana, que fue del 2,2% en julio; 3,9% en agosto; y 6,1% en septiembre, siempre seg\u00fan datos del INDEC. As\u00ed, el incremento de los precios fue del 12,2%. De esta manera,\u00a0<strong>queda un 2,2% para compensar en los salarios de los trabajadores delEstado de La Pampa. Ese porcentaje estar\u00e1 depositado, con los sueldos, el primer d\u00eda de noviembre<\/strong>.<\/p>\n<p>&nbsp;<\/p>\n<div class=\"oasis-despues-del-contenido\" id=\"oasis-1851857704\"><img loading=\"lazy\" decoding=\"async\" src=\"https:\/\/oasisfm935.com.ar\/site\/wp-content\/uploads\/2020\/08\/47806202-8741-49f2-a5c9-d2f930e5baa1.jpg\" alt=\"\"  srcset=\"https:\/\/oasisfm935.com.ar\/site\/wp-content\/uploads\/2020\/08\/47806202-8741-49f2-a5c9-d2f930e5baa1.jpg 1080w, https:\/\/oasisfm935.com.ar\/site\/wp-content\/uploads\/2020\/08\/47806202-8741-49f2-a5c9-d2f930e5baa1-300x300.jpg 300w, https:\/\/oasisfm935.com.ar\/site\/wp-content\/uploads\/2020\/08\/47806202-8741-49f2-a5c9-d2f930e5baa1-1024x1024.jpg 1024w, https:\/\/oasisfm935.com.ar\/site\/wp-content\/uploads\/2020\/08\/47806202-8741-49f2-a5c9-d2f930e5baa1-150x150.jpg 150w, https:\/\/oasisfm935.com.ar\/site\/wp-content\/uploads\/2020\/08\/47806202-8741-49f2-a5c9-d2f930e5baa1-768x768.jpg 768w\" sizes=\"(max-width: 1080px) 100vw, 1080px\" class=\"no-lazyload\" width=\"1080\" height=\"1080\"  style=\"display: inline-block;\" \/><\/div>","protected":false},"excerpt":{"rendered":"<p>Hoy se conocieron los\u00a0nuevos datos de la inflaci\u00f3n\u00a0y ya se activ\u00f3, autom\u00e1ticamente,\u00a0la cl\u00e1usula gatillo\u00a0y los estatales pampeanos -a los que luego se<\/p>\n","protected":false},"author":4,"featured_media":2926,"comment_status":"closed","ping_status":"open","sticky":false,"template":"","format":"standard","meta":{"colormag_page_layout":"default_layout","footnotes":""},"categories":[2],"tags":[],"class_list":["post-2925","post","type-post","status-publish","format-standard","has-post-thumbnail","hentry","category-noticias"],"_links":{"self":[{"href":"https:\/\/oasisfm935.com.ar\/site\/wp-json\/wp\/v2\/posts\/2925","targetHints":{"allow":["GET"]}}],"collection":[{"href":"https:\/\/oasisfm935.com.ar\/site\/wp-json\/wp\/v2\/posts"}],"about":[{"href":"https:\/\/oasisfm935.com.ar\/site\/wp-json\/wp\/v2\/types\/post"}],"author":[{"embeddable":true,"href":"https:\/\/oasisfm935.com.ar\/site\/wp-json\/wp\/v2\/users\/4"}],"replies":[{"embeddable":true,"href":"https:\/\/oasisfm935.com.ar\/site\/wp-json\/wp\/v2\/comments?post=2925"}],"version-history":[{"count":1,"href":"https:\/\/oasisfm935.com.ar\/site\/wp-json\/wp\/v2\/posts\/2925\/revisions"}],"predecessor-version":[{"id":2927,"href":"https:\/\/oasisfm935.com.ar\/site\/wp-json\/wp\/v2\/posts\/2925\/revisions\/2927"}],"wp:featuredmedia":[{"embeddable":true,"href":"https:\/\/oasisfm935.com.ar\/site\/wp-json\/wp\/v2\/media\/2926"}],"wp:attachment":[{"href":"https:\/\/oasisfm935.com.ar\/site\/wp-json\/wp\/v2\/media?parent=2925"}],"wp:term":[{"taxonomy":"category","embeddable":true,"href":"https:\/\/oasisfm935.com.ar\/site\/wp-json\/wp\/v2\/categories?post=2925"},{"taxonomy":"post_tag","embeddable":true,"href":"https:\/\/oasisfm935.com.ar\/site\/wp-json\/wp\/v2\/tags?post=2925"}],"curies":[{"name":"wp","href":"https:\/\/api.w.org\/{rel}","templated":true}]}}