{"id":2930,"date":"2019-10-16T22:12:19","date_gmt":"2019-10-17T01:12:19","guid":{"rendered":"http:\/\/oasisfm935.com\/site\/?p=2930"},"modified":"2019-10-16T22:17:01","modified_gmt":"2019-10-17T01:17:01","slug":"cristina-ya-esta-en-santa-rosa-la-pampa","status":"publish","type":"post","link":"https:\/\/oasisfm935.com.ar\/site\/cristina-ya-esta-en-santa-rosa-la-pampa\/","title":{"rendered":"Cristina ya est\u00e1 en Santa Rosa La Pampa"},"content":{"rendered":"<p>La candidata a vicepresidenta del Frente de Todos,\u00a0<strong>Cristina Fern\u00e1ndez<\/strong>, lleg\u00f3 en la noche de este mi\u00e9rcoles a la ciudad de Santa Rosa, en medio de una multitud que fue a esperarla al aeropuerto. La dirigente kirchnerista salud\u00f3 desde un autom\u00f3vil y parti\u00f3 al Hotel Mercure.\u00a0Este jueves, en el D\u00eda de la Lealtad Peronista, encabezar\u00e1\u00a0 un acto en el Parque Don Tom\u00e1s junto al candidato presidencial Alberto Fern\u00e1ndez y el gobernador Carlos Verna.<\/p>\n<p>Foto gentileza de Joel Abratte<\/p>\n<div class=\"oasis-despues-del-contenido\" id=\"oasis-1342532834\"><img loading=\"lazy\" decoding=\"async\" src=\"https:\/\/oasisfm935.com.ar\/site\/wp-content\/uploads\/2020\/08\/47806202-8741-49f2-a5c9-d2f930e5baa1.jpg\" alt=\"\"  srcset=\"https:\/\/oasisfm935.com.ar\/site\/wp-content\/uploads\/2020\/08\/47806202-8741-49f2-a5c9-d2f930e5baa1.jpg 1080w, https:\/\/oasisfm935.com.ar\/site\/wp-content\/uploads\/2020\/08\/47806202-8741-49f2-a5c9-d2f930e5baa1-300x300.jpg 300w, https:\/\/oasisfm935.com.ar\/site\/wp-content\/uploads\/2020\/08\/47806202-8741-49f2-a5c9-d2f930e5baa1-1024x1024.jpg 1024w, https:\/\/oasisfm935.com.ar\/site\/wp-content\/uploads\/2020\/08\/47806202-8741-49f2-a5c9-d2f930e5baa1-150x150.jpg 150w, https:\/\/oasisfm935.com.ar\/site\/wp-content\/uploads\/2020\/08\/47806202-8741-49f2-a5c9-d2f930e5baa1-768x768.jpg 768w\" sizes=\"(max-width: 1080px) 100vw, 1080px\" class=\"no-lazyload\" width=\"1080\" height=\"1080\"  style=\"display: inline-block;\" \/><\/div>","protected":false},"excerpt":{"rendered":"<p>La candidata a vicepresidenta del Frente de Todos,\u00a0Cristina Fern\u00e1ndez, lleg\u00f3 en la noche de este mi\u00e9rcoles a la ciudad de Santa Rosa,<\/p>\n","protected":false},"author":4,"featured_media":2933,"comment_status":"closed","ping_status":"open","sticky":false,"template":"","format":"standard","meta":{"colormag_page_layout":"default_layout","footnotes":""},"categories":[2],"tags":[],"class_list":["post-2930","post","type-post","status-publish","format-standard","has-post-thumbnail","hentry","category-noticias"],"_links":{"self":[{"href":"https:\/\/oasisfm935.com.ar\/site\/wp-json\/wp\/v2\/posts\/2930","targetHints":{"allow":["GET"]}}],"collection":[{"href":"https:\/\/oasisfm935.com.ar\/site\/wp-json\/wp\/v2\/posts"}],"about":[{"href":"https:\/\/oasisfm935.com.ar\/site\/wp-json\/wp\/v2\/types\/post"}],"author":[{"embeddable":true,"href":"https:\/\/oasisfm935.com.ar\/site\/wp-json\/wp\/v2\/users\/4"}],"replies":[{"embeddable":true,"href":"https:\/\/oasisfm935.com.ar\/site\/wp-json\/wp\/v2\/comments?post=2930"}],"version-history":[{"count":1,"href":"https:\/\/oasisfm935.com.ar\/site\/wp-json\/wp\/v2\/posts\/2930\/revisions"}],"predecessor-version":[{"id":2931,"href":"https:\/\/oasisfm935.com.ar\/site\/wp-json\/wp\/v2\/posts\/2930\/revisions\/2931"}],"wp:featuredmedia":[{"embeddable":true,"href":"https:\/\/oasisfm935.com.ar\/site\/wp-json\/wp\/v2\/media\/2933"}],"wp:attachment":[{"href":"https:\/\/oasisfm935.com.ar\/site\/wp-json\/wp\/v2\/media?parent=2930"}],"wp:term":[{"taxonomy":"category","embeddable":true,"href":"https:\/\/oasisfm935.com.ar\/site\/wp-json\/wp\/v2\/categories?post=2930"},{"taxonomy":"post_tag","embeddable":true,"href":"https:\/\/oasisfm935.com.ar\/site\/wp-json\/wp\/v2\/tags?post=2930"}],"curies":[{"name":"wp","href":"https:\/\/api.w.org\/{rel}","templated":true}]}}