{"id":2935,"date":"2019-10-17T10:30:02","date_gmt":"2019-10-17T13:30:02","guid":{"rendered":"http:\/\/oasisfm935.com\/site\/?p=2935"},"modified":"2019-10-17T10:30:02","modified_gmt":"2019-10-17T13:30:02","slug":"la-foto-de-verna-y-cristina","status":"publish","type":"post","link":"https:\/\/oasisfm935.com.ar\/site\/la-foto-de-verna-y-cristina\/","title":{"rendered":"La foto de Verna y Cristina"},"content":{"rendered":"<p>&nbsp;<\/p>\n<p>El gobernador Carlos Alberto Verna se fotografi\u00f3 este mi\u00e9rcoles a la noche junto a la ex presidenta, y actual candidata a vicepresidenta, Cristina Fern\u00e1ndez de Kirchner que fue recibida por una multitud en su arribo a la capital pampeana.<\/p>\n<p>El gobernador pampeano y la ex presidenta ser\u00e1n, junto a Alberto Fern\u00e1ndez, los personajes pol\u00edticos centrales de lo que ser\u00e1 un acto de caracter\u00edsticas hist\u00f3ricas para La Pampa.<\/p>\n<p>El acto ya comenz\u00f3 a sentirse en la ciudad donde micros de todo el pa\u00eds enfilan para el predio de la laguna Don Tom\u00e1s y los militantes comenzaron a copar las instalaciones entre puestos de venta ambulante, asados y fuegos improvisados.<\/p>\n<p>De acuerdo con el cronograma oficial, alrededor de las 17, el primer orador ser\u00e1 Verna , luego hablar\u00e1 Cristina y por \u00faltimo cerrar\u00e1 Fern\u00e1ndez.<\/p>\n<p>Se espera tambi\u00e9n por la presencia de Axel Kicillof y Sergio Massa como as\u00ed tambi\u00e9n por una gran cantidad de gobernadores de todo el pa\u00eds y dirigentes de todo el territorio pampeano.<\/p>\n<div class=\"oasis-despues-del-contenido\" id=\"oasis-4238283187\"><img loading=\"lazy\" decoding=\"async\" src=\"https:\/\/oasisfm935.com.ar\/site\/wp-content\/uploads\/2020\/08\/47806202-8741-49f2-a5c9-d2f930e5baa1.jpg\" alt=\"\"  srcset=\"https:\/\/oasisfm935.com.ar\/site\/wp-content\/uploads\/2020\/08\/47806202-8741-49f2-a5c9-d2f930e5baa1.jpg 1080w, https:\/\/oasisfm935.com.ar\/site\/wp-content\/uploads\/2020\/08\/47806202-8741-49f2-a5c9-d2f930e5baa1-300x300.jpg 300w, https:\/\/oasisfm935.com.ar\/site\/wp-content\/uploads\/2020\/08\/47806202-8741-49f2-a5c9-d2f930e5baa1-1024x1024.jpg 1024w, https:\/\/oasisfm935.com.ar\/site\/wp-content\/uploads\/2020\/08\/47806202-8741-49f2-a5c9-d2f930e5baa1-150x150.jpg 150w, https:\/\/oasisfm935.com.ar\/site\/wp-content\/uploads\/2020\/08\/47806202-8741-49f2-a5c9-d2f930e5baa1-768x768.jpg 768w\" sizes=\"(max-width: 1080px) 100vw, 1080px\" class=\"no-lazyload\" width=\"1080\" height=\"1080\"  style=\"display: inline-block;\" \/><\/div>","protected":false},"excerpt":{"rendered":"<p>&nbsp; El gobernador Carlos Alberto Verna se fotografi\u00f3 este mi\u00e9rcoles a la noche junto a la ex presidenta, y actual candidata a<\/p>\n","protected":false},"author":4,"featured_media":2936,"comment_status":"closed","ping_status":"open","sticky":false,"template":"","format":"standard","meta":{"colormag_page_layout":"default_layout","footnotes":""},"categories":[2],"tags":[],"class_list":["post-2935","post","type-post","status-publish","format-standard","has-post-thumbnail","hentry","category-noticias"],"_links":{"self":[{"href":"https:\/\/oasisfm935.com.ar\/site\/wp-json\/wp\/v2\/posts\/2935","targetHints":{"allow":["GET"]}}],"collection":[{"href":"https:\/\/oasisfm935.com.ar\/site\/wp-json\/wp\/v2\/posts"}],"about":[{"href":"https:\/\/oasisfm935.com.ar\/site\/wp-json\/wp\/v2\/types\/post"}],"author":[{"embeddable":true,"href":"https:\/\/oasisfm935.com.ar\/site\/wp-json\/wp\/v2\/users\/4"}],"replies":[{"embeddable":true,"href":"https:\/\/oasisfm935.com.ar\/site\/wp-json\/wp\/v2\/comments?post=2935"}],"version-history":[{"count":1,"href":"https:\/\/oasisfm935.com.ar\/site\/wp-json\/wp\/v2\/posts\/2935\/revisions"}],"predecessor-version":[{"id":2937,"href":"https:\/\/oasisfm935.com.ar\/site\/wp-json\/wp\/v2\/posts\/2935\/revisions\/2937"}],"wp:featuredmedia":[{"embeddable":true,"href":"https:\/\/oasisfm935.com.ar\/site\/wp-json\/wp\/v2\/media\/2936"}],"wp:attachment":[{"href":"https:\/\/oasisfm935.com.ar\/site\/wp-json\/wp\/v2\/media?parent=2935"}],"wp:term":[{"taxonomy":"category","embeddable":true,"href":"https:\/\/oasisfm935.com.ar\/site\/wp-json\/wp\/v2\/categories?post=2935"},{"taxonomy":"post_tag","embeddable":true,"href":"https:\/\/oasisfm935.com.ar\/site\/wp-json\/wp\/v2\/tags?post=2935"}],"curies":[{"name":"wp","href":"https:\/\/api.w.org\/{rel}","templated":true}]}}