{"id":2973,"date":"2019-10-28T11:54:19","date_gmt":"2019-10-28T14:54:19","guid":{"rendered":"http:\/\/oasisfm935.com\/site\/?p=2973"},"modified":"2019-10-28T11:54:19","modified_gmt":"2019-10-28T14:54:19","slug":"alberto-fernandez-se-reunio-con-mauricio-macri-y-presento-una-lista-de-colaboradores-para-el-proceso-de-transicion","status":"publish","type":"post","link":"https:\/\/oasisfm935.com.ar\/site\/alberto-fernandez-se-reunio-con-mauricio-macri-y-presento-una-lista-de-colaboradores-para-el-proceso-de-transicion\/","title":{"rendered":"Alberto Fern\u00e1ndez se reuni\u00f3 con Mauricio Macri y present\u00f3 una lista de colaboradores para el proceso de transici\u00f3n"},"content":{"rendered":"<p>Entre los designados est\u00e1 Santiago Cafiero, Guillermo Nielsen, Cecilia Todesca y Mat\u00edas Kulfas. El mandatario electo y el actual jefe de Estado charlaron durante una hora en la Casa Rosada<\/p>\n<div class=\"row pb-content-type-text\">\n<div class=\"col-xs-12 col-print-12\">\n<p class=\"element element-paragraph\">Con un desayuno en la Casa Rosada, el presidente Mauricio Macri\u00a0<b>se reuni\u00f3 durante una hora junto al mandatario electo Alberto Fern\u00e1ndez<\/b>, tras el triunfo del candidato del Frente de Todos en los comicios de ayer.<\/p>\n<div class=\"teads-adCall\"><\/div>\n<\/div>\n<\/div>\n<div class=\"row pb-content-type-text\">\n<div class=\"col-xs-12 col-print-12\">\n<p class=\"element element-paragraph\">En el encuentro, Alberto Fern\u00e1ndez le propuso a Mauricio Macri una\u00a0<b>lista de colaboradores\u00a0<\/b>para que trabajen durante el per\u00edodo de transici\u00f3n, que se extender\u00e1 hasta el 10 de diciembre, cuando efectivice el traspaso de autoridades.<\/p>\n<\/div>\n<\/div>\n<div class=\"row pb-content-type-text\">\n<div class=\"col-xs-12 col-print-12\">\n<p class=\"element element-paragraph\">Los nombres sugeridos por el presidente electo forman parte de su equipo de trabajo: se tratan de su jefe de campa\u00f1a,\u00a0<b>Santiago Cafiero<\/b>, el ex secretario de Finanzas de la Naci\u00f3n,\u00a0<b>Guillermo Nielsen<\/b>, y los economistas\u00a0<b>Mat\u00edas Kulfas y Cecilia Todesca.<\/b><\/p>\n<\/div>\n<\/div>\n<div class=\"row pb-content-type-text\">\n<div class=\"col-xs-12 col-print-12\">\n<p class=\"element element-paragraph\">Anoche, al reconocer la derrota, Macri anunci\u00f3 que se comunic\u00f3 telef\u00f3nicamente con el presidente electo y, tras felicitarlo,\u00a0<b>lo invit\u00f3 a dialogar sobre la transici\u00f3n en un desayuno\u00a0<\/b>que tendr\u00e1 lugar en Casa de Gobierno.<\/p>\n<p><img decoding=\"async\" src=\"https:\/\/www.infobae.com\/new-resizer\/-qgsv3_Ncq6Tf55A4m1r8rYn5RA=\/750x0\/filters:quality(100)\/arc-anglerfish-arc2-prod-infobae.s3.amazonaws.com\/public\/EEYPC6OUMZDKXGVYQPMP7K33EU.jpg\" alt=\"El mandatario electo y el saliente deber\u00e1n coordinar la transici\u00f3n hasta el 10 de diciembre, d\u00eda en que se concretar\u00e1 el traspaso de mando. (Adri\u00e1n Escandar) \" \/><\/p>\n<p>Si bien la reuni\u00f3n estaba inicialmente pautada para las 8.30, el encuentro se posterg\u00f3 hasta las 10.30, debido a que ambos se\u00a0<b>retiraron muy tarde\u00a0<\/b>de sus respectivos b\u00fankeres. El mandatario electo lleg\u00f3 al palacio presidencial acompa\u00f1ado junto a su jefe de prensa,\u00a0<b>Juan Pablo Biondi\u00a0<\/b>y se retir\u00f3 hacia las\u00a0<b>11.30<\/b>.<\/p>\n<div class=\"row pb-content-type-image\">\n<figure class=\"element element-image col-xs-12\"><figcaption class=\"\"><span class=\"credit\">El mandatario electo y el saliente deber\u00e1n coordinar la transici\u00f3n hasta el 10 de diciembre, d\u00eda en que se concretar\u00e1 el traspaso de mando. (Adri\u00e1n Escandar)<\/span><\/figcaption><\/figure>\n<\/div>\n<div class=\"row pb-content-type-text\">\n<div class=\"col-xs-12 col-print-12\">\n<p class=\"element element-paragraph\">Luego del encuentro,\u00a0<b>Mauricio Macri tiene previsto reunir a su Gabinete de ministros<\/b>\u00a0para informar a su equipo de los detalles del desayuno con Alberto Fern\u00e1ndez.<\/p>\n<\/div>\n<\/div>\n<div class=\"row pb-content-type-text\">\n<div class=\"col-xs-12 col-print-12\">\n<p class=\"element element-paragraph\">M\u00e1s temprano,\u00a0<b>Nicol\u00e1s Trotta<\/b>, uno de los coordinadores de los equipos t\u00e9cnicos de Alberto Fern\u00e1ndez,\u00a0<b>afirm\u00f3 que la transici\u00f3n \u201cno implica un cogobierno\u201d\u00a0<\/b>y que \u201ctodo lo que ocurra de ac\u00e1 al 10 de diciembre ser\u00e1 responsabilidad\u00bb del mandatario saliente, Mauricio Macri.<\/p>\n<p><img decoding=\"async\" src=\"https:\/\/www.infobae.com\/new-resizer\/7XTB8BdshN0b87gmpdkEPn4TLXE=\/750x0\/filters:quality(100)\/arc-anglerfish-arc2-prod-infobae.s3.amazonaws.com\/public\/ZAFJ6EYRQJAMVDOB7IS3FQBQJQ.jpg\" \/><\/p>\n<div class=\"row pb-content-type-text\">\n<div class=\"col-xs-12 col-print-12\">\n<p class=\"element element-paragraph\">\u201cLa transici\u00f3n es un proceso como ocurre en todos los pa\u00edses del mundo, donde el equipo entrante empieza a tomar conocimiento del estado de situaci\u00f3n, pero\u00a0<b>hasta el 10 de diciembre la responsabilidad de gobernar es de Macri<\/b>\u201d, declar\u00f3 a la radio\u00a0<i>La Red<\/i>.<\/p>\n<\/div>\n<\/div>\n<div class=\"row pb-content-type-text\">\n<div class=\"col-xs-12 col-print-12\">\n<p class=\"element element-paragraph\">En los comicios generales de ayer,\u00a0<b>Alberto Fernandez obtuvo el 48,10% de los votos\u00a0<\/b>y se consagr\u00f3 presidente electo en primera vuelta, frente al 40,37% obtenido por Macri, con el 97,13% de las mesas computadas.<\/p>\n<\/div>\n<\/div>\n<\/div>\n<\/div>\n<\/div>\n<\/div>\n<div class=\"oasis-despues-del-contenido\" id=\"oasis-587159186\"><img loading=\"lazy\" decoding=\"async\" src=\"https:\/\/oasisfm935.com.ar\/site\/wp-content\/uploads\/2020\/08\/47806202-8741-49f2-a5c9-d2f930e5baa1.jpg\" alt=\"\"  srcset=\"https:\/\/oasisfm935.com.ar\/site\/wp-content\/uploads\/2020\/08\/47806202-8741-49f2-a5c9-d2f930e5baa1.jpg 1080w, https:\/\/oasisfm935.com.ar\/site\/wp-content\/uploads\/2020\/08\/47806202-8741-49f2-a5c9-d2f930e5baa1-300x300.jpg 300w, https:\/\/oasisfm935.com.ar\/site\/wp-content\/uploads\/2020\/08\/47806202-8741-49f2-a5c9-d2f930e5baa1-1024x1024.jpg 1024w, https:\/\/oasisfm935.com.ar\/site\/wp-content\/uploads\/2020\/08\/47806202-8741-49f2-a5c9-d2f930e5baa1-150x150.jpg 150w, https:\/\/oasisfm935.com.ar\/site\/wp-content\/uploads\/2020\/08\/47806202-8741-49f2-a5c9-d2f930e5baa1-768x768.jpg 768w\" sizes=\"(max-width: 1080px) 100vw, 1080px\" class=\"no-lazyload\" width=\"1080\" height=\"1080\"  style=\"display: inline-block;\" \/><\/div>","protected":false},"excerpt":{"rendered":"<p>Entre los designados est\u00e1 Santiago Cafiero, Guillermo Nielsen, Cecilia Todesca y Mat\u00edas Kulfas. El mandatario electo y el actual jefe de Estado<\/p>\n","protected":false},"author":4,"featured_media":2974,"comment_status":"closed","ping_status":"open","sticky":false,"template":"","format":"standard","meta":{"colormag_page_layout":"default_layout","footnotes":""},"categories":[2],"tags":[],"class_list":["post-2973","post","type-post","status-publish","format-standard","has-post-thumbnail","hentry","category-noticias"],"_links":{"self":[{"href":"https:\/\/oasisfm935.com.ar\/site\/wp-json\/wp\/v2\/posts\/2973","targetHints":{"allow":["GET"]}}],"collection":[{"href":"https:\/\/oasisfm935.com.ar\/site\/wp-json\/wp\/v2\/posts"}],"about":[{"href":"https:\/\/oasisfm935.com.ar\/site\/wp-json\/wp\/v2\/types\/post"}],"author":[{"embeddable":true,"href":"https:\/\/oasisfm935.com.ar\/site\/wp-json\/wp\/v2\/users\/4"}],"replies":[{"embeddable":true,"href":"https:\/\/oasisfm935.com.ar\/site\/wp-json\/wp\/v2\/comments?post=2973"}],"version-history":[{"count":1,"href":"https:\/\/oasisfm935.com.ar\/site\/wp-json\/wp\/v2\/posts\/2973\/revisions"}],"predecessor-version":[{"id":2975,"href":"https:\/\/oasisfm935.com.ar\/site\/wp-json\/wp\/v2\/posts\/2973\/revisions\/2975"}],"wp:featuredmedia":[{"embeddable":true,"href":"https:\/\/oasisfm935.com.ar\/site\/wp-json\/wp\/v2\/media\/2974"}],"wp:attachment":[{"href":"https:\/\/oasisfm935.com.ar\/site\/wp-json\/wp\/v2\/media?parent=2973"}],"wp:term":[{"taxonomy":"category","embeddable":true,"href":"https:\/\/oasisfm935.com.ar\/site\/wp-json\/wp\/v2\/categories?post=2973"},{"taxonomy":"post_tag","embeddable":true,"href":"https:\/\/oasisfm935.com.ar\/site\/wp-json\/wp\/v2\/tags?post=2973"}],"curies":[{"name":"wp","href":"https:\/\/api.w.org\/{rel}","templated":true}]}}