{"id":2979,"date":"2019-10-29T12:04:28","date_gmt":"2019-10-29T15:04:28","guid":{"rendered":"http:\/\/oasisfm935.com\/site\/?p=2979"},"modified":"2019-10-29T12:04:28","modified_gmt":"2019-10-29T15:04:28","slug":"luiggenses-estaran-en-la-feria-nacional-de-innovacion-educativa","status":"publish","type":"post","link":"https:\/\/oasisfm935.com.ar\/site\/luiggenses-estaran-en-la-feria-nacional-de-innovacion-educativa\/","title":{"rendered":"Luiggenses estar\u00e1n en la Feria Nacional de Innovaci\u00f3n Educativa"},"content":{"rendered":"<p>De\u00a0<strong>28 trabajos que participar\u00e1n en la instancia nacional, 3 son de Luiggi: dos del Colegio Secundario H\u00e9roes de la Patria y uno del\u00a0<\/strong><strong>Servicio Educativo de Apoyo a la Inclusi\u00f3n.<\/strong><\/p>\n<p>Los proyectos que representar\u00e1n a nuestra provincia son:<\/p>\n<p>&#8211; \u201cRa\u00edces Pampeanas\u201d (programa radial) del Servicio Educativo de Apoyo a la Inclusi\u00f3n.<\/p>\n<p>&#8211; \u201c\u00bfQu\u00e9 quieres que haga por ti?\u201d del \u00e1rea de Tecnolog\u00edas Digitales del\u00a0 Colegio Secundario H\u00e9roes de la Patria.<\/p>\n<p>&#8211; \u201cReCreAndo (Reglando-Creando-Jugando) del \u00e1rea de Educaci\u00f3n F\u00edsica del Colegio Secundario H\u00e9roes de la Patria.<\/p>\n<p>Ayer partieron los tres equipos expositores desde Ia Municipalidad de Ingeniero Luiggi, \u00a0hasta la Terminal de \u00d3mnibus de Santa Rosa y luego a las 23:30 iniciaron el viaje hacia Buenos Aires.<\/p>\n<p>Esta ma\u00f1ana arribaron a la Ciudad Aut\u00f3noma de Buenos Aires a las 8:30 y en estos momentos, nos informan (a Zonal Noticias) las docentes, que la delegaci\u00f3n se encuentra haciendo un recorrido tur\u00edstico por el Microcentro porte\u00f1o. Los equipos luiggenses estar\u00e1n alojados en el Hotel Chile.<\/p>\n<p><img decoding=\"async\" src=\"https:\/\/scontent.frsa3-1.fna.fbcdn.net\/v\/t1.15752-9\/75485956_2488655284757132_919352013295190016_n.jpg?_nc_cat=110&amp;_nc_oc=AQlq9v6A_Zd5TkiHtP5jqcY7sSlWfDy_uiL5ZWLuiP9ItetNfQ58y-ZsqtZ2wAfVgZ8&amp;_nc_ht=scontent.frsa3-1.fna&amp;oh=7a324ee5f2f2b9b4fa144d4d707cd7ea&amp;oe=5E21F17C\" \/><\/p>\n<p>Ma\u00f1ana los j\u00f3venes y sus docentes, estar\u00e1n exponiendo sus proyectos en la Feria Nacional de Innovaci\u00f3n Educativa 2019 que permanecer\u00e1 abierta durante dos d\u00edas en el enorme predio de Tecn\u00f3polis<\/p>\n<p>Seg\u00fan el itinerario previsto, los viajeros el 1 de noviembre, una vez culminada la muestra educativa, realizar\u00e1n una visita al Centro Comercial y a las 21 hs. emprender\u00e1n el regreso \u00a0para arribar a las 6 hs. a la Terminal de \u00d3mnibus de Santa Rosa.<\/p>\n<p>Cabe recordar que de entre 179 trabajos de toda la provincia,<strong>\u00a028 fueron seleccionados para representar a nuestra provincia en la Feria Nacional de Innovaci\u00f3n, Ciencia y Tecnolog\u00eda a realizarse en \u00a0Tecn\u00f3polis del 30 de octubre al 1\u00ba de noviembre.<\/strong><\/p>\n<p>&nbsp;<\/p>\n<p><strong>En la categor\u00eda Educaci\u00f3n F\u00edsica,\u00a0<\/strong>el trabajo<strong>\u00a0\u201cReCreAndo (Reglando-Creando-Jugando)\u00a0<\/strong>del 6\u00b0 de Cs Sociales del Colegio Secundario H\u00e9roes de la Patria a cargo de la profesora Lorena De L\u00fa ser\u00e1 expuesto por las hermanas Julieta y Roc\u00edo\u00a0Jaime.<\/p>\n<p><img decoding=\"async\" src=\"https:\/\/scontent.frsa4-1.fna.fbcdn.net\/v\/t1.0-9\/70710983_724734371288173_5348882253881540608_n.jpg?_nc_cat=108&amp;_nc_oc=AQkTIJ_wsV0WJjObv524UMaBg5_HZEtq_mo6ayGjpXPtDGc1_qESwkRYFRGTFXqmwOQ&amp;_nc_ht=scontent.frsa4-1.fna&amp;oh=a3bd1037a2bc26923e0d01fa541ed97f&amp;oe=5DEFB200\" alt=\"La imagen puede contener: 5 personas, personas sonriendo, personas de pie e interior\" \/><\/p>\n<p><strong>En Educaci\u00f3n Tecnol\u00f3gica<\/strong>, el trabajo \u201c<strong>\u00bfQu\u00e9 quieres que haga por ti?<\/strong>\u201d tambi\u00e9n del Colegio Secundario H\u00e9roes de la Patria, perteneciente a 3\u00b0 I, ser\u00e1 expuesto por Josefina Zieengefuhs y Facundo Rattalino estar\u00e1n a cargo de la docente Mar\u00eda Bel\u00e9n Gaccio.<\/p>\n<p><img decoding=\"async\" src=\"https:\/\/scontent.frsa4-1.fna.fbcdn.net\/v\/t1.15752-9\/70407778_368189364131525_540520972776636416_n.jpg?_nc_cat=104&amp;_nc_oc=AQkBaafhMcc43XXPL06VNLve1WEh6x0_vVmB2TCPc1srngMv07l8kVMuCsmYVyAN29s&amp;_nc_ht=scontent.frsa4-1.fna&amp;oh=fb9b10b2bef09acdeb36de9a657022d9&amp;oe=5E0A251E\" \/><\/p>\n<p>En tanto en la\u00a0<strong>Modalidad Educaci\u00f3n Inclusiva,\u00a0<\/strong>el trabajo elegido para representar a La Pampa en Tecn\u00f3polis fue el proyecto<strong>\u00a0\u201cRa\u00edces Pampeanas\u201ddel Servicio Educativo de Apoyo a la Inclusi\u00f3n<\/strong>. Estar\u00e1 expuesto por las alumnas Gabriela \u00c1vila y Camila \u00c1vila, junto a sus docentes\u00a0Ivana Cisneros y Joana Barbera.<\/p>\n<p><img decoding=\"async\" src=\"https:\/\/scontent.frsa4-1.fna.fbcdn.net\/v\/t1.0-9\/70534476_723549844739959_1654290929902682112_n.jpg?_nc_cat=105&amp;_nc_oc=AQlqL1ZCjur2EdRTcpi33x-9NnfyzgrWJ4FTQ3VpP8c2wzvB9Zzm41z80a8OhGz19_0&amp;_nc_ht=scontent.frsa4-1.fna&amp;oh=3bd0be4a074e752f3f347a997b1e124c&amp;oe=5DF2B85D\" alt=\"La imagen puede contener: 4 personas, personas sonriendo, personas de pie\" \/><\/p>\n<p>https:\/\/www.zonalnoticias.com\/<\/p>\n<div class=\"oasis-despues-del-contenido\" id=\"oasis-166343860\"><img loading=\"lazy\" decoding=\"async\" src=\"https:\/\/oasisfm935.com.ar\/site\/wp-content\/uploads\/2020\/08\/47806202-8741-49f2-a5c9-d2f930e5baa1.jpg\" alt=\"\"  srcset=\"https:\/\/oasisfm935.com.ar\/site\/wp-content\/uploads\/2020\/08\/47806202-8741-49f2-a5c9-d2f930e5baa1.jpg 1080w, https:\/\/oasisfm935.com.ar\/site\/wp-content\/uploads\/2020\/08\/47806202-8741-49f2-a5c9-d2f930e5baa1-300x300.jpg 300w, https:\/\/oasisfm935.com.ar\/site\/wp-content\/uploads\/2020\/08\/47806202-8741-49f2-a5c9-d2f930e5baa1-1024x1024.jpg 1024w, https:\/\/oasisfm935.com.ar\/site\/wp-content\/uploads\/2020\/08\/47806202-8741-49f2-a5c9-d2f930e5baa1-150x150.jpg 150w, https:\/\/oasisfm935.com.ar\/site\/wp-content\/uploads\/2020\/08\/47806202-8741-49f2-a5c9-d2f930e5baa1-768x768.jpg 768w\" sizes=\"(max-width: 1080px) 100vw, 1080px\" class=\"no-lazyload\" width=\"1080\" height=\"1080\"  style=\"display: inline-block;\" \/><\/div>","protected":false},"excerpt":{"rendered":"<p>De\u00a028 trabajos que participar\u00e1n en la instancia nacional, 3 son de Luiggi: dos del Colegio Secundario H\u00e9roes de la Patria y uno<\/p>\n","protected":false},"author":4,"featured_media":2980,"comment_status":"closed","ping_status":"open","sticky":false,"template":"","format":"standard","meta":{"colormag_page_layout":"default_layout","footnotes":""},"categories":[2],"tags":[],"class_list":["post-2979","post","type-post","status-publish","format-standard","has-post-thumbnail","hentry","category-noticias"],"_links":{"self":[{"href":"https:\/\/oasisfm935.com.ar\/site\/wp-json\/wp\/v2\/posts\/2979","targetHints":{"allow":["GET"]}}],"collection":[{"href":"https:\/\/oasisfm935.com.ar\/site\/wp-json\/wp\/v2\/posts"}],"about":[{"href":"https:\/\/oasisfm935.com.ar\/site\/wp-json\/wp\/v2\/types\/post"}],"author":[{"embeddable":true,"href":"https:\/\/oasisfm935.com.ar\/site\/wp-json\/wp\/v2\/users\/4"}],"replies":[{"embeddable":true,"href":"https:\/\/oasisfm935.com.ar\/site\/wp-json\/wp\/v2\/comments?post=2979"}],"version-history":[{"count":1,"href":"https:\/\/oasisfm935.com.ar\/site\/wp-json\/wp\/v2\/posts\/2979\/revisions"}],"predecessor-version":[{"id":2981,"href":"https:\/\/oasisfm935.com.ar\/site\/wp-json\/wp\/v2\/posts\/2979\/revisions\/2981"}],"wp:featuredmedia":[{"embeddable":true,"href":"https:\/\/oasisfm935.com.ar\/site\/wp-json\/wp\/v2\/media\/2980"}],"wp:attachment":[{"href":"https:\/\/oasisfm935.com.ar\/site\/wp-json\/wp\/v2\/media?parent=2979"}],"wp:term":[{"taxonomy":"category","embeddable":true,"href":"https:\/\/oasisfm935.com.ar\/site\/wp-json\/wp\/v2\/categories?post=2979"},{"taxonomy":"post_tag","embeddable":true,"href":"https:\/\/oasisfm935.com.ar\/site\/wp-json\/wp\/v2\/tags?post=2979"}],"curies":[{"name":"wp","href":"https:\/\/api.w.org\/{rel}","templated":true}]}}