{"id":2983,"date":"2019-10-30T09:20:15","date_gmt":"2019-10-30T12:20:15","guid":{"rendered":"http:\/\/oasisfm935.com\/site\/?p=2983"},"modified":"2019-10-30T09:20:15","modified_gmt":"2019-10-30T12:20:15","slug":"el-14-de-noviembre-descongelan-los-precios-y-subiran-los-combustibles","status":"publish","type":"post","link":"https:\/\/oasisfm935.com.ar\/site\/el-14-de-noviembre-descongelan-los-precios-y-subiran-los-combustibles\/","title":{"rendered":"El 14 de noviembre descongelan los precios y subir\u00e1n los combustibles"},"content":{"rendered":"<p>El 14 de noviembre perder\u00e1 vigencia el decreto 566 que el Ejecutivo public\u00f3 en plena corrida post PASO y con el que congel\u00f3 por 90 d\u00edas el precio de los combustibles y del petr\u00f3leo crudo para el mercado interno. Ese d\u00eda, el Gobierno los liberar\u00e1 nuevamente y subir\u00e1n los precios.<\/p>\n<p>Desde la Secretar\u00eda de Energ\u00eda ya avisaron que no habr\u00e1 medidas complementarias para que la salida del congelamiento sea gradual. As\u00ed, el valor de las naftas y los gasoil se disparar\u00edan en los surtidores alrededor de 15%, la brecha que los funcionarios consideran que existe hoy entre el precio interno y el internacional.<\/p>\n<p>Lo que s\u00ed analizan las autoridades de la secretar\u00eda que encabeza Gustavo Lopetegui es la posibilidad de otorgar un aumento parcial antes de que venza el decreto, tal como hizo en septiembre, cuando en medio de una escalada en el precio global del petr\u00f3leo producto de un atentado a dos refiner\u00edas saud\u00edes, concedi\u00f3 un alza del 4%. Sin embargo, a\u00fan no se tom\u00f3 ninguna determinaci\u00f3n. Tampoco las empresas del sector han recibido confirmaci\u00f3n oficial.<\/p>\n<p>El incremento impactar\u00e1 con fuerza en la inflaci\u00f3n de noviembre y diciembre, que ya de por s\u00ed ser\u00e1 elevada producto del salto del d\u00f3lar.<\/p>\n<div class=\"oasis-despues-del-contenido\" id=\"oasis-532250305\"><img loading=\"lazy\" decoding=\"async\" src=\"https:\/\/oasisfm935.com.ar\/site\/wp-content\/uploads\/2020\/08\/47806202-8741-49f2-a5c9-d2f930e5baa1.jpg\" alt=\"\"  srcset=\"https:\/\/oasisfm935.com.ar\/site\/wp-content\/uploads\/2020\/08\/47806202-8741-49f2-a5c9-d2f930e5baa1.jpg 1080w, https:\/\/oasisfm935.com.ar\/site\/wp-content\/uploads\/2020\/08\/47806202-8741-49f2-a5c9-d2f930e5baa1-300x300.jpg 300w, https:\/\/oasisfm935.com.ar\/site\/wp-content\/uploads\/2020\/08\/47806202-8741-49f2-a5c9-d2f930e5baa1-1024x1024.jpg 1024w, https:\/\/oasisfm935.com.ar\/site\/wp-content\/uploads\/2020\/08\/47806202-8741-49f2-a5c9-d2f930e5baa1-150x150.jpg 150w, https:\/\/oasisfm935.com.ar\/site\/wp-content\/uploads\/2020\/08\/47806202-8741-49f2-a5c9-d2f930e5baa1-768x768.jpg 768w\" sizes=\"(max-width: 1080px) 100vw, 1080px\" class=\"no-lazyload\" width=\"1080\" height=\"1080\"  style=\"display: inline-block;\" \/><\/div>","protected":false},"excerpt":{"rendered":"<p>El 14 de noviembre perder\u00e1 vigencia el decreto 566 que el Ejecutivo public\u00f3 en plena corrida post PASO y con el que<\/p>\n","protected":false},"author":4,"featured_media":2984,"comment_status":"closed","ping_status":"open","sticky":false,"template":"","format":"standard","meta":{"colormag_page_layout":"default_layout","footnotes":""},"categories":[2],"tags":[],"class_list":["post-2983","post","type-post","status-publish","format-standard","has-post-thumbnail","hentry","category-noticias"],"_links":{"self":[{"href":"https:\/\/oasisfm935.com.ar\/site\/wp-json\/wp\/v2\/posts\/2983","targetHints":{"allow":["GET"]}}],"collection":[{"href":"https:\/\/oasisfm935.com.ar\/site\/wp-json\/wp\/v2\/posts"}],"about":[{"href":"https:\/\/oasisfm935.com.ar\/site\/wp-json\/wp\/v2\/types\/post"}],"author":[{"embeddable":true,"href":"https:\/\/oasisfm935.com.ar\/site\/wp-json\/wp\/v2\/users\/4"}],"replies":[{"embeddable":true,"href":"https:\/\/oasisfm935.com.ar\/site\/wp-json\/wp\/v2\/comments?post=2983"}],"version-history":[{"count":1,"href":"https:\/\/oasisfm935.com.ar\/site\/wp-json\/wp\/v2\/posts\/2983\/revisions"}],"predecessor-version":[{"id":2985,"href":"https:\/\/oasisfm935.com.ar\/site\/wp-json\/wp\/v2\/posts\/2983\/revisions\/2985"}],"wp:featuredmedia":[{"embeddable":true,"href":"https:\/\/oasisfm935.com.ar\/site\/wp-json\/wp\/v2\/media\/2984"}],"wp:attachment":[{"href":"https:\/\/oasisfm935.com.ar\/site\/wp-json\/wp\/v2\/media?parent=2983"}],"wp:term":[{"taxonomy":"category","embeddable":true,"href":"https:\/\/oasisfm935.com.ar\/site\/wp-json\/wp\/v2\/categories?post=2983"},{"taxonomy":"post_tag","embeddable":true,"href":"https:\/\/oasisfm935.com.ar\/site\/wp-json\/wp\/v2\/tags?post=2983"}],"curies":[{"name":"wp","href":"https:\/\/api.w.org\/{rel}","templated":true}]}}