{"id":300,"date":"2019-01-12T12:14:18","date_gmt":"2019-01-12T15:14:18","guid":{"rendered":"http:\/\/oasisfm935.com\/site\/?p=300"},"modified":"2019-01-12T12:14:18","modified_gmt":"2019-01-12T15:14:18","slug":"la-gerenta-de-la-copeospil-de-luiggi-confirmo-que-los-aumentos-de-la-energia-seran-trimestrales","status":"publish","type":"post","link":"https:\/\/oasisfm935.com.ar\/site\/la-gerenta-de-la-copeospil-de-luiggi-confirmo-que-los-aumentos-de-la-energia-seran-trimestrales\/","title":{"rendered":"La gerenta de la Copeospil de Luiggi confirm\u00f3 que los aumentos de la energ\u00eda ser\u00e1n trimestrales"},"content":{"rendered":"<div class=\"itemIntroText\">\n<p><strong>La gerenta de la Copeospil de Ingeniero Luiggi Viviena Alegre, anunci\u00f3 que el aumento de la energ\u00eda el\u00e9ctrica a lo largo del 2019 ser\u00e1\u00a0 trimestral. Adem\u00e1s plante\u00f3 su preocupaci\u00f3n por la eliminaci\u00f3n de la tarifa social que afecta al\u00a0 25 por ciento de los asociados de la entidad.<br \/>\n<\/strong><\/p>\n<\/div>\n<div class=\"itemFullText\">\n<blockquote><p>La Federaci\u00f3n Pampeana de Cooperativas El\u00e9ctricas se reuni\u00f3 este jueves con la Administraci\u00f3n Provincial de Energ\u00eda, para plantearle la preocupaci\u00f3n por la eliminaci\u00f3n de la tarifa social y el aumento previsto para este per\u00edodo despu\u00e9s de que el gobierno nacional dispusiera un incremento del 55% en la distribuci\u00f3n de energ\u00eda.<\/p>\n<p>Adem\u00e1s los cooperativistas, entre quienes estuvo la gerenta de la Copeospil, plantearon las consecuencias de las \u00faltimas tormentas sobre el tendido el\u00e9ctrico.<\/p>\n<p><strong>\u201cAntes de la reuni\u00f3n de la Federaci\u00f3n pampeana de Cooperativas ya hab\u00edamos recibido la notificaci\u00f3n de la disposici\u00f3n de APE del 2 de enero, donde se aprueba el nuevo cuadro tarifario, que elimina la categor\u00eda tarifa social y el plan est\u00edmulo\u201d<\/strong>, inform\u00f3 en dialogo con<strong>\u00a0FM Oasis y Zonal Noticias.<\/strong><\/p><\/blockquote>\n<p>Alegre dej\u00f3 en claro que esto fue as\u00ed \u00abporque APE recibi\u00f3 de Naci\u00f3n una disposici\u00f3n similar, entonces nos reunimos con el administrador provincial Gonzalo Marco, con quien hablamos sobre este tema y los pr\u00f3ximos aumentos\u00bb.<\/p>\n<hr \/>\n<p><strong>Aumentos<\/strong><\/p>\n<blockquote><p>En relaci\u00f3n a los incrementos, expres\u00f3\u00a0<strong>\u201cviene un aumento por el costo mayorista de CAMMESA que se har\u00e1 en tres partes este a\u00f1o: en febrero, mayo y agosto, pero a\u00fan no tenemos los porcentajes\u201d.<\/strong><\/p><\/blockquote>\n<p>La gerenta destac\u00f3 que\u00a0<strong>de la reuni\u00f3n tambi\u00e9n particip\u00f3\u00a0 la ministra de Desarrollo Social Fernanda Alonso,<\/strong>\u00a0quien \u00ab<strong>tambi\u00e9n nos plante\u00f3 su preocupaci\u00f3n por la quita de la tarifa social para los sectores de menores recursos\u00bb.<\/strong><\/p>\n<p><strong>\u00abNos coment\u00f3 que est\u00e1n haciendo un an\u00e1lisis desde su cartera en conjunto con APE para ver de qu\u00e9 forma llegan a la gente que m\u00e1s necesita\u00bb,<\/strong>\u00a0destac\u00f3 Alegre.<strong><br \/>\n<\/strong><\/p>\n<blockquote><p>Expres\u00f3 que\u00a0<strong>en Ingeniero Luiggi, Embajador Martini, Alta Italia\u00a0 y Ojeda que son las localidades que abarca la Copeospil, la tarifa social alcanza a un 25 por ciento de los asociados.<\/strong><\/p>\n<hr \/>\n<\/blockquote>\n<p><strong>Da\u00f1os en el tendido el\u00e9ctrico<br \/>\n<\/strong><\/p>\n<p>Con respecto a los da\u00f1os provocados en el tendido el\u00e9ctrico por laes tormentas, la gerenta de la Copesopil coment\u00f3 que la primera tormenta que caus\u00f3 da\u00f1os fue en octubre y desde esa \u201c<strong>primera tormenta, el clima\u00a0 nos vino castignado en los distintos ejidos que cubrimos\u201d.<\/strong><\/p>\n<blockquote><p>\u201cHan venido muchos vientos que hicieron mucho da\u00f1o en cables,\u00a0 tinglados, techos, la gente del sector viene trabajando a destajo los fines de semana y feriados para poder dar garantizar el suministro en toda la zona\u201d.<\/p>\n<p><strong>\u201cHasta ahora hicimos un trabajo de emergencia, que era tratar de acomodar las l\u00edneas para poder dar energ\u00eda, ahora nos queda acomodar el servicio y hacer los cambios que corresponden en cada una de las subestaciones\u201d,\u00a0<\/strong>expres\u00f3.<\/p>\n<hr \/>\n<\/blockquote>\n<p><strong>Cortes<\/strong><\/p>\n<p><strong>Cornsultada por los recurrentes cortes en el servicio,<\/strong>\u00a0Alegre inform\u00f3 que\u00a0 una de las razones es que cuando hay tormentas de viento, la l\u00ednea que une Ingeniero Luiggi y Embajador est\u00e1 muy expuesta, y \u00ab<strong>los\u00a0 \u00e1lamos y eucaliptus que est\u00e1n a la vera de la ruta, suelen afectar la l\u00ednea y provocan el corte\u00bb.<\/strong><\/p>\n<p><strong>\u201cEn esto venimos trabajando, la inundaci\u00f3n tambi\u00e9n nos afect\u00f3 en los trabajos en esta l\u00ednea pero estamos m\u00e1s cerca de poder solucionarlo\u201d<\/strong>, concluy\u00f3.<\/p>\n<\/div>\n<p><strong>Zonal Noticias<\/strong>\u00a0en conjunto con<strong>\u00a0FM Oasis<\/strong><\/p>\n<div class=\"oasis-despues-del-contenido\" id=\"oasis-2009480666\"><img loading=\"lazy\" decoding=\"async\" src=\"https:\/\/oasisfm935.com.ar\/site\/wp-content\/uploads\/2020\/08\/47806202-8741-49f2-a5c9-d2f930e5baa1.jpg\" alt=\"\"  srcset=\"https:\/\/oasisfm935.com.ar\/site\/wp-content\/uploads\/2020\/08\/47806202-8741-49f2-a5c9-d2f930e5baa1.jpg 1080w, https:\/\/oasisfm935.com.ar\/site\/wp-content\/uploads\/2020\/08\/47806202-8741-49f2-a5c9-d2f930e5baa1-300x300.jpg 300w, https:\/\/oasisfm935.com.ar\/site\/wp-content\/uploads\/2020\/08\/47806202-8741-49f2-a5c9-d2f930e5baa1-1024x1024.jpg 1024w, https:\/\/oasisfm935.com.ar\/site\/wp-content\/uploads\/2020\/08\/47806202-8741-49f2-a5c9-d2f930e5baa1-150x150.jpg 150w, https:\/\/oasisfm935.com.ar\/site\/wp-content\/uploads\/2020\/08\/47806202-8741-49f2-a5c9-d2f930e5baa1-768x768.jpg 768w\" sizes=\"(max-width: 1080px) 100vw, 1080px\" class=\"no-lazyload\" width=\"1080\" height=\"1080\"  style=\"display: inline-block;\" \/><\/div>","protected":false},"excerpt":{"rendered":"<p>La gerenta de la Copeospil de Ingeniero Luiggi Viviena Alegre, anunci\u00f3 que el aumento de la energ\u00eda el\u00e9ctrica a lo largo del<\/p>\n","protected":false},"author":4,"featured_media":301,"comment_status":"closed","ping_status":"open","sticky":false,"template":"","format":"standard","meta":{"colormag_page_layout":"default_layout","footnotes":""},"categories":[2],"tags":[],"class_list":["post-300","post","type-post","status-publish","format-standard","has-post-thumbnail","hentry","category-noticias"],"_links":{"self":[{"href":"https:\/\/oasisfm935.com.ar\/site\/wp-json\/wp\/v2\/posts\/300","targetHints":{"allow":["GET"]}}],"collection":[{"href":"https:\/\/oasisfm935.com.ar\/site\/wp-json\/wp\/v2\/posts"}],"about":[{"href":"https:\/\/oasisfm935.com.ar\/site\/wp-json\/wp\/v2\/types\/post"}],"author":[{"embeddable":true,"href":"https:\/\/oasisfm935.com.ar\/site\/wp-json\/wp\/v2\/users\/4"}],"replies":[{"embeddable":true,"href":"https:\/\/oasisfm935.com.ar\/site\/wp-json\/wp\/v2\/comments?post=300"}],"version-history":[{"count":1,"href":"https:\/\/oasisfm935.com.ar\/site\/wp-json\/wp\/v2\/posts\/300\/revisions"}],"predecessor-version":[{"id":302,"href":"https:\/\/oasisfm935.com.ar\/site\/wp-json\/wp\/v2\/posts\/300\/revisions\/302"}],"wp:featuredmedia":[{"embeddable":true,"href":"https:\/\/oasisfm935.com.ar\/site\/wp-json\/wp\/v2\/media\/301"}],"wp:attachment":[{"href":"https:\/\/oasisfm935.com.ar\/site\/wp-json\/wp\/v2\/media?parent=300"}],"wp:term":[{"taxonomy":"category","embeddable":true,"href":"https:\/\/oasisfm935.com.ar\/site\/wp-json\/wp\/v2\/categories?post=300"},{"taxonomy":"post_tag","embeddable":true,"href":"https:\/\/oasisfm935.com.ar\/site\/wp-json\/wp\/v2\/tags?post=300"}],"curies":[{"name":"wp","href":"https:\/\/api.w.org\/{rel}","templated":true}]}}