{"id":3027,"date":"2019-11-15T09:32:40","date_gmt":"2019-11-15T12:32:40","guid":{"rendered":"http:\/\/oasisfm935.com\/site\/?p=3027"},"modified":"2019-11-15T09:33:00","modified_gmt":"2019-11-15T12:33:00","slug":"ing-luiggi-esta-abierta-la-inscripcion-para-el-selectivo-pampeano-de-artistas","status":"publish","type":"post","link":"https:\/\/oasisfm935.com.ar\/site\/ing-luiggi-esta-abierta-la-inscripcion-para-el-selectivo-pampeano-de-artistas\/","title":{"rendered":"Ing. Luiggi: Est\u00e1 abierta la inscripci\u00f3n para el Selectivo Pampeano de Artistas"},"content":{"rendered":"<p>Los d\u00edas 30 de noviembre y 1\u00ba de diciembre tendr\u00e1 lugar en Ingeniero Luiggi la 39\u00ba edici\u00f3n del Selectivo Pampeano de Artistas, clasificatorio para el Pre Cosquin 2020.<\/p>\n<p><strong>El referente de Cultura de Ingeniero Luiggi Pablo Morales<\/strong>\u00a0inform\u00f3\u00a0 a\u00a0<strong>Zonal Noticias<\/strong>\u00a0que<strong>\u00a0hasta el 28 de noviembre\u00a0<\/strong>permanecer\u00e1 abierta la inscripci\u00f3n de interesados en participar del<strong>\u00a0Selectivo Pampeano de Artistas, clasificatorio para el Pre Cosquin 2020.<\/strong><\/p>\n<p>Morales coment\u00f3 que como ya es habitual se llevar\u00e1 adelante en el club Costa Brava, previo desfile por las calles de la localidad. Adem\u00e1s como todos los a\u00f1os se elegir\u00e1 a la donosa del festival.<\/p>\n<p>En tanto el viernes 29 tendr\u00e1 lugar el cierre de los Talleres Culturales, enmarcados tambi\u00e9n en esta nueva edici\u00f3n del Pre Cosquin.<\/p>\n<p>El referente del \u00e1rea de Cultura se\u00f1al\u00f3 que adem\u00e1s\u00a0<strong>\u00a0est\u00e1n invitados a participar los artesanos de la zona,<\/strong>\u00a0a la Feria Artesanal que se realiza anualmente.<\/p>\n<p><strong>Rubros del Selectivo<\/strong><\/p>\n<p><strong>En lo que son los rubros de m\u00fasica y canto<\/strong>, podr\u00e1n inscribirse en las categor\u00edas: solista vocal femenino y masculino, solista instrumental, \u00a0d\u00fao vocal, conjunto vocal, conjunto instrumental, y tema in\u00e9dito.<\/p>\n<p>En tanto en los\u00a0<strong>rubros de danza,<\/strong>\u00a0podr\u00e1n anotarse en las categor\u00edas de malambo individual, conjunto de malambo, pareja de baile tradicional,\u00a0 pareja de baile estilizada y conjunto de baile folkl\u00f3rico.<\/p>\n<p>Adem\u00e1s Pablo Morales inform\u00f3 que el jurado estar\u00e1 integrado por Nuria Lazo, Federico Iba\u00f1ez y Mariano Monta\u00f1a en danza, en tanto que\u00a0 en m\u00fasica el jurado lo integrar\u00e1n Lucrecia Rodrigo, C\u00e9sar Fern\u00e1ndez y Leticia P\u00e9rez.<\/p>\n<p><strong>Los artistas podr\u00e1n inscribirse a partir de los 16 a\u00f1os.<\/strong><\/p>\n<p>Seg\u00fan lo informado, los m\u00fasicos y bailarines podr\u00e1n realizar su inscripci\u00f3n al correo electr\u00f3nico a\u00a0<span id=\"cloakee658f146275914502a5387d7867aab9\"><a href=\"mailto:selectivoluiggi@hotmail.com\">selectivoluiggi@hotmail.com<\/a><\/span><\/p>\n<p>Fuente : zonal noticias<\/p>\n<div class=\"oasis-despues-del-contenido\" id=\"oasis-1012960080\"><img loading=\"lazy\" decoding=\"async\" src=\"https:\/\/oasisfm935.com.ar\/site\/wp-content\/uploads\/2020\/08\/47806202-8741-49f2-a5c9-d2f930e5baa1.jpg\" alt=\"\"  srcset=\"https:\/\/oasisfm935.com.ar\/site\/wp-content\/uploads\/2020\/08\/47806202-8741-49f2-a5c9-d2f930e5baa1.jpg 1080w, https:\/\/oasisfm935.com.ar\/site\/wp-content\/uploads\/2020\/08\/47806202-8741-49f2-a5c9-d2f930e5baa1-300x300.jpg 300w, https:\/\/oasisfm935.com.ar\/site\/wp-content\/uploads\/2020\/08\/47806202-8741-49f2-a5c9-d2f930e5baa1-1024x1024.jpg 1024w, https:\/\/oasisfm935.com.ar\/site\/wp-content\/uploads\/2020\/08\/47806202-8741-49f2-a5c9-d2f930e5baa1-150x150.jpg 150w, https:\/\/oasisfm935.com.ar\/site\/wp-content\/uploads\/2020\/08\/47806202-8741-49f2-a5c9-d2f930e5baa1-768x768.jpg 768w\" sizes=\"(max-width: 1080px) 100vw, 1080px\" class=\"no-lazyload\" width=\"1080\" height=\"1080\"  style=\"display: inline-block;\" \/><\/div>","protected":false},"excerpt":{"rendered":"<p>Los d\u00edas 30 de noviembre y 1\u00ba de diciembre tendr\u00e1 lugar en Ingeniero Luiggi la 39\u00ba edici\u00f3n del Selectivo Pampeano de Artistas,<\/p>\n","protected":false},"author":4,"featured_media":3028,"comment_status":"closed","ping_status":"open","sticky":false,"template":"","format":"standard","meta":{"colormag_page_layout":"default_layout","footnotes":""},"categories":[2],"tags":[],"class_list":["post-3027","post","type-post","status-publish","format-standard","has-post-thumbnail","hentry","category-noticias"],"_links":{"self":[{"href":"https:\/\/oasisfm935.com.ar\/site\/wp-json\/wp\/v2\/posts\/3027","targetHints":{"allow":["GET"]}}],"collection":[{"href":"https:\/\/oasisfm935.com.ar\/site\/wp-json\/wp\/v2\/posts"}],"about":[{"href":"https:\/\/oasisfm935.com.ar\/site\/wp-json\/wp\/v2\/types\/post"}],"author":[{"embeddable":true,"href":"https:\/\/oasisfm935.com.ar\/site\/wp-json\/wp\/v2\/users\/4"}],"replies":[{"embeddable":true,"href":"https:\/\/oasisfm935.com.ar\/site\/wp-json\/wp\/v2\/comments?post=3027"}],"version-history":[{"count":2,"href":"https:\/\/oasisfm935.com.ar\/site\/wp-json\/wp\/v2\/posts\/3027\/revisions"}],"predecessor-version":[{"id":3030,"href":"https:\/\/oasisfm935.com.ar\/site\/wp-json\/wp\/v2\/posts\/3027\/revisions\/3030"}],"wp:featuredmedia":[{"embeddable":true,"href":"https:\/\/oasisfm935.com.ar\/site\/wp-json\/wp\/v2\/media\/3028"}],"wp:attachment":[{"href":"https:\/\/oasisfm935.com.ar\/site\/wp-json\/wp\/v2\/media?parent=3027"}],"wp:term":[{"taxonomy":"category","embeddable":true,"href":"https:\/\/oasisfm935.com.ar\/site\/wp-json\/wp\/v2\/categories?post=3027"},{"taxonomy":"post_tag","embeddable":true,"href":"https:\/\/oasisfm935.com.ar\/site\/wp-json\/wp\/v2\/tags?post=3027"}],"curies":[{"name":"wp","href":"https:\/\/api.w.org\/{rel}","templated":true}]}}