{"id":303,"date":"2019-01-12T12:32:49","date_gmt":"2019-01-12T15:32:49","guid":{"rendered":"http:\/\/oasisfm935.com\/site\/?p=303"},"modified":"2019-01-12T12:32:49","modified_gmt":"2019-01-12T15:32:49","slug":"emiten-un-alerta-meteorologico-por-tormentas-fuertes","status":"publish","type":"post","link":"https:\/\/oasisfm935.com.ar\/site\/emiten-un-alerta-meteorologico-por-tormentas-fuertes\/","title":{"rendered":"Emiten un Alerta Meteorol\u00f3gico por tormentas fuertes"},"content":{"rendered":"<p>El Servicio Meteorol\u00f3gico Nacional emiti\u00f3 el alerta a las 10:00 hrs y la zona de cobertura abarca tambi\u00e9n al norte de La Pampa.<\/p>\n<p>&nbsp;<\/p>\n<p>Sobre el \u00e1rea de cobertura se espera que a partir de la tarde de hoy s\u00e1bado 12 comiencen a desarrollarse tormentas, algunas de las cuales podr\u00edan ser localmente fuertes y estar acompa\u00f1adas de intensas r\u00e1fagas, fuerte actividad el\u00e9ctrica, ocasional ca\u00edda de granizo, y de manera localizada abundante ca\u00edda de agua en cortos per\u00edodos. La intensidad de los fen\u00f3menos tender\u00e1 a disminuir durante la ma\u00f1ana del domingo 13.<\/p>\n<p>Las zonas afectadas ser\u00edan, Oeste y sur de la provincia de Buenos Aires, Sur de C\u00f3rdoba, Centro y norte de La Pampa, Este de Mendoza, Centro y sur de San Luis<\/p>\n<div class=\"oasis-despues-del-contenido\" id=\"oasis-2315873615\"><img loading=\"lazy\" decoding=\"async\" src=\"https:\/\/oasisfm935.com.ar\/site\/wp-content\/uploads\/2020\/08\/47806202-8741-49f2-a5c9-d2f930e5baa1.jpg\" alt=\"\"  srcset=\"https:\/\/oasisfm935.com.ar\/site\/wp-content\/uploads\/2020\/08\/47806202-8741-49f2-a5c9-d2f930e5baa1.jpg 1080w, https:\/\/oasisfm935.com.ar\/site\/wp-content\/uploads\/2020\/08\/47806202-8741-49f2-a5c9-d2f930e5baa1-300x300.jpg 300w, https:\/\/oasisfm935.com.ar\/site\/wp-content\/uploads\/2020\/08\/47806202-8741-49f2-a5c9-d2f930e5baa1-1024x1024.jpg 1024w, https:\/\/oasisfm935.com.ar\/site\/wp-content\/uploads\/2020\/08\/47806202-8741-49f2-a5c9-d2f930e5baa1-150x150.jpg 150w, https:\/\/oasisfm935.com.ar\/site\/wp-content\/uploads\/2020\/08\/47806202-8741-49f2-a5c9-d2f930e5baa1-768x768.jpg 768w\" sizes=\"(max-width: 1080px) 100vw, 1080px\" class=\"no-lazyload\" width=\"1080\" height=\"1080\"  style=\"display: inline-block;\" \/><\/div>","protected":false},"excerpt":{"rendered":"<p>El Servicio Meteorol\u00f3gico Nacional emiti\u00f3 el alerta a las 10:00 hrs y la zona de cobertura abarca tambi\u00e9n al norte de La<\/p>\n","protected":false},"author":4,"featured_media":304,"comment_status":"closed","ping_status":"open","sticky":false,"template":"","format":"standard","meta":{"colormag_page_layout":"default_layout","footnotes":""},"categories":[2],"tags":[],"class_list":["post-303","post","type-post","status-publish","format-standard","has-post-thumbnail","hentry","category-noticias"],"_links":{"self":[{"href":"https:\/\/oasisfm935.com.ar\/site\/wp-json\/wp\/v2\/posts\/303","targetHints":{"allow":["GET"]}}],"collection":[{"href":"https:\/\/oasisfm935.com.ar\/site\/wp-json\/wp\/v2\/posts"}],"about":[{"href":"https:\/\/oasisfm935.com.ar\/site\/wp-json\/wp\/v2\/types\/post"}],"author":[{"embeddable":true,"href":"https:\/\/oasisfm935.com.ar\/site\/wp-json\/wp\/v2\/users\/4"}],"replies":[{"embeddable":true,"href":"https:\/\/oasisfm935.com.ar\/site\/wp-json\/wp\/v2\/comments?post=303"}],"version-history":[{"count":1,"href":"https:\/\/oasisfm935.com.ar\/site\/wp-json\/wp\/v2\/posts\/303\/revisions"}],"predecessor-version":[{"id":305,"href":"https:\/\/oasisfm935.com.ar\/site\/wp-json\/wp\/v2\/posts\/303\/revisions\/305"}],"wp:featuredmedia":[{"embeddable":true,"href":"https:\/\/oasisfm935.com.ar\/site\/wp-json\/wp\/v2\/media\/304"}],"wp:attachment":[{"href":"https:\/\/oasisfm935.com.ar\/site\/wp-json\/wp\/v2\/media?parent=303"}],"wp:term":[{"taxonomy":"category","embeddable":true,"href":"https:\/\/oasisfm935.com.ar\/site\/wp-json\/wp\/v2\/categories?post=303"},{"taxonomy":"post_tag","embeddable":true,"href":"https:\/\/oasisfm935.com.ar\/site\/wp-json\/wp\/v2\/tags?post=303"}],"curies":[{"name":"wp","href":"https:\/\/api.w.org\/{rel}","templated":true}]}}