{"id":306,"date":"2019-01-13T15:17:51","date_gmt":"2019-01-13T18:17:51","guid":{"rendered":"http:\/\/oasisfm935.com\/site\/?p=306"},"modified":"2019-01-13T15:17:51","modified_gmt":"2019-01-13T18:17:51","slug":"un-menor-robo-ropa-y-zapatillas-de-marca","status":"publish","type":"post","link":"https:\/\/oasisfm935.com.ar\/site\/un-menor-robo-ropa-y-zapatillas-de-marca\/","title":{"rendered":"Un menor rob\u00f3 ropa y zapatillas de marca"},"content":{"rendered":"<div class=\"itemIntroText\">\n<p><strong>La Polic\u00eda de Ingeniero Luiggi recuper\u00f3 la indumentaria y calzado deportivo\u00a0 que un menor hab\u00eda robado de una vivienda del medio.<\/strong><\/p>\n<\/div>\n<div class=\"itemFullText\">\n<blockquote><p><strong>Zonal Noticias<\/strong>\u00a0confirm\u00f3 el hecho en di\u00e1logo con el\u00a0<strong>comisario Leandro Ernst,<\/strong>\u00a0quien manifest\u00f3 que \u201c<strong>el hurto se produjo entre las 22 horas del d\u00eda 9 y la 1 del 10 de enero, en una vivienda ubicada sobre avenida Alsina al 665 de este medio\u00bb.<\/strong><\/p>\n<p><a href=\"http:\/\/oasisfm935.com\/site\/wp-content\/uploads\/2019\/01\/1c7979341f4607afab5217f044e666ad_L.jpg\"><img loading=\"lazy\" decoding=\"async\" class=\"alignnone size-medium wp-image-307\" src=\"http:\/\/oasisfm935.com\/site\/wp-content\/uploads\/2019\/01\/1c7979341f4607afab5217f044e666ad_L-300x169.jpg\" alt=\"\" width=\"300\" height=\"169\" srcset=\"https:\/\/oasisfm935.com.ar\/site\/wp-content\/uploads\/2019\/01\/1c7979341f4607afab5217f044e666ad_L-300x169.jpg 300w, https:\/\/oasisfm935.com.ar\/site\/wp-content\/uploads\/2019\/01\/1c7979341f4607afab5217f044e666ad_L-768x432.jpg 768w, https:\/\/oasisfm935.com.ar\/site\/wp-content\/uploads\/2019\/01\/1c7979341f4607afab5217f044e666ad_L-678x381.jpg 678w, https:\/\/oasisfm935.com.ar\/site\/wp-content\/uploads\/2019\/01\/1c7979341f4607afab5217f044e666ad_L.jpg 845w\" sizes=\"auto, (max-width: 300px) 100vw, 300px\" \/><\/a><\/p>\n<p><strong>All\u00ed su propietario not\u00f3 el faltante de remeras, un pantal\u00f3n corto, un par zapatillas New\u00a0 Balance y tres pares zapatillas Nike,<\/strong>\u00a0al tiempo que constat\u00f3 que\u00a0<strong>\u00abno se produjeron roturas del interior de su lavadero\u201d.<\/strong><\/p><\/blockquote>\n<p>Posteriormente a las 23 horas aproximadamente del d\u00eda de ayer, el propio damnificado observ\u00f3 cerca de su domicilio a un joven que llevaba puesto un par de las\u00a0 zapatillas que le hab\u00edan\u00a0 sustra\u00eddo de su vivienda, por lo que lo intercept\u00f3 y da aviso a la Polic\u00eda.<\/p>\n<p><strong>El personal\u00a0 traslad\u00f3 el joven\u00a0 a la dependencia policial y se convoc\u00f3 a su progenitor, a quien se le hizo entrega del<\/strong>\u00a0<strong>menor de 15 a\u00f1os,<\/strong>\u00a0dijo Ernst.<\/p>\n<blockquote><p>\u201cEste joven reconoci\u00f3 la autor\u00eda del hecho e hizo entrega de dos remeras, dos pantalones cortos, ropa interior masculina, y los pares pares de zapatillas\u201d, sostuvo el comisario.<\/p><\/blockquote>\n<p><strong>El damnificado es un joven de apellido Malmoris de esta localidad, quien recuper\u00f3 la totalidad de los elementos robados.<\/strong><\/p>\n<blockquote><p>Intervino en este caso la Fiscal\u00eda de Delitos contra la Propiedad de General Pico, y trabaj\u00f3 en el esclarecimiento del hecho personal policial de la Departamental de Ingeniero Luiggi bajo las \u00f3rdenes del comisario Leandro Ernst.<\/p><\/blockquote>\n<\/div>\n<p>Fuente: Zonal Noticias<\/p>\n<div class=\"oasis-despues-del-contenido\" id=\"oasis-2414314059\"><img loading=\"lazy\" decoding=\"async\" src=\"https:\/\/oasisfm935.com.ar\/site\/wp-content\/uploads\/2020\/08\/47806202-8741-49f2-a5c9-d2f930e5baa1.jpg\" alt=\"\"  srcset=\"https:\/\/oasisfm935.com.ar\/site\/wp-content\/uploads\/2020\/08\/47806202-8741-49f2-a5c9-d2f930e5baa1.jpg 1080w, https:\/\/oasisfm935.com.ar\/site\/wp-content\/uploads\/2020\/08\/47806202-8741-49f2-a5c9-d2f930e5baa1-300x300.jpg 300w, https:\/\/oasisfm935.com.ar\/site\/wp-content\/uploads\/2020\/08\/47806202-8741-49f2-a5c9-d2f930e5baa1-1024x1024.jpg 1024w, https:\/\/oasisfm935.com.ar\/site\/wp-content\/uploads\/2020\/08\/47806202-8741-49f2-a5c9-d2f930e5baa1-150x150.jpg 150w, https:\/\/oasisfm935.com.ar\/site\/wp-content\/uploads\/2020\/08\/47806202-8741-49f2-a5c9-d2f930e5baa1-768x768.jpg 768w\" sizes=\"(max-width: 1080px) 100vw, 1080px\" class=\"no-lazyload\" width=\"1080\" height=\"1080\"  style=\"display: inline-block;\" \/><\/div>","protected":false},"excerpt":{"rendered":"<p>La Polic\u00eda de Ingeniero Luiggi recuper\u00f3 la indumentaria y calzado deportivo\u00a0 que un menor hab\u00eda robado de una vivienda del medio. Zonal<\/p>\n","protected":false},"author":4,"featured_media":308,"comment_status":"closed","ping_status":"open","sticky":false,"template":"","format":"standard","meta":{"colormag_page_layout":"default_layout","footnotes":""},"categories":[2],"tags":[],"class_list":["post-306","post","type-post","status-publish","format-standard","has-post-thumbnail","hentry","category-noticias"],"_links":{"self":[{"href":"https:\/\/oasisfm935.com.ar\/site\/wp-json\/wp\/v2\/posts\/306","targetHints":{"allow":["GET"]}}],"collection":[{"href":"https:\/\/oasisfm935.com.ar\/site\/wp-json\/wp\/v2\/posts"}],"about":[{"href":"https:\/\/oasisfm935.com.ar\/site\/wp-json\/wp\/v2\/types\/post"}],"author":[{"embeddable":true,"href":"https:\/\/oasisfm935.com.ar\/site\/wp-json\/wp\/v2\/users\/4"}],"replies":[{"embeddable":true,"href":"https:\/\/oasisfm935.com.ar\/site\/wp-json\/wp\/v2\/comments?post=306"}],"version-history":[{"count":1,"href":"https:\/\/oasisfm935.com.ar\/site\/wp-json\/wp\/v2\/posts\/306\/revisions"}],"predecessor-version":[{"id":309,"href":"https:\/\/oasisfm935.com.ar\/site\/wp-json\/wp\/v2\/posts\/306\/revisions\/309"}],"wp:featuredmedia":[{"embeddable":true,"href":"https:\/\/oasisfm935.com.ar\/site\/wp-json\/wp\/v2\/media\/308"}],"wp:attachment":[{"href":"https:\/\/oasisfm935.com.ar\/site\/wp-json\/wp\/v2\/media?parent=306"}],"wp:term":[{"taxonomy":"category","embeddable":true,"href":"https:\/\/oasisfm935.com.ar\/site\/wp-json\/wp\/v2\/categories?post=306"},{"taxonomy":"post_tag","embeddable":true,"href":"https:\/\/oasisfm935.com.ar\/site\/wp-json\/wp\/v2\/tags?post=306"}],"curies":[{"name":"wp","href":"https:\/\/api.w.org\/{rel}","templated":true}]}}