{"id":3069,"date":"2019-11-18T20:55:54","date_gmt":"2019-11-18T23:55:54","guid":{"rendered":"http:\/\/oasisfm935.com\/site\/?p=3069"},"modified":"2019-11-18T20:55:54","modified_gmt":"2019-11-18T23:55:54","slug":"colision-en-ing-luiggi","status":"publish","type":"post","link":"https:\/\/oasisfm935.com.ar\/site\/colision-en-ing-luiggi\/","title":{"rendered":"Colisi\u00f3n en Ing. Luiggi"},"content":{"rendered":"<p>El choque se produjo este mediod\u00eda en la esquina del Parque Punta de Rieles.<\/p>\n<p>Los protagonistas del choque fueron un Volkwagen Gold Trent color rojo conducido por un hombre mayor y una Ford F100 color blanca, tambi\u00e9n conducida por un hombre mayor.<\/p>\n<p>La camioneta circulaba de sur a norte y aparentemente fue impactada en el lateral izquierdo por el autom\u00f3vil que circulaba de este a oeste en la intersecci\u00f3n de calles 25 de Mayo y Mitre por razones que se investigan.<\/p>\n<p>Afortunadamente solo hubo que lamentar da\u00f1os materiales en el Gold Trente en su parte frontal, pero ninguno de ellos conductores sufri\u00f3 lesi\u00f3n alguna.<\/p>\n<p>En el lugar trabaj\u00f3 personal policial para realizar las pericias correspondientes y personal de bomberos voluntarios por prevenci\u00f3n.<\/p>\n<p><img decoding=\"async\" src=\"https:\/\/scontent.frsa4-1.fna.fbcdn.net\/v\/t1.15752-9\/78407243_569452773812608_8903279828069777408_n.jpg?_nc_cat=101&amp;_nc_oc=AQl6CNmBK395zNctniZET_RaWjZbiT4OG4n8W9wGujuKbl6nW4JKskwXy-wjZBpOVhg&amp;_nc_ht=scontent.frsa4-1.fna&amp;oh=1893cdb223b7e1829cc98e76e6ebe50a&amp;oe=5E557438\" \/><\/p>\n<p><img decoding=\"async\" src=\"https:\/\/scontent.frsa4-1.fna.fbcdn.net\/v\/t1.15752-9\/76756817_466460850652981_1044395819999952896_n.jpg?_nc_cat=110&amp;_nc_oc=AQlTj2542_S0BWoYv9dQ8yvO3KOyVfvWHyp4z2HdrO6KcUi_skDDNpgujqu3zXaYwjg&amp;_nc_ht=scontent.frsa4-1.fna&amp;oh=d6129496ffa6f30f904be0d958fde074&amp;oe=5E859F43\" \/><\/p>\n<p><img decoding=\"async\" src=\"https:\/\/scontent.frsa4-1.fna.fbcdn.net\/v\/t1.15752-9\/77428051_471664173478667_597925989531516928_n.jpg?_nc_cat=103&amp;_nc_oc=AQld_6JOgM78hU5Qu1RZzRM3cRNiImexxUZHKAJRq3WINfBK7nzWlIZYsHlbuM3snxs&amp;_nc_ht=scontent.frsa4-1.fna&amp;oh=602ebf4963d3d00a4c87561d8b742b30&amp;oe=5E542184\" \/><\/p>\n<p>https:\/\/www.zonalnoticias.com\/<\/p>\n<p>&nbsp;<\/p>\n<p>&nbsp;<\/p>\n<div class=\"oasis-despues-del-contenido\" id=\"oasis-4257224770\"><img loading=\"lazy\" decoding=\"async\" src=\"https:\/\/oasisfm935.com.ar\/site\/wp-content\/uploads\/2020\/08\/47806202-8741-49f2-a5c9-d2f930e5baa1.jpg\" alt=\"\"  srcset=\"https:\/\/oasisfm935.com.ar\/site\/wp-content\/uploads\/2020\/08\/47806202-8741-49f2-a5c9-d2f930e5baa1.jpg 1080w, https:\/\/oasisfm935.com.ar\/site\/wp-content\/uploads\/2020\/08\/47806202-8741-49f2-a5c9-d2f930e5baa1-300x300.jpg 300w, https:\/\/oasisfm935.com.ar\/site\/wp-content\/uploads\/2020\/08\/47806202-8741-49f2-a5c9-d2f930e5baa1-1024x1024.jpg 1024w, https:\/\/oasisfm935.com.ar\/site\/wp-content\/uploads\/2020\/08\/47806202-8741-49f2-a5c9-d2f930e5baa1-150x150.jpg 150w, https:\/\/oasisfm935.com.ar\/site\/wp-content\/uploads\/2020\/08\/47806202-8741-49f2-a5c9-d2f930e5baa1-768x768.jpg 768w\" sizes=\"(max-width: 1080px) 100vw, 1080px\" class=\"no-lazyload\" width=\"1080\" height=\"1080\"  style=\"display: inline-block;\" \/><\/div>","protected":false},"excerpt":{"rendered":"<p>El choque se produjo este mediod\u00eda en la esquina del Parque Punta de Rieles. Los protagonistas del choque fueron un Volkwagen Gold<\/p>\n","protected":false},"author":4,"featured_media":3070,"comment_status":"closed","ping_status":"open","sticky":false,"template":"","format":"standard","meta":{"colormag_page_layout":"default_layout","footnotes":""},"categories":[2],"tags":[],"class_list":["post-3069","post","type-post","status-publish","format-standard","has-post-thumbnail","hentry","category-noticias"],"_links":{"self":[{"href":"https:\/\/oasisfm935.com.ar\/site\/wp-json\/wp\/v2\/posts\/3069","targetHints":{"allow":["GET"]}}],"collection":[{"href":"https:\/\/oasisfm935.com.ar\/site\/wp-json\/wp\/v2\/posts"}],"about":[{"href":"https:\/\/oasisfm935.com.ar\/site\/wp-json\/wp\/v2\/types\/post"}],"author":[{"embeddable":true,"href":"https:\/\/oasisfm935.com.ar\/site\/wp-json\/wp\/v2\/users\/4"}],"replies":[{"embeddable":true,"href":"https:\/\/oasisfm935.com.ar\/site\/wp-json\/wp\/v2\/comments?post=3069"}],"version-history":[{"count":1,"href":"https:\/\/oasisfm935.com.ar\/site\/wp-json\/wp\/v2\/posts\/3069\/revisions"}],"predecessor-version":[{"id":3071,"href":"https:\/\/oasisfm935.com.ar\/site\/wp-json\/wp\/v2\/posts\/3069\/revisions\/3071"}],"wp:featuredmedia":[{"embeddable":true,"href":"https:\/\/oasisfm935.com.ar\/site\/wp-json\/wp\/v2\/media\/3070"}],"wp:attachment":[{"href":"https:\/\/oasisfm935.com.ar\/site\/wp-json\/wp\/v2\/media?parent=3069"}],"wp:term":[{"taxonomy":"category","embeddable":true,"href":"https:\/\/oasisfm935.com.ar\/site\/wp-json\/wp\/v2\/categories?post=3069"},{"taxonomy":"post_tag","embeddable":true,"href":"https:\/\/oasisfm935.com.ar\/site\/wp-json\/wp\/v2\/tags?post=3069"}],"curies":[{"name":"wp","href":"https:\/\/api.w.org\/{rel}","templated":true}]}}