{"id":3074,"date":"2019-11-19T12:23:45","date_gmt":"2019-11-19T15:23:45","guid":{"rendered":"http:\/\/oasisfm935.com\/site\/?p=3074"},"modified":"2019-11-19T12:24:41","modified_gmt":"2019-11-19T15:24:41","slug":"ingeniero-luiggi-oscar-zanoli-dijo-que-entregara-un-municipio-ordenado-se-haran-obras-hasta-el-ultimo-dia-de-gestion","status":"publish","type":"post","link":"https:\/\/oasisfm935.com.ar\/site\/ingeniero-luiggi-oscar-zanoli-dijo-que-entregara-un-municipio-ordenado-se-haran-obras-hasta-el-ultimo-dia-de-gestion\/","title":{"rendered":"Ingeniero Luiggi: Oscar Zanoli dijo que entregar\u00e1 un municipio ordenado; \u00abse har\u00e1n obras hasta el \u00faltimo d\u00eda de gesti\u00f3n\u00bb"},"content":{"rendered":"<p>NGENIERO LUIGGI: ZANOLI DIJO QUE ENTREGARA UN MUNICIPIO ORDENADO<\/p>\n<p>El intendente de Ingeniero Luiggi, Oscar Zanoli, firm\u00f3 un convenio con el titular de la Administraci\u00f3n Provincial de Agua (APA), Julio Rojo, para acceder a financiamiento de programas provinciales para continuar con los trabajos de limpieza y mantenimiento de canales pluviales en la localidad norte\u00f1a.<\/p>\n<p>\u00abPese a la situaci\u00f3n clim\u00e1tica adversa nunca paramos de trabajar en los canales de desag\u00fces, donde seguimos construyendo y limpiando con el aporte de APA y la Direcci\u00f3n Provincial de Vialidad (DPV), y esta obra permitir\u00e1 hacer una limpieza y readecuaci\u00f3n en los desag\u00fces pluviales principales de la zona sur\u00bb, explic\u00f3 Zanoli en una comunicaci\u00f3n telef\u00f3nica con Radio DON.<br \/>\nEl jefe comunal norte\u00f1o explic\u00f3 que ahora se mejorar\u00e1n obras que se hicieron para atender \u00abcon rapidez\u00bb las inundaciones oto\u00f1ales en el a\u00f1o 2017. \u00abEs un canal que se hizo inicialmente en una calle para atender la crisis h\u00eddrica de 2017. Ahora se est\u00e1 readecuando en una propiedad privada, con cuyos propietarios firmamos un convenio donde nos cedi\u00f3 20 metros y as\u00ed podremos reutilizar esa calle\u00bb, detall\u00f3 Zanoli.<br \/>\nY continu\u00f3 explicando que el agua \u00abva hacia esos bajos naturales. Ah\u00ed tenemos que colocar los tubos, hacer los talud para que no se derrumbe la tierra y queden con tapones que impidan el escurrimiento de las aguas\u00bb, dijo.<br \/>\n\u00abEl objetivo es tratar de dejar estos problemas solucionados antes que asuma Patricia (Lavin), m\u00e1s all\u00e1 que todas las medidas que tomamos las consultamos con la intendenta electa, pero tenemos que tomar decisiones para encontrar soluciones hasta el 10 de diciembre, porque con Patricia tenemos una excelente relaci\u00f3n y llevamos adelante la transici\u00f3n de manera muy coordinada\u00bb, destac\u00f3.<\/p>\n<p>Municipio ordenado.<br \/>\nEn el \u00faltimo tramo de la gesti\u00f3n municipal, Zanoli asegur\u00f3 que dejar\u00e1 \u00abun municipio ordenado en los n\u00fameros\u00bb. Y destac\u00f3 la transici\u00f3n gubernamental, porque actualmente \u00abhay decisiones del funcionamiento futuro que ya est\u00e1 tomando Patricia (Lavin) porque est\u00e1 decidiendo c\u00f3mo y d\u00f3nde quiere que funcionen los integrantes de su equipo de gobierno\u00bb.<br \/>\n\u00abTenemos que pagar los sueldos de noviembre y le dejaremos algo porque sabemos que diciembre es complicado porque hay que pagar sueldo y aguinaldos\u00bb, anticip\u00f3 Zanoli.<br \/>\nEl entrevistado destac\u00f3 que la actual subsecretaria de Descentralizaci\u00f3n Territorial del Ministerio de Desarrollo Social, conoce \u00abel municipio tanto como yo, porque viene trabajando desde 1996 con nosotros y fue parte de todo lo que se hizo en estas gestiones\u00bb.<br \/>\n\u00abLa gente nos acompa\u00f1\u00f3 mucho, porque hemos ganado elecciones con el 70 por ciento de los votos, pero siempre trabajamos con todos los sectores y en todo lo que hicimos todos pusieron un granito de arena\u00bb, destac\u00f3 -en modo despedida- Zanoli. \u00abSomos empleados con alguna responsabilidad mayor, pero tenemos que hacer las cosas de la mejor manera posible en beneficio de todo el pueblo\u00bb, concluy\u00f3.<\/p>\n<p>\u00abNo acept\u00e9 la presidencia del bloque\u00bb<br \/>\nZanoli reconoci\u00f3 que le ofrecieron la presidencia del bloque de diputados provinciales del PJ, pero no la acept\u00f3. \u00abEstoy dentro del espacio del gobernador (Carlos Verna), me lo propusieron, pero considero que puedo ser \u00fatil desde otro espacio\u00bb, asegur\u00f3 el mandatario. Y anticip\u00f3: \u00abLa persona que pongamos ser\u00e1 de confianza de todos los diputados, de confianza del gobernador, y lo m\u00e1s importante es que est\u00e9 a la altura para llevar adelante la presidencia de bloque con todos los sectores adentro, donde haya canales de di\u00e1logo y pol\u00edticas para beneficiar a los pampeanos\u00bb.<br \/>\nAsimismo minimiz\u00f3 la importancia e impacto que puede generar la designaci\u00f3n del presidente de bloque del PJ, donde el actual ministro de Seguridad, Julio Gonz\u00e1lez, ser\u00eda el elegido para ocupar el cargo que actualmente desempe\u00f1a Espartaco Mar\u00edn. \u00abNosotros armamos un frente electoral y tenemos que funcionar como tal. Hay que entender que debemos solucionar el problema de la gente y no estar en estas mezquindades de quien presidir\u00e1 una comisi\u00f3n o un bloque legislativo\u00bb, dijo.<br \/>\n\u00abEstamos manteniendo reuniones con los distintos sectores y todos entienden que debemos trabajar en conjunto, porque esto no debe ser una alianza electoral, sino que debe ser un frente electoral sin mezquindades porque debemos dar se\u00f1ales claras y de responsabilidad pensando en los intereses de la gente\u00bb, concluy\u00f3.<\/p>\n<p>&nbsp;<\/p>\n<p>Diario La Arena<\/p>\n<div class=\"oasis-despues-del-contenido\" id=\"oasis-4277511768\"><img loading=\"lazy\" decoding=\"async\" src=\"https:\/\/oasisfm935.com.ar\/site\/wp-content\/uploads\/2020\/08\/47806202-8741-49f2-a5c9-d2f930e5baa1.jpg\" alt=\"\"  srcset=\"https:\/\/oasisfm935.com.ar\/site\/wp-content\/uploads\/2020\/08\/47806202-8741-49f2-a5c9-d2f930e5baa1.jpg 1080w, https:\/\/oasisfm935.com.ar\/site\/wp-content\/uploads\/2020\/08\/47806202-8741-49f2-a5c9-d2f930e5baa1-300x300.jpg 300w, https:\/\/oasisfm935.com.ar\/site\/wp-content\/uploads\/2020\/08\/47806202-8741-49f2-a5c9-d2f930e5baa1-1024x1024.jpg 1024w, https:\/\/oasisfm935.com.ar\/site\/wp-content\/uploads\/2020\/08\/47806202-8741-49f2-a5c9-d2f930e5baa1-150x150.jpg 150w, https:\/\/oasisfm935.com.ar\/site\/wp-content\/uploads\/2020\/08\/47806202-8741-49f2-a5c9-d2f930e5baa1-768x768.jpg 768w\" sizes=\"(max-width: 1080px) 100vw, 1080px\" class=\"no-lazyload\" width=\"1080\" height=\"1080\"  style=\"display: inline-block;\" \/><\/div>","protected":false},"excerpt":{"rendered":"<p>NGENIERO LUIGGI: ZANOLI DIJO QUE ENTREGARA UN MUNICIPIO ORDENADO El intendente de Ingeniero Luiggi, Oscar Zanoli, firm\u00f3 un convenio con el titular<\/p>\n","protected":false},"author":4,"featured_media":3075,"comment_status":"closed","ping_status":"open","sticky":false,"template":"","format":"standard","meta":{"colormag_page_layout":"default_layout","footnotes":""},"categories":[2],"tags":[],"class_list":["post-3074","post","type-post","status-publish","format-standard","has-post-thumbnail","hentry","category-noticias"],"_links":{"self":[{"href":"https:\/\/oasisfm935.com.ar\/site\/wp-json\/wp\/v2\/posts\/3074","targetHints":{"allow":["GET"]}}],"collection":[{"href":"https:\/\/oasisfm935.com.ar\/site\/wp-json\/wp\/v2\/posts"}],"about":[{"href":"https:\/\/oasisfm935.com.ar\/site\/wp-json\/wp\/v2\/types\/post"}],"author":[{"embeddable":true,"href":"https:\/\/oasisfm935.com.ar\/site\/wp-json\/wp\/v2\/users\/4"}],"replies":[{"embeddable":true,"href":"https:\/\/oasisfm935.com.ar\/site\/wp-json\/wp\/v2\/comments?post=3074"}],"version-history":[{"count":1,"href":"https:\/\/oasisfm935.com.ar\/site\/wp-json\/wp\/v2\/posts\/3074\/revisions"}],"predecessor-version":[{"id":3076,"href":"https:\/\/oasisfm935.com.ar\/site\/wp-json\/wp\/v2\/posts\/3074\/revisions\/3076"}],"wp:featuredmedia":[{"embeddable":true,"href":"https:\/\/oasisfm935.com.ar\/site\/wp-json\/wp\/v2\/media\/3075"}],"wp:attachment":[{"href":"https:\/\/oasisfm935.com.ar\/site\/wp-json\/wp\/v2\/media?parent=3074"}],"wp:term":[{"taxonomy":"category","embeddable":true,"href":"https:\/\/oasisfm935.com.ar\/site\/wp-json\/wp\/v2\/categories?post=3074"},{"taxonomy":"post_tag","embeddable":true,"href":"https:\/\/oasisfm935.com.ar\/site\/wp-json\/wp\/v2\/tags?post=3074"}],"curies":[{"name":"wp","href":"https:\/\/api.w.org\/{rel}","templated":true}]}}