{"id":310,"date":"2019-01-15T09:18:07","date_gmt":"2019-01-15T12:18:07","guid":{"rendered":"http:\/\/oasisfm935.com\/site\/?p=310"},"modified":"2019-01-15T09:18:07","modified_gmt":"2019-01-15T12:18:07","slug":"monge-estamos-ultimando-los-detalles-para-vivir-otra-gran-edicion-de-la-fiesta-del-caballo-y-la-tradicion","status":"publish","type":"post","link":"https:\/\/oasisfm935.com.ar\/site\/monge-estamos-ultimando-los-detalles-para-vivir-otra-gran-edicion-de-la-fiesta-del-caballo-y-la-tradicion\/","title":{"rendered":"Monge: \u201cEstamos ultimando los detalles para vivir otra gran edici\u00f3n de la Fiesta del Caballo y la Tradici\u00f3n\u201d"},"content":{"rendered":"<div class=\"itemIntroText\">\n<p>Desde el predio del club Costa Brava,\u00a0<strong>el presidente del club Roberto Monge<\/strong>\u00a0dialog\u00f3 con\u00a0<strong>Zonal Noticias<\/strong>\u00a0y destac\u00f3 \u201c<strong>estamos ultimando detalles, para vivir una gran edici\u00f3n de la Fiesta Nacional del Caballo y la Tradici\u00f3n\u201d.<\/strong><\/p>\n<\/div>\n<div class=\"itemFullText\">\n<blockquote><p>\u201cRealmente falta muy poco, estamos realizando algunos retoques en el predio, pintando el frente de la instituci\u00f3n, acomodando el campo de doma, los corrales de los caballos y el sector para los pilcheros\u201d, coment\u00f3.<\/p>\n<p><a href=\"http:\/\/oasisfm935.com\/site\/wp-content\/uploads\/2019\/01\/fiesta-del-caballo-ban.jpg\"><img loading=\"lazy\" decoding=\"async\" class=\"alignnone size-medium wp-image-287\" src=\"http:\/\/oasisfm935.com\/site\/wp-content\/uploads\/2019\/01\/fiesta-del-caballo-ban-300x140.jpg\" alt=\"\" width=\"300\" height=\"140\" \/><\/a><\/p><\/blockquote>\n<\/div>\n<p>&nbsp;<\/p>\n<p>Monge expres\u00f3:\u00a0<strong>\u201chemos realizado algunas reformas, mejoramos la iluminaci\u00f3n en el sector donde est\u00e1n los pilcheros, adem\u00e1s modificamos el sector donde estar\u00e1n ubicados los ba\u00f1os qu\u00edmicos\u201d.<\/strong><\/p>\n<p>El presidente de la entidad costera manifest\u00f3: \u201cesperamos que el tiempo nos acompa\u00f1e y podamos disfrutar otra gran edici\u00f3n, la n\u00famero 47 de la Fiesta del Caballo y la Tradici\u00f3n\u201d.<\/p>\n<hr \/>\n<p><strong>\u201cLa Konga\u201d<\/strong><\/p>\n<blockquote><p>Al ser consultado por la<strong>\u00a0Noche de los J\u00f3venes<\/strong>\u00a0 el viernes 18, donde el cierre estar\u00e1 a cargo de\u00a0<strong>La Konga<\/strong>, destac\u00f3 \u201clas primeras 500 entradas anticipadas a 200 pesos ya se agotaron, ahora se est\u00e1n vendiendo a 250 pesos y eso es un gran aliciente\u201d.<\/p><\/blockquote>\n<p><strong>\u201cAdem\u00e1s tenemos muchos llamados y una importante reserva de lugares de artesanos de distintos puntos del pa\u00eds, nos ha llamado gente de Santiago del Estero, de Buenos aires y del sur del pa\u00eds, asique son muchos los que est\u00e1n al tanto de nuestra fiesta en distintas provincias\u201d<\/strong>, expres\u00f3 Monge.<\/p>\n<p>\u201cHoy ya hay pilcheros que est\u00e1n pidiendo su lugar y seguramente armar\u00e1n todos los stands antes del jueves\u201d, coment\u00f3.<\/p>\n<hr \/>\n<p><strong>Programa<\/strong><\/p>\n<blockquote><p>Monge adelant\u00f3 que el jueves ser\u00e1 la pe\u00f1a gratuita con artistas locales, y el viernes en La Noche de los J\u00f3venes se presentar\u00e1 la Agrupaci\u00f3n Antay, Guadalupe Vidoret, C\u00e9sar Gonz\u00e1lez, Laura Chinelio, Pablo Cabrera, Laura G\u00f3mez Weis, Luciano Audisio y el gran cierre ser\u00e1 con la agrupaci\u00f3n ocrdobesa \u201cLa Konga\u201d.<\/p><\/blockquote>\n<p>\u201cQueremos dejar listo todo el predio, antes del d\u00eda jueves que comienza la pe\u00f1a gratuita con la organizaci\u00f3n de C\u00e9sar Gonz\u00e1lez\u201d, manifest\u00f3.<\/p>\n<hr \/>\n<p><strong>Controles<\/strong><\/p>\n<p>Monge dej\u00f3 en claro que la \u00a0<strong>gente de Seguridad controlar\u00e1 las conservadoras para evitar que ingresen con alcohol.\u201d<\/strong>Al menos queremos hacer un control en la puerta de entrada.<\/p>\n<p><strong>\u201cNo se cobrar\u00e1 la conservadora, s\u00f3lo en el sector de las sillas, donde se \u00a0cobrar\u00e1 el valor de una ubicaci\u00f3n\u201d,<\/strong>\u00a0destac\u00f3.<\/p>\n<hr \/>\n<p><strong>Jineteada<\/strong><\/p>\n<blockquote><p>El presidente del club aclar\u00f3 que este a\u00f1o el club hizo mucho hincapi\u00e9 en mejorar la jineteada, por lo cual\u00a0<strong>\u201ccon quien organiza l aparte de jineteada Daniel Piris apostamos a jinetes de primera l\u00ednea y las mejores tropillas\u201d.<\/strong><\/p>\n<p><strong>En la tarde del s\u00e1bado tras el desfile inaugural, habr\u00e1 una rueda de bastos, de clinas, una rueda de petisos, y el gran broche de oro en bastos y encimera con jinetes y caballos elegidos.<\/strong><\/p><\/blockquote>\n<p>Alrededor de la medianoche en el escenario Hern\u00e1n Figueroa Reyes se presentar\u00e1n\u00a0<strong>Los Pampitas, D\u00fao Herederos, el show del Negro Ferreyra, y Los Diableros de Oran.<\/strong><\/p>\n<p><strong>Tras el show musical, actuar\u00e1 la Banda Manantial para bailar hasya el amanecer.<\/strong><\/p>\n<blockquote><p>El domingo se presentar\u00e1 la agrupaci\u00f3n Pampa M\u00eda en el campo de jineteada, luego tendr\u00e1 lugar la jineteada con rueda de bastos, rueda de clinas, el broche de oro en petisos y la gran final en bastos.<\/p>\n<p><strong>\u00a0Tras la elecci\u00f3n de la reina del Caballo y la Tradici\u00f3n 2019, en el escenario mayor se presentar\u00e1 el ballet Newen Map\u00fa, Los Caldenes, Los Parranderos del R\u00edo V y el cierre ser\u00e1 con Los Guaran\u00edes.<\/strong><\/p>\n<p>Producci\u00f3n de Fm oasis y Zonal Noticias<\/p><\/blockquote>\n<div class=\"oasis-despues-del-contenido\" id=\"oasis-908252054\"><img loading=\"lazy\" decoding=\"async\" src=\"https:\/\/oasisfm935.com.ar\/site\/wp-content\/uploads\/2020\/08\/47806202-8741-49f2-a5c9-d2f930e5baa1.jpg\" alt=\"\"  srcset=\"https:\/\/oasisfm935.com.ar\/site\/wp-content\/uploads\/2020\/08\/47806202-8741-49f2-a5c9-d2f930e5baa1.jpg 1080w, https:\/\/oasisfm935.com.ar\/site\/wp-content\/uploads\/2020\/08\/47806202-8741-49f2-a5c9-d2f930e5baa1-300x300.jpg 300w, https:\/\/oasisfm935.com.ar\/site\/wp-content\/uploads\/2020\/08\/47806202-8741-49f2-a5c9-d2f930e5baa1-1024x1024.jpg 1024w, https:\/\/oasisfm935.com.ar\/site\/wp-content\/uploads\/2020\/08\/47806202-8741-49f2-a5c9-d2f930e5baa1-150x150.jpg 150w, https:\/\/oasisfm935.com.ar\/site\/wp-content\/uploads\/2020\/08\/47806202-8741-49f2-a5c9-d2f930e5baa1-768x768.jpg 768w\" sizes=\"(max-width: 1080px) 100vw, 1080px\" class=\"no-lazyload\" width=\"1080\" height=\"1080\"  style=\"display: inline-block;\" \/><\/div>","protected":false},"excerpt":{"rendered":"<p>Desde el predio del club Costa Brava,\u00a0el presidente del club Roberto Monge\u00a0dialog\u00f3 con\u00a0Zonal Noticias\u00a0y destac\u00f3 \u201cestamos ultimando detalles, para vivir una gran<\/p>\n","protected":false},"author":4,"featured_media":311,"comment_status":"closed","ping_status":"open","sticky":false,"template":"","format":"standard","meta":{"colormag_page_layout":"default_layout","footnotes":""},"categories":[2],"tags":[],"class_list":["post-310","post","type-post","status-publish","format-standard","has-post-thumbnail","hentry","category-noticias"],"_links":{"self":[{"href":"https:\/\/oasisfm935.com.ar\/site\/wp-json\/wp\/v2\/posts\/310","targetHints":{"allow":["GET"]}}],"collection":[{"href":"https:\/\/oasisfm935.com.ar\/site\/wp-json\/wp\/v2\/posts"}],"about":[{"href":"https:\/\/oasisfm935.com.ar\/site\/wp-json\/wp\/v2\/types\/post"}],"author":[{"embeddable":true,"href":"https:\/\/oasisfm935.com.ar\/site\/wp-json\/wp\/v2\/users\/4"}],"replies":[{"embeddable":true,"href":"https:\/\/oasisfm935.com.ar\/site\/wp-json\/wp\/v2\/comments?post=310"}],"version-history":[{"count":1,"href":"https:\/\/oasisfm935.com.ar\/site\/wp-json\/wp\/v2\/posts\/310\/revisions"}],"predecessor-version":[{"id":312,"href":"https:\/\/oasisfm935.com.ar\/site\/wp-json\/wp\/v2\/posts\/310\/revisions\/312"}],"wp:featuredmedia":[{"embeddable":true,"href":"https:\/\/oasisfm935.com.ar\/site\/wp-json\/wp\/v2\/media\/311"}],"wp:attachment":[{"href":"https:\/\/oasisfm935.com.ar\/site\/wp-json\/wp\/v2\/media?parent=310"}],"wp:term":[{"taxonomy":"category","embeddable":true,"href":"https:\/\/oasisfm935.com.ar\/site\/wp-json\/wp\/v2\/categories?post=310"},{"taxonomy":"post_tag","embeddable":true,"href":"https:\/\/oasisfm935.com.ar\/site\/wp-json\/wp\/v2\/tags?post=310"}],"curies":[{"name":"wp","href":"https:\/\/api.w.org\/{rel}","templated":true}]}}