{"id":3100,"date":"2019-11-22T12:33:02","date_gmt":"2019-11-22T15:33:02","guid":{"rendered":"http:\/\/oasisfm935.com\/site\/?p=3100"},"modified":"2019-11-22T13:04:48","modified_gmt":"2019-11-22T16:04:48","slug":"las-autoridades-electas-de-ingeniero-luiggi-recibieron-sus-diplomas-en-realico","status":"publish","type":"post","link":"https:\/\/oasisfm935.com.ar\/site\/las-autoridades-electas-de-ingeniero-luiggi-recibieron-sus-diplomas-en-realico\/","title":{"rendered":"LAS AUTORIDADES ELECTAS DE INGENIERO LUIGGI RECIBIERON SUS DIPLOMAS EN REALIC\u00d3"},"content":{"rendered":"<p>En el cine-teatro La Giralda, de Realic\u00f3, el Tribunal Electoral de la Provincia de La Pampa realiz\u00f3 hoy a la ma\u00f1ana el sexto acto de entrega de diplomas a las autoridades electas en los comicios del pasado 19 de mayo.<\/p>\n<p>En esta oportunidad los destinatarios fueron los intendentes, concejales, presidentes de comisiones de fomento, vocales y jueces de paz, titulares y suplentes, de once localidades del norte provincial:\u00a0<em><strong>Bernardo Larroud\u00e9, Sarah, Coronel Hilario Lagos, Parera, Qutrequ\u00e9n, Rancul, Adolfo Van Praet, Maisonnave, Falucho, Ingeniero Luiggi y Realic\u00f3.<\/strong><\/em><\/p>\n<p>El presidente del TEP, y responsable m\u00e1ximo del Superior Tribunal de Justicia, Fabricio Luis Losi, encabez\u00f3 la ceremonia, junto a los vocales del cuerpo, Mario Oscar Bongianino y Susana Ethel Fern\u00e1ndez, y el secretario Mat\u00edas Antonio Bentivegna.<\/p>\n<p><a href=\"http:\/\/oasisfm935.com\/site\/wp-content\/uploads\/2019\/11\/IMG-20191122-WA0045.jpg\"><img loading=\"lazy\" decoding=\"async\" class=\"alignnone size-full wp-image-3107\" src=\"http:\/\/oasisfm935.com\/site\/wp-content\/uploads\/2019\/11\/IMG-20191122-WA0045.jpg\" alt=\"\" width=\"1149\" height=\"768\" srcset=\"https:\/\/oasisfm935.com.ar\/site\/wp-content\/uploads\/2019\/11\/IMG-20191122-WA0045.jpg 1149w, https:\/\/oasisfm935.com.ar\/site\/wp-content\/uploads\/2019\/11\/IMG-20191122-WA0045-300x201.jpg 300w, https:\/\/oasisfm935.com.ar\/site\/wp-content\/uploads\/2019\/11\/IMG-20191122-WA0045-1024x684.jpg 1024w, https:\/\/oasisfm935.com.ar\/site\/wp-content\/uploads\/2019\/11\/IMG-20191122-WA0045-768x513.jpg 768w\" sizes=\"auto, (max-width: 1149px) 100vw, 1149px\" \/><\/a><\/p>\n<p>&nbsp;<\/p>\n<p>Entre las autoridades estuvieron presentes el viceintendente de Realic\u00f3, Pablo Ravera; los diputados provinciales Jos\u00e9 Gonz\u00e1lez, Alicia R\u00e9 y Javier Facundo Sola; los diputados provinciales electos, Eduardo Pepa y Oscar Zanoli; y el gerente de adjudicaciones del Instituto Provincial Aut\u00e1rquico de la Vivienda, Rogelio Schanton.<\/p>\n<p><a href=\"http:\/\/oasisfm935.com\/site\/wp-content\/uploads\/2019\/11\/70240010_10217996878652708_101029867163746304_n.jpg\"><img loading=\"lazy\" decoding=\"async\" class=\"alignnone size-full wp-image-3104\" src=\"http:\/\/oasisfm935.com\/site\/wp-content\/uploads\/2019\/11\/70240010_10217996878652708_101029867163746304_n.jpg\" alt=\"\" width=\"960\" height=\"540\" srcset=\"https:\/\/oasisfm935.com.ar\/site\/wp-content\/uploads\/2019\/11\/70240010_10217996878652708_101029867163746304_n.jpg 960w, https:\/\/oasisfm935.com.ar\/site\/wp-content\/uploads\/2019\/11\/70240010_10217996878652708_101029867163746304_n-300x169.jpg 300w, https:\/\/oasisfm935.com.ar\/site\/wp-content\/uploads\/2019\/11\/70240010_10217996878652708_101029867163746304_n-768x432.jpg 768w, https:\/\/oasisfm935.com.ar\/site\/wp-content\/uploads\/2019\/11\/70240010_10217996878652708_101029867163746304_n-678x381.jpg 678w\" sizes=\"auto, (max-width: 960px) 100vw, 960px\" \/><\/a><\/p>\n<p>&nbsp;<\/p>\n<p>Ingeniero Luiggi, Mar\u00eda Patricia Lav\u00edn; los concejales Juan Jos\u00e9 Gorordo, Cristina Luj\u00e1n Salvadori, Elvia Lucila Vicente, Jos\u00e9 Mateo \u00c1lvarez, Jorge Alberto Mart\u00ednez, Betina Lis Doglioli, Carmelo Ignacio Cornejo y Horacio Ruben Telleria; y los jueces de paz titular, Mar\u00eda Virginia Cisterna; suplente primera, Norma Beatriz Testa; y suplente segundo, Juli\u00e1n Maximiliano Morales.<\/p>\n<p><a href=\"http:\/\/oasisfm935.com\/site\/wp-content\/uploads\/2019\/11\/IMG-20191122-WA0047.jpg\"><img loading=\"lazy\" decoding=\"async\" class=\"alignnone size-full wp-image-3109\" src=\"http:\/\/oasisfm935.com\/site\/wp-content\/uploads\/2019\/11\/IMG-20191122-WA0047.jpg\" alt=\"\" width=\"1152\" height=\"864\" srcset=\"https:\/\/oasisfm935.com.ar\/site\/wp-content\/uploads\/2019\/11\/IMG-20191122-WA0047.jpg 1152w, https:\/\/oasisfm935.com.ar\/site\/wp-content\/uploads\/2019\/11\/IMG-20191122-WA0047-300x225.jpg 300w, https:\/\/oasisfm935.com.ar\/site\/wp-content\/uploads\/2019\/11\/IMG-20191122-WA0047-1024x768.jpg 1024w, https:\/\/oasisfm935.com.ar\/site\/wp-content\/uploads\/2019\/11\/IMG-20191122-WA0047-768x576.jpg 768w, https:\/\/oasisfm935.com.ar\/site\/wp-content\/uploads\/2019\/11\/IMG-20191122-WA0047-678x509.jpg 678w, https:\/\/oasisfm935.com.ar\/site\/wp-content\/uploads\/2019\/11\/IMG-20191122-WA0047-326x245.jpg 326w, https:\/\/oasisfm935.com.ar\/site\/wp-content\/uploads\/2019\/11\/IMG-20191122-WA0047-80x60.jpg 80w\" sizes=\"auto, (max-width: 1152px) 100vw, 1152px\" \/><\/a><\/p>\n<p><a href=\"http:\/\/oasisfm935.com\/site\/wp-content\/uploads\/2019\/11\/73225733_10217996879092719_3836102490563018752_n.jpg\"><img loading=\"lazy\" decoding=\"async\" class=\"alignnone size-full wp-image-3105\" src=\"http:\/\/oasisfm935.com\/site\/wp-content\/uploads\/2019\/11\/73225733_10217996879092719_3836102490563018752_n.jpg\" alt=\"\" width=\"960\" height=\"540\" srcset=\"https:\/\/oasisfm935.com.ar\/site\/wp-content\/uploads\/2019\/11\/73225733_10217996879092719_3836102490563018752_n.jpg 960w, https:\/\/oasisfm935.com.ar\/site\/wp-content\/uploads\/2019\/11\/73225733_10217996879092719_3836102490563018752_n-300x169.jpg 300w, https:\/\/oasisfm935.com.ar\/site\/wp-content\/uploads\/2019\/11\/73225733_10217996879092719_3836102490563018752_n-768x432.jpg 768w, https:\/\/oasisfm935.com.ar\/site\/wp-content\/uploads\/2019\/11\/73225733_10217996879092719_3836102490563018752_n-678x381.jpg 678w\" sizes=\"auto, (max-width: 960px) 100vw, 960px\" \/><\/a><\/p>\n<p>Fuente : Info Tec\u00a0 4.0 y Radio Patagonia<\/p>\n<div class=\"oasis-despues-del-contenido\" id=\"oasis-738114155\"><img loading=\"lazy\" decoding=\"async\" src=\"https:\/\/oasisfm935.com.ar\/site\/wp-content\/uploads\/2020\/08\/47806202-8741-49f2-a5c9-d2f930e5baa1.jpg\" alt=\"\"  srcset=\"https:\/\/oasisfm935.com.ar\/site\/wp-content\/uploads\/2020\/08\/47806202-8741-49f2-a5c9-d2f930e5baa1.jpg 1080w, https:\/\/oasisfm935.com.ar\/site\/wp-content\/uploads\/2020\/08\/47806202-8741-49f2-a5c9-d2f930e5baa1-300x300.jpg 300w, https:\/\/oasisfm935.com.ar\/site\/wp-content\/uploads\/2020\/08\/47806202-8741-49f2-a5c9-d2f930e5baa1-1024x1024.jpg 1024w, https:\/\/oasisfm935.com.ar\/site\/wp-content\/uploads\/2020\/08\/47806202-8741-49f2-a5c9-d2f930e5baa1-150x150.jpg 150w, https:\/\/oasisfm935.com.ar\/site\/wp-content\/uploads\/2020\/08\/47806202-8741-49f2-a5c9-d2f930e5baa1-768x768.jpg 768w\" sizes=\"(max-width: 1080px) 100vw, 1080px\" class=\"no-lazyload\" width=\"1080\" height=\"1080\"  style=\"display: inline-block;\" \/><\/div>","protected":false},"excerpt":{"rendered":"<p>En el cine-teatro La Giralda, de Realic\u00f3, el Tribunal Electoral de la Provincia de La Pampa realiz\u00f3 hoy a la ma\u00f1ana el<\/p>\n","protected":false},"author":4,"featured_media":3101,"comment_status":"closed","ping_status":"open","sticky":false,"template":"","format":"standard","meta":{"colormag_page_layout":"default_layout","footnotes":""},"categories":[2],"tags":[],"class_list":["post-3100","post","type-post","status-publish","format-standard","has-post-thumbnail","hentry","category-noticias"],"_links":{"self":[{"href":"https:\/\/oasisfm935.com.ar\/site\/wp-json\/wp\/v2\/posts\/3100","targetHints":{"allow":["GET"]}}],"collection":[{"href":"https:\/\/oasisfm935.com.ar\/site\/wp-json\/wp\/v2\/posts"}],"about":[{"href":"https:\/\/oasisfm935.com.ar\/site\/wp-json\/wp\/v2\/types\/post"}],"author":[{"embeddable":true,"href":"https:\/\/oasisfm935.com.ar\/site\/wp-json\/wp\/v2\/users\/4"}],"replies":[{"embeddable":true,"href":"https:\/\/oasisfm935.com.ar\/site\/wp-json\/wp\/v2\/comments?post=3100"}],"version-history":[{"count":5,"href":"https:\/\/oasisfm935.com.ar\/site\/wp-json\/wp\/v2\/posts\/3100\/revisions"}],"predecessor-version":[{"id":3110,"href":"https:\/\/oasisfm935.com.ar\/site\/wp-json\/wp\/v2\/posts\/3100\/revisions\/3110"}],"wp:featuredmedia":[{"embeddable":true,"href":"https:\/\/oasisfm935.com.ar\/site\/wp-json\/wp\/v2\/media\/3101"}],"wp:attachment":[{"href":"https:\/\/oasisfm935.com.ar\/site\/wp-json\/wp\/v2\/media?parent=3100"}],"wp:term":[{"taxonomy":"category","embeddable":true,"href":"https:\/\/oasisfm935.com.ar\/site\/wp-json\/wp\/v2\/categories?post=3100"},{"taxonomy":"post_tag","embeddable":true,"href":"https:\/\/oasisfm935.com.ar\/site\/wp-json\/wp\/v2\/tags?post=3100"}],"curies":[{"name":"wp","href":"https:\/\/api.w.org\/{rel}","templated":true}]}}