{"id":314,"date":"2019-01-15T10:15:59","date_gmt":"2019-01-15T13:15:59","guid":{"rendered":"http:\/\/oasisfm935.com\/site\/?p=314"},"modified":"2019-01-15T10:15:59","modified_gmt":"2019-01-15T13:15:59","slug":"el-vicegobernador-y-el-ministro-de-hacienda-reunidos-con-macri-en-el-sur","status":"publish","type":"post","link":"https:\/\/oasisfm935.com.ar\/site\/el-vicegobernador-y-el-ministro-de-hacienda-reunidos-con-macri-en-el-sur\/","title":{"rendered":"El vicegobernador y el ministro de Hacienda reunidos con Macri en el sur"},"content":{"rendered":"<p>El vicegobernador Mariano Fern\u00e1ndez y el ministro de Hacienda, Ernesto Franco, se re\u00fanen en la ciudad chubutense de Puerto Madryn con el presidente de la Naci\u00f3n, Mauricio Macri, en el marco de la Reuni\u00f3n Regional Patagonia.<\/p>\n<p>&nbsp;<\/p>\n<p>El encuentro se desarrolla en el hotel Rayentry. Entre los temas a tratar en la reuni\u00f3n est\u00e1n la obra\u00a0Portezuelo del Viento, el pago de la deuda que el Estado nacional mantiene con la Provincia y la llamada Obra de los Daneses. Todo eso figura en el petitorio que los funcionarios pampeanos le entregar\u00e1n al mandatario, inform\u00f3 Casa de Gobierno.<\/p>\n<p>Macri lleg\u00f3 ayer a Madryn y fue recibido por una manifestaci\u00f3n de vecinos en contra de sus pol\u00edticas econ\u00f3micas. Se concentraron en la plaza central y luego se dirigieron al hotel donde se desarrolla la reuni\u00f3n, inform\u00f3 eldiariodemadryn.com.<\/p>\n<p>El presidente viaj\u00f3 acompa\u00f1ado de diferentes ministros y secretarios de Estado que arribaron para secundarlo en las recorridas por el parque e\u00f3lico de la firma Genneia y para participar de las mesas de trabajo con el sector de la pesca y de turismo.<\/p>\n<p>&nbsp;<\/p>\n<div class=\"oasis-despues-del-contenido\" id=\"oasis-3609098618\"><img loading=\"lazy\" decoding=\"async\" src=\"https:\/\/oasisfm935.com.ar\/site\/wp-content\/uploads\/2020\/08\/47806202-8741-49f2-a5c9-d2f930e5baa1.jpg\" alt=\"\"  srcset=\"https:\/\/oasisfm935.com.ar\/site\/wp-content\/uploads\/2020\/08\/47806202-8741-49f2-a5c9-d2f930e5baa1.jpg 1080w, https:\/\/oasisfm935.com.ar\/site\/wp-content\/uploads\/2020\/08\/47806202-8741-49f2-a5c9-d2f930e5baa1-300x300.jpg 300w, https:\/\/oasisfm935.com.ar\/site\/wp-content\/uploads\/2020\/08\/47806202-8741-49f2-a5c9-d2f930e5baa1-1024x1024.jpg 1024w, https:\/\/oasisfm935.com.ar\/site\/wp-content\/uploads\/2020\/08\/47806202-8741-49f2-a5c9-d2f930e5baa1-150x150.jpg 150w, https:\/\/oasisfm935.com.ar\/site\/wp-content\/uploads\/2020\/08\/47806202-8741-49f2-a5c9-d2f930e5baa1-768x768.jpg 768w\" sizes=\"(max-width: 1080px) 100vw, 1080px\" class=\"no-lazyload\" width=\"1080\" height=\"1080\"  style=\"display: inline-block;\" \/><\/div>","protected":false},"excerpt":{"rendered":"<p>El vicegobernador Mariano Fern\u00e1ndez y el ministro de Hacienda, Ernesto Franco, se re\u00fanen en la ciudad chubutense de Puerto Madryn con el<\/p>\n","protected":false},"author":4,"featured_media":315,"comment_status":"closed","ping_status":"open","sticky":false,"template":"","format":"standard","meta":{"colormag_page_layout":"default_layout","footnotes":""},"categories":[2],"tags":[],"class_list":["post-314","post","type-post","status-publish","format-standard","has-post-thumbnail","hentry","category-noticias"],"_links":{"self":[{"href":"https:\/\/oasisfm935.com.ar\/site\/wp-json\/wp\/v2\/posts\/314","targetHints":{"allow":["GET"]}}],"collection":[{"href":"https:\/\/oasisfm935.com.ar\/site\/wp-json\/wp\/v2\/posts"}],"about":[{"href":"https:\/\/oasisfm935.com.ar\/site\/wp-json\/wp\/v2\/types\/post"}],"author":[{"embeddable":true,"href":"https:\/\/oasisfm935.com.ar\/site\/wp-json\/wp\/v2\/users\/4"}],"replies":[{"embeddable":true,"href":"https:\/\/oasisfm935.com.ar\/site\/wp-json\/wp\/v2\/comments?post=314"}],"version-history":[{"count":1,"href":"https:\/\/oasisfm935.com.ar\/site\/wp-json\/wp\/v2\/posts\/314\/revisions"}],"predecessor-version":[{"id":316,"href":"https:\/\/oasisfm935.com.ar\/site\/wp-json\/wp\/v2\/posts\/314\/revisions\/316"}],"wp:featuredmedia":[{"embeddable":true,"href":"https:\/\/oasisfm935.com.ar\/site\/wp-json\/wp\/v2\/media\/315"}],"wp:attachment":[{"href":"https:\/\/oasisfm935.com.ar\/site\/wp-json\/wp\/v2\/media?parent=314"}],"wp:term":[{"taxonomy":"category","embeddable":true,"href":"https:\/\/oasisfm935.com.ar\/site\/wp-json\/wp\/v2\/categories?post=314"},{"taxonomy":"post_tag","embeddable":true,"href":"https:\/\/oasisfm935.com.ar\/site\/wp-json\/wp\/v2\/tags?post=314"}],"curies":[{"name":"wp","href":"https:\/\/api.w.org\/{rel}","templated":true}]}}