{"id":317,"date":"2019-01-15T11:26:39","date_gmt":"2019-01-15T14:26:39","guid":{"rendered":"http:\/\/oasisfm935.com\/site\/?p=317"},"modified":"2019-01-15T11:27:06","modified_gmt":"2019-01-15T14:27:06","slug":"daniel-gil-realizara-la-presentacion-oficial-de-su-lista-con-mac-allister","status":"publish","type":"post","link":"https:\/\/oasisfm935.com.ar\/site\/daniel-gil-realizara-la-presentacion-oficial-de-su-lista-con-mac-allister\/","title":{"rendered":"Daniel Gil realizar\u00e1 la presentaci\u00f3n oficial de su lista con Mac Allister"},"content":{"rendered":"<div class=\"itemImageBlock\">\n<p><span class=\"itemImageCaption\">Precandidatos del PRO luiggense: Daniel Gil, Jorge Mart\u00ednez y Bruno Cisterna<\/span><span class=\"itemImageCredits\">Zonal Noticias &#8211; Ingeniero Luiggi<\/span><\/p>\n<div class=\"clr\"><\/div>\n<\/div>\n<div class=\"itemIntroText\">\n<p>El equipo del precandidato del Frente Cambiemos de Ingeniero Luiggi (de la l\u00ednea del PRO) presenta su lista este domingo con la presencia del precandidato a gobernador.<\/p>\n<\/div>\n<div class=\"itemFullText\">\n<p>Ayer Zonal Noticias dialog\u00f3 con el precandidato a intendente por Ingeniero Luiggi Daniel Gil y confirm\u00f3 que\u00a0<strong>este domingo 20 de enero a las 17:30 horas se realizar\u00e1 la presentaci\u00f3n oficial de su lista.<\/strong><\/p>\n<blockquote><p><strong>Daniel Gil confirm\u00f3 que estar\u00e1n presentes todos los candidatos locales, m\u00e1s la presencia de varios candidatos a diputados provinciales y la presencia del candidato a gobernador Javier \u201cColo\u201d Mac Allister.<\/strong><\/p>\n<p><a href=\"http:\/\/oasisfm935.com\/site\/wp-content\/uploads\/2019\/01\/49348763_312605052694294_7004983271981318144_n.jpg\"><img loading=\"lazy\" decoding=\"async\" class=\"alignnone size-medium wp-image-319\" src=\"http:\/\/oasisfm935.com\/site\/wp-content\/uploads\/2019\/01\/49348763_312605052694294_7004983271981318144_n-300x169.jpg\" alt=\"\" width=\"300\" height=\"169\" srcset=\"https:\/\/oasisfm935.com.ar\/site\/wp-content\/uploads\/2019\/01\/49348763_312605052694294_7004983271981318144_n-300x169.jpg 300w, https:\/\/oasisfm935.com.ar\/site\/wp-content\/uploads\/2019\/01\/49348763_312605052694294_7004983271981318144_n-678x381.jpg 678w, https:\/\/oasisfm935.com.ar\/site\/wp-content\/uploads\/2019\/01\/49348763_312605052694294_7004983271981318144_n.jpg 740w\" sizes=\"auto, (max-width: 300px) 100vw, 300px\" \/><\/a><\/p><\/blockquote>\n<p>\u201cMe acompa\u00f1an en la cabeza de la lista: Jorge Mart\u00ednez candidato a primer concejal y Bruno Cisterna candidato a Juez de Paz\u201d tir\u00f3 Gil.<\/p>\n<blockquote><p>\u00a0\u201cAprovecho la oportunidad para invitar a los simpatizantes, independientes y afiliados a participar del lanzamiento oficial de nuestra lista y a escuchar a nuestros candidatos provinciales en V\u00eda Rest\u00f3, en la Terminal. \u201cSin dudas, vamos a presentar la lista del verdadero cambio, la lista que va a cambiar la historia de Luiggi\u201d manifest\u00f3 el candidato local del PRO.<\/p><\/blockquote>\n<p>Sobre la pol\u00e9mica de los colores partidarios utilizados en carteles y pintadas que surgi\u00f3 ayer, no realiz\u00f3 declaraciones.<\/p>\n<p>Seg\u00fan lo dicho por Daniel Gil, posteriormente, los candidatos del PRO que integran el Frente Cambiemos estar\u00e1n recorriendo la Fiesta Nacional del Caballo y la Tradici\u00f3n que se realiza este mismo fin de semana para charlar con la gente.<\/p>\n<blockquote><p>\u201cLos espero a todos. Juntos podemos m\u00e1s\u201d cerr\u00f3 diciendo el candidato local del PRO.<\/p><\/blockquote>\n<p>Recordemos que\u00a0<strong>la lista local del PRO que encabeza Daniel Gil, Jorge Mart\u00ednez y Bruno Cisterna se completa con los concejales titulares Patricia Sierra, Carlos Fenoglio, Paola Alonso, Leandro Franchetto, Daniel Aliberti, Mariela Tisera y\u00a0Luis Allemandi.<\/strong><\/p>\n<p>La lista de precandidatos a concejales suplentes la integra Walter Ledesma, Maira Sosa, Edgardo Ingaramo, y Ana Fern\u00e1ndez.<\/p>\n<p>Acompa\u00f1an en como suplentes a Juez de paz Marcela Cantelmi y Federico Justiniano.<\/p>\n<\/div>\n<p>&nbsp;<\/p>\n<p>fuente : Zonal Noticias<\/p>\n<div class=\"oasis-despues-del-contenido\" id=\"oasis-1299764761\"><img loading=\"lazy\" decoding=\"async\" src=\"https:\/\/oasisfm935.com.ar\/site\/wp-content\/uploads\/2020\/08\/47806202-8741-49f2-a5c9-d2f930e5baa1.jpg\" alt=\"\"  srcset=\"https:\/\/oasisfm935.com.ar\/site\/wp-content\/uploads\/2020\/08\/47806202-8741-49f2-a5c9-d2f930e5baa1.jpg 1080w, https:\/\/oasisfm935.com.ar\/site\/wp-content\/uploads\/2020\/08\/47806202-8741-49f2-a5c9-d2f930e5baa1-300x300.jpg 300w, https:\/\/oasisfm935.com.ar\/site\/wp-content\/uploads\/2020\/08\/47806202-8741-49f2-a5c9-d2f930e5baa1-1024x1024.jpg 1024w, https:\/\/oasisfm935.com.ar\/site\/wp-content\/uploads\/2020\/08\/47806202-8741-49f2-a5c9-d2f930e5baa1-150x150.jpg 150w, https:\/\/oasisfm935.com.ar\/site\/wp-content\/uploads\/2020\/08\/47806202-8741-49f2-a5c9-d2f930e5baa1-768x768.jpg 768w\" sizes=\"(max-width: 1080px) 100vw, 1080px\" class=\"no-lazyload\" width=\"1080\" height=\"1080\"  style=\"display: inline-block;\" \/><\/div>","protected":false},"excerpt":{"rendered":"<p>Precandidatos del PRO luiggense: Daniel Gil, Jorge Mart\u00ednez y Bruno CisternaZonal Noticias &#8211; Ingeniero Luiggi El equipo del precandidato del Frente Cambiemos<\/p>\n","protected":false},"author":4,"featured_media":318,"comment_status":"closed","ping_status":"open","sticky":false,"template":"","format":"standard","meta":{"colormag_page_layout":"default_layout","footnotes":""},"categories":[2],"tags":[],"class_list":["post-317","post","type-post","status-publish","format-standard","has-post-thumbnail","hentry","category-noticias"],"_links":{"self":[{"href":"https:\/\/oasisfm935.com.ar\/site\/wp-json\/wp\/v2\/posts\/317","targetHints":{"allow":["GET"]}}],"collection":[{"href":"https:\/\/oasisfm935.com.ar\/site\/wp-json\/wp\/v2\/posts"}],"about":[{"href":"https:\/\/oasisfm935.com.ar\/site\/wp-json\/wp\/v2\/types\/post"}],"author":[{"embeddable":true,"href":"https:\/\/oasisfm935.com.ar\/site\/wp-json\/wp\/v2\/users\/4"}],"replies":[{"embeddable":true,"href":"https:\/\/oasisfm935.com.ar\/site\/wp-json\/wp\/v2\/comments?post=317"}],"version-history":[{"count":2,"href":"https:\/\/oasisfm935.com.ar\/site\/wp-json\/wp\/v2\/posts\/317\/revisions"}],"predecessor-version":[{"id":321,"href":"https:\/\/oasisfm935.com.ar\/site\/wp-json\/wp\/v2\/posts\/317\/revisions\/321"}],"wp:featuredmedia":[{"embeddable":true,"href":"https:\/\/oasisfm935.com.ar\/site\/wp-json\/wp\/v2\/media\/318"}],"wp:attachment":[{"href":"https:\/\/oasisfm935.com.ar\/site\/wp-json\/wp\/v2\/media?parent=317"}],"wp:term":[{"taxonomy":"category","embeddable":true,"href":"https:\/\/oasisfm935.com.ar\/site\/wp-json\/wp\/v2\/categories?post=317"},{"taxonomy":"post_tag","embeddable":true,"href":"https:\/\/oasisfm935.com.ar\/site\/wp-json\/wp\/v2\/tags?post=317"}],"curies":[{"name":"wp","href":"https:\/\/api.w.org\/{rel}","templated":true}]}}