{"id":3190,"date":"2019-12-02T11:27:32","date_gmt":"2019-12-02T14:27:32","guid":{"rendered":"http:\/\/oasisfm935.com\/site\/?p=3190"},"modified":"2019-12-02T11:27:32","modified_gmt":"2019-12-02T14:27:32","slug":"herido-de-arma-blanca-en-la-maruja","status":"publish","type":"post","link":"https:\/\/oasisfm935.com.ar\/site\/herido-de-arma-blanca-en-la-maruja\/","title":{"rendered":"Herido de arma blanca en La Maruja"},"content":{"rendered":"<p>Una discusi\u00f3n entre amigos termin\u00f3 con un herido de arma blanca en La Maruja.<\/p>\n<p>Fuentes consultadas informaron que el hecho se registr\u00f3 en el marco de una reuni\u00f3n de amigos en una zona a las afueras de la localidad.<\/p>\n<p><strong>Una discusi\u00f3n habr\u00eda ido subiendo de tono y uno de los presentes sac\u00f3 un arma blanca, propin\u00e1ndole un corte en el sector de la espalda a la altura de los ri\u00f1one<\/strong>s<strong>\u00a0a la v\u00edctima.<\/strong><\/p>\n<p>Tras la intervenci\u00f3n policial, se brind\u00f3 los primeros auxilios al herido, que debido a la gravedad de la lesi\u00f3n, fue derivado de urgencia al hospital Gobernador Centeno de General Pico.<\/p>\n<p>El agresor fue detenido por el personal policial como tambi\u00e9n el arma blanca con el cual realiz\u00f3 la lesi\u00f3n.<\/p>\n<p>En tanto la v\u00edctima es \u00a0un joven de 29 a\u00f1os, quien ingres\u00f3 al sector de urgencias del hospital Gobernador Centeno de General Pico, donde fue asistido y se encontrar\u00eda estable.<\/p>\n<p>https:\/\/www.zonalnoticias.com\/<\/p>\n<div class=\"oasis-despues-del-contenido\" id=\"oasis-2631357005\"><img loading=\"lazy\" decoding=\"async\" src=\"https:\/\/oasisfm935.com.ar\/site\/wp-content\/uploads\/2020\/08\/47806202-8741-49f2-a5c9-d2f930e5baa1.jpg\" alt=\"\"  srcset=\"https:\/\/oasisfm935.com.ar\/site\/wp-content\/uploads\/2020\/08\/47806202-8741-49f2-a5c9-d2f930e5baa1.jpg 1080w, https:\/\/oasisfm935.com.ar\/site\/wp-content\/uploads\/2020\/08\/47806202-8741-49f2-a5c9-d2f930e5baa1-300x300.jpg 300w, https:\/\/oasisfm935.com.ar\/site\/wp-content\/uploads\/2020\/08\/47806202-8741-49f2-a5c9-d2f930e5baa1-1024x1024.jpg 1024w, https:\/\/oasisfm935.com.ar\/site\/wp-content\/uploads\/2020\/08\/47806202-8741-49f2-a5c9-d2f930e5baa1-150x150.jpg 150w, https:\/\/oasisfm935.com.ar\/site\/wp-content\/uploads\/2020\/08\/47806202-8741-49f2-a5c9-d2f930e5baa1-768x768.jpg 768w\" sizes=\"(max-width: 1080px) 100vw, 1080px\" class=\"no-lazyload\" width=\"1080\" height=\"1080\"  style=\"display: inline-block;\" \/><\/div>","protected":false},"excerpt":{"rendered":"<p>Una discusi\u00f3n entre amigos termin\u00f3 con un herido de arma blanca en La Maruja. Fuentes consultadas informaron que el hecho se registr\u00f3<\/p>\n","protected":false},"author":4,"featured_media":3191,"comment_status":"closed","ping_status":"open","sticky":false,"template":"","format":"standard","meta":{"colormag_page_layout":"default_layout","footnotes":""},"categories":[2],"tags":[],"class_list":["post-3190","post","type-post","status-publish","format-standard","has-post-thumbnail","hentry","category-noticias"],"_links":{"self":[{"href":"https:\/\/oasisfm935.com.ar\/site\/wp-json\/wp\/v2\/posts\/3190","targetHints":{"allow":["GET"]}}],"collection":[{"href":"https:\/\/oasisfm935.com.ar\/site\/wp-json\/wp\/v2\/posts"}],"about":[{"href":"https:\/\/oasisfm935.com.ar\/site\/wp-json\/wp\/v2\/types\/post"}],"author":[{"embeddable":true,"href":"https:\/\/oasisfm935.com.ar\/site\/wp-json\/wp\/v2\/users\/4"}],"replies":[{"embeddable":true,"href":"https:\/\/oasisfm935.com.ar\/site\/wp-json\/wp\/v2\/comments?post=3190"}],"version-history":[{"count":1,"href":"https:\/\/oasisfm935.com.ar\/site\/wp-json\/wp\/v2\/posts\/3190\/revisions"}],"predecessor-version":[{"id":3192,"href":"https:\/\/oasisfm935.com.ar\/site\/wp-json\/wp\/v2\/posts\/3190\/revisions\/3192"}],"wp:featuredmedia":[{"embeddable":true,"href":"https:\/\/oasisfm935.com.ar\/site\/wp-json\/wp\/v2\/media\/3191"}],"wp:attachment":[{"href":"https:\/\/oasisfm935.com.ar\/site\/wp-json\/wp\/v2\/media?parent=3190"}],"wp:term":[{"taxonomy":"category","embeddable":true,"href":"https:\/\/oasisfm935.com.ar\/site\/wp-json\/wp\/v2\/categories?post=3190"},{"taxonomy":"post_tag","embeddable":true,"href":"https:\/\/oasisfm935.com.ar\/site\/wp-json\/wp\/v2\/tags?post=3190"}],"curies":[{"name":"wp","href":"https:\/\/api.w.org\/{rel}","templated":true}]}}