{"id":3202,"date":"2019-12-04T11:45:18","date_gmt":"2019-12-04T14:45:18","guid":{"rendered":"http:\/\/oasisfm935.com\/site\/?p=3202"},"modified":"2019-12-04T12:22:44","modified_gmt":"2019-12-04T15:22:44","slug":"realizaron-actividades-en-el-dia-de-las-personas-con-discapacidad-en-ing-luiggi","status":"publish","type":"post","link":"https:\/\/oasisfm935.com.ar\/site\/realizaron-actividades-en-el-dia-de-las-personas-con-discapacidad-en-ing-luiggi\/","title":{"rendered":"Realizaron actividades en el D\u00eda de las Personas con Discapacidad en Ing. Luiggi"},"content":{"rendered":"<p>En la plaza central realizaron el programa de radio abierta, Ra\u00edces Pampeanas donde estuvieron Los Pampitas. Dicha propuesta fue llevada a cabo por \u00a0el Servicio Educativo de Apoyo a la Inclusi\u00f3n.<\/p>\n<p>En el d\u00eda de ayer, 3 de Diciembre, el Servicio Educativo de Apoyo a la Inclusi\u00f3n llev\u00f3 a cabo actividades en la plaza Manuel Belgrano conmemorando el d\u00eda Internacional de las Personas con Discapacidad.<\/p>\n<p>Al respecto la docente Joana Barbera dijo a Zonal Noticias que \u201cse invit\u00f3 a la comunidad a compartir el programa de radio abierta, \u201c<strong>Ra\u00edces Pampeanas<\/strong>\u201d que tiene como fin dar a conocer la cultura y los artistas de nuestro pueblo. En esta ocasi\u00f3n tuvimos como invitados especiales al grupo musical\u00a0<strong>\u00abLos Pampitas\u00bb<\/strong>\u00a0a quienes realizamos una entrevista y cantaron en vivo\u201d.<\/p>\n<p><a href=\"http:\/\/oasisfm935.com\/site\/wp-content\/uploads\/2019\/12\/75247302_3069723846586638_7969271238876987392_o.jpg\"><img loading=\"lazy\" decoding=\"async\" class=\"alignnone size-full wp-image-3207\" src=\"http:\/\/oasisfm935.com\/site\/wp-content\/uploads\/2019\/12\/75247302_3069723846586638_7969271238876987392_o.jpg\" alt=\"\" width=\"2048\" height=\"1365\" srcset=\"https:\/\/oasisfm935.com.ar\/site\/wp-content\/uploads\/2019\/12\/75247302_3069723846586638_7969271238876987392_o.jpg 2048w, https:\/\/oasisfm935.com.ar\/site\/wp-content\/uploads\/2019\/12\/75247302_3069723846586638_7969271238876987392_o-300x200.jpg 300w, https:\/\/oasisfm935.com.ar\/site\/wp-content\/uploads\/2019\/12\/75247302_3069723846586638_7969271238876987392_o-1024x683.jpg 1024w, https:\/\/oasisfm935.com.ar\/site\/wp-content\/uploads\/2019\/12\/75247302_3069723846586638_7969271238876987392_o-768x512.jpg 768w, https:\/\/oasisfm935.com.ar\/site\/wp-content\/uploads\/2019\/12\/75247302_3069723846586638_7969271238876987392_o-1536x1024.jpg 1536w\" sizes=\"auto, (max-width: 2048px) 100vw, 2048px\" \/><\/a><\/p>\n<p>\u201cPara los m\u00e1s peque\u00f1os, en un espacio de la plaza, se arm\u00f3 un espacio de juego con diversos elementos y en otro lugar, se invit\u00f3 a participar de un trabajo de arte colectivo donde se pint\u00f3 una bandera\u201d explic\u00f3 la docente.<\/p>\n<p>\u201cAdem\u00e1s, se eligi\u00f3 este d\u00eda, porque en todo el mundo se llevan a cabo acciones de concienciaci\u00f3n con el objeto de ayudar a entender cuestiones relacionadas con la discapacidad, los derechos de las personas con discapacidad, y los beneficios que se derivar\u00edan de la Inclusi\u00f3n en todos y cada uno de los aspectos de la vida social, econ\u00f3mica, pol\u00edtica y cultural de sus comunidades\u201d detall\u00f3 Barbera.<\/p>\n<p><a href=\"http:\/\/oasisfm935.com\/site\/wp-content\/uploads\/2019\/12\/77428464_3069723466586676_4986737552149970944_o.jpg\"><img loading=\"lazy\" decoding=\"async\" class=\"alignnone size-full wp-image-3208\" src=\"http:\/\/oasisfm935.com\/site\/wp-content\/uploads\/2019\/12\/77428464_3069723466586676_4986737552149970944_o.jpg\" alt=\"\" width=\"2048\" height=\"1365\" srcset=\"https:\/\/oasisfm935.com.ar\/site\/wp-content\/uploads\/2019\/12\/77428464_3069723466586676_4986737552149970944_o.jpg 2048w, https:\/\/oasisfm935.com.ar\/site\/wp-content\/uploads\/2019\/12\/77428464_3069723466586676_4986737552149970944_o-300x200.jpg 300w, https:\/\/oasisfm935.com.ar\/site\/wp-content\/uploads\/2019\/12\/77428464_3069723466586676_4986737552149970944_o-1024x683.jpg 1024w, https:\/\/oasisfm935.com.ar\/site\/wp-content\/uploads\/2019\/12\/77428464_3069723466586676_4986737552149970944_o-768x512.jpg 768w, https:\/\/oasisfm935.com.ar\/site\/wp-content\/uploads\/2019\/12\/77428464_3069723466586676_4986737552149970944_o-1536x1024.jpg 1536w\" sizes=\"auto, (max-width: 2048px) 100vw, 2048px\" \/><\/a> <a href=\"http:\/\/oasisfm935.com\/site\/wp-content\/uploads\/2019\/12\/78109108_3069725553253134_1333638863540715520_o.jpg\"><img loading=\"lazy\" decoding=\"async\" class=\"alignnone size-full wp-image-3209\" src=\"http:\/\/oasisfm935.com\/site\/wp-content\/uploads\/2019\/12\/78109108_3069725553253134_1333638863540715520_o.jpg\" alt=\"\" width=\"2048\" height=\"1365\" srcset=\"https:\/\/oasisfm935.com.ar\/site\/wp-content\/uploads\/2019\/12\/78109108_3069725553253134_1333638863540715520_o.jpg 2048w, https:\/\/oasisfm935.com.ar\/site\/wp-content\/uploads\/2019\/12\/78109108_3069725553253134_1333638863540715520_o-300x200.jpg 300w, https:\/\/oasisfm935.com.ar\/site\/wp-content\/uploads\/2019\/12\/78109108_3069725553253134_1333638863540715520_o-1024x683.jpg 1024w, https:\/\/oasisfm935.com.ar\/site\/wp-content\/uploads\/2019\/12\/78109108_3069725553253134_1333638863540715520_o-768x512.jpg 768w, https:\/\/oasisfm935.com.ar\/site\/wp-content\/uploads\/2019\/12\/78109108_3069725553253134_1333638863540715520_o-1536x1024.jpg 1536w\" sizes=\"auto, (max-width: 2048px) 100vw, 2048px\" \/><\/a><\/p>\n<p>\u201cTodo el equipo de trabajo\u00a0 estamos muy contentos por la repercusi\u00f3n del evento ya que concurri\u00f3 mucha gente y particip\u00f3 de todas las propuestas ofrecidas. Tambi\u00e9n aprovechamos a agradecer a toda la comunidad de Ingeniero Luiggi por acompa\u00f1arnos en este d\u00eda\u201d concluy\u00f3 una de las referentes del Servicio Educativo de Apoyo a la Inclusi\u00f3n.<\/p>\n<p><a href=\"http:\/\/oasisfm935.com\/site\/wp-content\/uploads\/2019\/12\/78427715_3069724943253195_4356080407129620480_o.jpg\"><img loading=\"lazy\" decoding=\"async\" class=\"alignnone size-full wp-image-3210\" src=\"http:\/\/oasisfm935.com\/site\/wp-content\/uploads\/2019\/12\/78427715_3069724943253195_4356080407129620480_o.jpg\" alt=\"\" width=\"2048\" height=\"1365\" srcset=\"https:\/\/oasisfm935.com.ar\/site\/wp-content\/uploads\/2019\/12\/78427715_3069724943253195_4356080407129620480_o.jpg 2048w, https:\/\/oasisfm935.com.ar\/site\/wp-content\/uploads\/2019\/12\/78427715_3069724943253195_4356080407129620480_o-300x200.jpg 300w, https:\/\/oasisfm935.com.ar\/site\/wp-content\/uploads\/2019\/12\/78427715_3069724943253195_4356080407129620480_o-1024x683.jpg 1024w, https:\/\/oasisfm935.com.ar\/site\/wp-content\/uploads\/2019\/12\/78427715_3069724943253195_4356080407129620480_o-768x512.jpg 768w, https:\/\/oasisfm935.com.ar\/site\/wp-content\/uploads\/2019\/12\/78427715_3069724943253195_4356080407129620480_o-1536x1024.jpg 1536w\" sizes=\"auto, (max-width: 2048px) 100vw, 2048px\" \/><\/a> <a href=\"http:\/\/oasisfm935.com\/site\/wp-content\/uploads\/2019\/12\/78553777_3069723283253361_7207811629361135616_o.jpg\"><img loading=\"lazy\" decoding=\"async\" class=\"alignnone size-full wp-image-3211\" src=\"http:\/\/oasisfm935.com\/site\/wp-content\/uploads\/2019\/12\/78553777_3069723283253361_7207811629361135616_o.jpg\" alt=\"\" width=\"2048\" height=\"1365\" srcset=\"https:\/\/oasisfm935.com.ar\/site\/wp-content\/uploads\/2019\/12\/78553777_3069723283253361_7207811629361135616_o.jpg 2048w, https:\/\/oasisfm935.com.ar\/site\/wp-content\/uploads\/2019\/12\/78553777_3069723283253361_7207811629361135616_o-300x200.jpg 300w, https:\/\/oasisfm935.com.ar\/site\/wp-content\/uploads\/2019\/12\/78553777_3069723283253361_7207811629361135616_o-1024x683.jpg 1024w, https:\/\/oasisfm935.com.ar\/site\/wp-content\/uploads\/2019\/12\/78553777_3069723283253361_7207811629361135616_o-768x512.jpg 768w, https:\/\/oasisfm935.com.ar\/site\/wp-content\/uploads\/2019\/12\/78553777_3069723283253361_7207811629361135616_o-1536x1024.jpg 1536w\" sizes=\"auto, (max-width: 2048px) 100vw, 2048px\" \/><\/a><\/p>\n<p>https:\/\/www.zonalnoticias.com\/<\/p>\n<p>&nbsp;<\/p>\n<div class=\"oasis-despues-del-contenido\" id=\"oasis-3134371270\"><img loading=\"lazy\" decoding=\"async\" src=\"https:\/\/oasisfm935.com.ar\/site\/wp-content\/uploads\/2020\/08\/47806202-8741-49f2-a5c9-d2f930e5baa1.jpg\" alt=\"\"  srcset=\"https:\/\/oasisfm935.com.ar\/site\/wp-content\/uploads\/2020\/08\/47806202-8741-49f2-a5c9-d2f930e5baa1.jpg 1080w, https:\/\/oasisfm935.com.ar\/site\/wp-content\/uploads\/2020\/08\/47806202-8741-49f2-a5c9-d2f930e5baa1-300x300.jpg 300w, https:\/\/oasisfm935.com.ar\/site\/wp-content\/uploads\/2020\/08\/47806202-8741-49f2-a5c9-d2f930e5baa1-1024x1024.jpg 1024w, https:\/\/oasisfm935.com.ar\/site\/wp-content\/uploads\/2020\/08\/47806202-8741-49f2-a5c9-d2f930e5baa1-150x150.jpg 150w, https:\/\/oasisfm935.com.ar\/site\/wp-content\/uploads\/2020\/08\/47806202-8741-49f2-a5c9-d2f930e5baa1-768x768.jpg 768w\" sizes=\"(max-width: 1080px) 100vw, 1080px\" class=\"no-lazyload\" width=\"1080\" height=\"1080\"  style=\"display: inline-block;\" \/><\/div>","protected":false},"excerpt":{"rendered":"<p>En la plaza central realizaron el programa de radio abierta, Ra\u00edces Pampeanas donde estuvieron Los Pampitas. Dicha propuesta fue llevada a cabo<\/p>\n","protected":false},"author":4,"featured_media":3203,"comment_status":"closed","ping_status":"open","sticky":false,"template":"","format":"standard","meta":{"colormag_page_layout":"default_layout","footnotes":""},"categories":[2],"tags":[],"class_list":["post-3202","post","type-post","status-publish","format-standard","has-post-thumbnail","hentry","category-noticias"],"_links":{"self":[{"href":"https:\/\/oasisfm935.com.ar\/site\/wp-json\/wp\/v2\/posts\/3202","targetHints":{"allow":["GET"]}}],"collection":[{"href":"https:\/\/oasisfm935.com.ar\/site\/wp-json\/wp\/v2\/posts"}],"about":[{"href":"https:\/\/oasisfm935.com.ar\/site\/wp-json\/wp\/v2\/types\/post"}],"author":[{"embeddable":true,"href":"https:\/\/oasisfm935.com.ar\/site\/wp-json\/wp\/v2\/users\/4"}],"replies":[{"embeddable":true,"href":"https:\/\/oasisfm935.com.ar\/site\/wp-json\/wp\/v2\/comments?post=3202"}],"version-history":[{"count":4,"href":"https:\/\/oasisfm935.com.ar\/site\/wp-json\/wp\/v2\/posts\/3202\/revisions"}],"predecessor-version":[{"id":3212,"href":"https:\/\/oasisfm935.com.ar\/site\/wp-json\/wp\/v2\/posts\/3202\/revisions\/3212"}],"wp:featuredmedia":[{"embeddable":true,"href":"https:\/\/oasisfm935.com.ar\/site\/wp-json\/wp\/v2\/media\/3203"}],"wp:attachment":[{"href":"https:\/\/oasisfm935.com.ar\/site\/wp-json\/wp\/v2\/media?parent=3202"}],"wp:term":[{"taxonomy":"category","embeddable":true,"href":"https:\/\/oasisfm935.com.ar\/site\/wp-json\/wp\/v2\/categories?post=3202"},{"taxonomy":"post_tag","embeddable":true,"href":"https:\/\/oasisfm935.com.ar\/site\/wp-json\/wp\/v2\/tags?post=3202"}],"curies":[{"name":"wp","href":"https:\/\/api.w.org\/{rel}","templated":true}]}}